{"id":6948,"date":"2019-06-18T16:51:55","date_gmt":"2019-06-18T19:51:55","guid":{"rendered":"https:\/\/hostnetart.com.br\/baixada\/copa-do-mundo-de-futebol-feminino-expoe-desigualdade-de-genero\/"},"modified":"2019-06-18T16:51:55","modified_gmt":"2019-06-18T19:51:55","slug":"copa-do-mundo-de-futebol-feminino-expoe-desigualdade-de-genero","status":"publish","type":"post","link":"https:\/\/hostnetart.com.br\/baixada\/copa-do-mundo-de-futebol-feminino-expoe-desigualdade-de-genero\/","title":{"rendered":"Copa do Mundo de futebol feminino exp\u00f5e desigualdade de g\u00eanero"},"content":{"rendered":"<p>A sele\u00e7\u00e3o brasileira feminina de futebol entra em campo, nesta ter\u00e7a-feira (18), para definir sua classifica\u00e7\u00e3o para a segunda fase da Copa do Mundo. O evento \u00e9 o momento de maior aten\u00e7\u00e3o do mundial feminino. No jogo de estreia, por exemplo, mais de 30 milh\u00f5es de brasileiros acompanharam a partida da sele\u00e7\u00e3o.<\/p>\n<p>Por\u00e9m, isso ainda \u00e9 pouco. Se a partida de hoje fosse da sele\u00e7\u00e3o masculina, o Brasil iria parar, com folgas ou intervalos para assistir ao jogo em todas as empresas. Mas, n\u00e3o para por a\u00ed. O que \u00e9 mais assustador \u00e9 a\u00a0<a href=\"https:\/\/oglobo.globo.com\/celina\/por-que-marta-nao-tem-patrocinio-ganha-menos-de-1-do-salario-de-neymar-23746450\">discrep\u00e2ncia salarial entre o futebol feminino e o futebol masculino<\/a>.<\/p>\n<p>Ao comemorar o gol na partida do Brasil contra a Austr\u00e1lia, na quinta-feira passada (13), Marta apontou\u00a0<a href=\"https:\/\/esporte.uol.com.br\/futebol\/ultimas-noticias\/2019\/06\/14\/por-opcao-marta-joga-sem-patrocinio-esportivo-e-carrega-recado-em-chuteira.htm\">para a chuteira que estava usando. Preto, sem a estampa de uma marca esportiva<\/a>, o cal\u00e7ado trazia duas faixas azul e rosa,\u00a0<a href=\"https:\/\/conexaoplaneta.com.br\/blog\/marta-adota-simbolo-da-campanha-go-equal-em-suas-chuteiras-por-igualdade-de-genero-no-esporte\/\">s\u00edmbolo da a\u00e7\u00e3o Go Equal, que busca promover a equidade salarial, promovida pela ONU Mulheres<\/a>.<\/p>\n<figure class=\"wp-block-image\"><img decoding=\"async\" class=\"wp-image-271660 lazyloaded\" src=\"https:\/\/contrafcut.com.br\/wp-content\/uploads\/2019\/06\/marta-comemora-gol.jpg?x25509\" sizes=\"(max-width: 900px) 100vw, 900px\" srcset=\"https:\/\/contrafcut.com.br\/wp-content\/uploads\/2019\/06\/marta-comemora-gol.jpg 900w, https:\/\/contrafcut.com.br\/wp-content\/uploads\/2019\/06\/marta-comemora-gol-410x230.jpg 410w, https:\/\/contrafcut.com.br\/wp-content\/uploads\/2019\/06\/marta-comemora-gol-768x432.jpg 768w\" alt=\"\" data-lazy-srcset=\"https:\/\/contrafcut.com.br\/wp-content\/uploads\/2019\/06\/marta-comemora-gol.jpg 900w, https:\/\/contrafcut.com.br\/wp-content\/uploads\/2019\/06\/marta-comemora-gol-410x230.jpg 410w, https:\/\/contrafcut.com.br\/wp-content\/uploads\/2019\/06\/marta-comemora-gol-768x432.jpg 768w\" data-lazy-sizes=\"(max-width: 900px) 100vw, 900px\" data-lazy-src=\"https:\/\/contrafcut.com.br\/wp-content\/uploads\/2019\/06\/marta-comemora-gol.jpg?x25509\" data-was-processed=\"true\" \/><\/figure>\n<p>Camisa 10 da sele\u00e7\u00e3o brasileira, Marta, que tamb\u00e9m \u00e9 embaixadora global da ONU Mulheres, foi escolhida para ser uma das\u00a0<a href=\"https:\/\/www.instagram.com\/goequal\/\">embaixadoras do novo projeto<\/a>, que teria sido criado porque o patroc\u00ednio oferecido \u00e0s jogadoras femininas \u00e9 inferior ao que as marcas pagam para o time masculino. A camisa 10 n\u00e3o tem patroc\u00ednio de marcas como Nike, Adidas, Puma e as demais fornecedoras porque n\u00e3o houve uma proposta que fosse considerada \u00e0 altura do que Marta representa para o futebol mundial. Os valores das ofertas recebidas s\u00e3o 60 vezes menores do que se paga para um craque do futebol masculino. \u00c9 importante lembrar que Marta foi eleita seis vezes a melhor jogadora do mundo. Outro detalhe importante \u00e9 que\u00a0<a href=\"https:\/\/www.meioemensagem.com.br\/home\/comunicacao\/2019\/06\/13\/com-chuteiras-simbolicas-marta-alerta-para-igualdade-salarial.html\">com o gol, ela se tornou a maior artilheira em Copas do Mundo<\/a>, ao lado de jogador alem\u00e3o Klose, ambos com 16 gols.<\/p>\n<h3>Desigualdade de oportunidades<\/h3>\n<p>A desigualdade de g\u00eanero tamb\u00e9m \u00e9 vista pela diferen\u00e7a de oportunidades. Mesmo com a exig\u00eancia da Fifa de ter, ao menos, uma mulher na comiss\u00e3o t\u00e9cnica e uma mulher na equipe m\u00e9dica de cada sele\u00e7\u00e3o, apenas nove treinadoras disputam o campeonato contra 15 homens. Elas est\u00e3o no comando de 5 das primeiras 8 sele\u00e7\u00f5es do ranking mundial.<\/p>\n<p>\u00a0<\/p>\n<p><strong>Fonte: Contraf-CUT<\/strong><\/p>\n","protected":false},"excerpt":{"rendered":"<p>A sele\u00e7\u00e3o brasileira feminina de futebol entra em campo, nesta ter\u00e7a-feira (18), para definir sua classifica\u00e7\u00e3o para a segunda fase da Copa do Mundo. O evento \u00e9 o momento de maior aten\u00e7\u00e3o do mundial feminino. No jogo de estreia, por exemplo, mais de 30 milh\u00f5es de brasileiros acompanharam a partida da sele\u00e7\u00e3o. Por\u00e9m, isso ainda [&hellip;]<\/p>\n","protected":false},"author":2,"featured_media":6947,"comment_status":"","ping_status":"","sticky":false,"template":"","format":"standard","meta":{"footnotes":""},"categories":[3],"tags":[],"class_list":["post-6948","post","type-post","status-publish","format-standard","has-post-thumbnail","hentry","category-noticias"],"_links":{"self":[{"href":"https:\/\/hostnetart.com.br\/baixada\/wp-json\/wp\/v2\/posts\/6948","targetHints":{"allow":["GET"]}}],"collection":[{"href":"https:\/\/hostnetart.com.br\/baixada\/wp-json\/wp\/v2\/posts"}],"about":[{"href":"https:\/\/hostnetart.com.br\/baixada\/wp-json\/wp\/v2\/types\/post"}],"author":[{"embeddable":true,"href":"https:\/\/hostnetart.com.br\/baixada\/wp-json\/wp\/v2\/users\/2"}],"replies":[{"embeddable":true,"href":"https:\/\/hostnetart.com.br\/baixada\/wp-json\/wp\/v2\/comments?post=6948"}],"version-history":[{"count":0,"href":"https:\/\/hostnetart.com.br\/baixada\/wp-json\/wp\/v2\/posts\/6948\/revisions"}],"wp:featuredmedia":[{"embeddable":true,"href":"https:\/\/hostnetart.com.br\/baixada\/wp-json\/wp\/v2\/media\/6947"}],"wp:attachment":[{"href":"https:\/\/hostnetart.com.br\/baixada\/wp-json\/wp\/v2\/media?parent=6948"}],"wp:term":[{"taxonomy":"category","embeddable":true,"href":"https:\/\/hostnetart.com.br\/baixada\/wp-json\/wp\/v2\/categories?post=6948"},{"taxonomy":"post_tag","embeddable":true,"href":"https:\/\/hostnetart.com.br\/baixada\/wp-json\/wp\/v2\/tags?post=6948"}],"curies":[{"name":"wp","href":"https:\/\/api.w.org\/{rel}","templated":true}]}}