{"id":6944,"date":"2019-06-18T16:44:59","date_gmt":"2019-06-18T19:44:59","guid":{"rendered":"https:\/\/hostnetart.com.br\/baixada\/para-professor-apoio-dos-militares-a-presidente-miliciano-e-sintoma-de-que-o-pais-vai-mal\/"},"modified":"2019-06-18T16:44:59","modified_gmt":"2019-06-18T19:44:59","slug":"para-professor-apoio-dos-militares-a-presidente-miliciano-e-sintoma-de-que-o-pais-vai-mal","status":"publish","type":"post","link":"https:\/\/hostnetart.com.br\/baixada\/para-professor-apoio-dos-militares-a-presidente-miliciano-e-sintoma-de-que-o-pais-vai-mal\/","title":{"rendered":"Para professor, apoio dos militares a \u2018presidente miliciano\u2019 \u00e9 sintoma de que o pa\u00eds vai mal"},"content":{"rendered":"<p>O apoio das For\u00e7as Armadas ao\u00a0<a href=\"https:\/\/www.redebrasilatual.com.br\/politica\/2019\/06\/demissao-de-levy-radicalizacao-do-governo-bolsonaro\/\" target=\"_blank\" rel=\"noopener noreferrer\">governo de Jair Bolsonaro<\/a>\u00a0parece contradit\u00f3rio para o professor de Ci\u00eancia Pol\u00edtica na Universidade Estadual do Cear\u00e1, doutor em Hist\u00f3ria pela Universidade de Paris, Manuel Domingos. Em entrevista \u00e0\u00a0<strong>R\u00e1dio Brasil Atual<\/strong>\u00a0sobre o quadro pol\u00edtico do pa\u00eds<strong>,<\/strong>o docente cita haver uma \u201cunanimidade estranha\u201d por parte da institui\u00e7\u00e3o em meio a um processo de \u201cliquida\u00e7\u00e3o\u201d pelo qual passa o pa\u00eds marcado.<\/p>\n<p>\u201cOs militares me surpreendem cada vez mais, espero por posturas que n\u00e3o ocorrem por exemplo nesse \u2018entrega tudo\u2019 do (Paulo) Guedes, eu esperava uma rea\u00e7\u00e3o, mas n\u00e3o houve, e o patrim\u00f4nio p\u00fablico est\u00e1 sendo vendido\u201d, afirma Domingos aos jornalistas Marilu Caba\u00f1as e Glauco Faria em refer\u00eancia as privatiza\u00e7\u00f5es que est\u00e3o sendo colocadas em curso pelo ministro da Economia\u00a0<a href=\"https:\/\/www.redebrasilatual.com.br\/politica\/2019\/06\/bolsonaro-se-aproxima-de-ala-militar-mais-entreguista-ideia-de-sucatear-para-privatizar\/\" target=\"_blank\" rel=\"noopener noreferrer\">sem qualquer oposi\u00e7\u00e3o dos militares<\/a>\u00a0que fazem parte do governo.<\/p>\n<p>Em recente entrevista \u00e0\u00a0<strong>TVT<\/strong>, o ex-presidente Luiz In\u00e1cio Lula da Silva tamb\u00e9m\u00a0<a href=\"https:\/\/www.redebrasilatual.com.br\/politica\/2019\/06\/lula-nem-o-bolsonaro-acredita-que-ganharia-a-eleicao-aquela-facada-foi-muito-estranha\/\" target=\"_blank\" rel=\"noopener noreferrer\">questionou o papel da institui\u00e7\u00e3o<\/a>\u00a0que, \u00e0 revelia do nacionalismo, veem contribuindo para acabar com a soberania nacional, chegando a afirmar que \u201cum general que aceita se subordinar a um presidente que bate contin\u00eancia para a bandeira americana n\u00e3o merece ser general\u201d. A declara\u00e7\u00e3o foi criticada por membros do governo Bolsonaro, mas endossada pelo docente.<\/p>\n<p>De acordo com Domingos, a falta de rea\u00e7\u00e3o dos militares \u00e0\u00a0<a href=\"https:\/\/www.redebrasilatual.com.br\/politica\/2019\/05\/stf-adia-decisao-sobre-privatizacoes-para-a-semana-que-vem\/\" target=\"_blank\" rel=\"noopener noreferrer\">entrega do patrim\u00f4nio p\u00fablico<\/a>\u00a0e tamb\u00e9m \u00e0 proposta de flexibiliza\u00e7\u00e3o sobre o\u00a0<a href=\"https:\/\/www.redebrasilatual.com.br\/cidadania\/2019\/05\/flexibilizacao-posse-armas-acidentes-criancas\/\" target=\"_blank\" rel=\"noopener noreferrer\">porte e posse de armas de fogo<\/a>\u00a0colocam em xeque o cumprimento da defesa nacional.\u00a0 \u201c\u00c0 medida que ele (Ex\u00e9rcito) endossa um presidente miliciano, que quer entregar armas para a popula\u00e7\u00e3o, \u00e9 um sintoma extremamente grave\u201d, observa. \u201cO Brasil entra em uma fase preocupante porque, objetivamente, o presidente est\u00e1 chamando para a guerra\u201d.<\/p>\n<p><strong>Fonte: Rede Brasil Atual<\/strong><\/p>\n","protected":false},"excerpt":{"rendered":"<p>O apoio das For\u00e7as Armadas ao\u00a0governo de Jair Bolsonaro\u00a0parece contradit\u00f3rio para o professor de Ci\u00eancia Pol\u00edtica na Universidade Estadual do Cear\u00e1, doutor em Hist\u00f3ria pela Universidade de Paris, Manuel Domingos. Em entrevista \u00e0\u00a0R\u00e1dio Brasil Atual\u00a0sobre o quadro pol\u00edtico do pa\u00eds,o docente cita haver uma \u201cunanimidade estranha\u201d por parte da institui\u00e7\u00e3o em meio a um processo [&hellip;]<\/p>\n","protected":false},"author":2,"featured_media":6943,"comment_status":"","ping_status":"","sticky":false,"template":"","format":"standard","meta":{"footnotes":""},"categories":[3],"tags":[],"class_list":["post-6944","post","type-post","status-publish","format-standard","has-post-thumbnail","hentry","category-noticias"],"_links":{"self":[{"href":"https:\/\/hostnetart.com.br\/baixada\/wp-json\/wp\/v2\/posts\/6944","targetHints":{"allow":["GET"]}}],"collection":[{"href":"https:\/\/hostnetart.com.br\/baixada\/wp-json\/wp\/v2\/posts"}],"about":[{"href":"https:\/\/hostnetart.com.br\/baixada\/wp-json\/wp\/v2\/types\/post"}],"author":[{"embeddable":true,"href":"https:\/\/hostnetart.com.br\/baixada\/wp-json\/wp\/v2\/users\/2"}],"replies":[{"embeddable":true,"href":"https:\/\/hostnetart.com.br\/baixada\/wp-json\/wp\/v2\/comments?post=6944"}],"version-history":[{"count":0,"href":"https:\/\/hostnetart.com.br\/baixada\/wp-json\/wp\/v2\/posts\/6944\/revisions"}],"wp:featuredmedia":[{"embeddable":true,"href":"https:\/\/hostnetart.com.br\/baixada\/wp-json\/wp\/v2\/media\/6943"}],"wp:attachment":[{"href":"https:\/\/hostnetart.com.br\/baixada\/wp-json\/wp\/v2\/media?parent=6944"}],"wp:term":[{"taxonomy":"category","embeddable":true,"href":"https:\/\/hostnetart.com.br\/baixada\/wp-json\/wp\/v2\/categories?post=6944"},{"taxonomy":"post_tag","embeddable":true,"href":"https:\/\/hostnetart.com.br\/baixada\/wp-json\/wp\/v2\/tags?post=6944"}],"curies":[{"name":"wp","href":"https:\/\/api.w.org\/{rel}","templated":true}]}}