{"id":694,"date":"2015-03-10T18:02:00","date_gmt":"2015-03-10T21:02:00","guid":{"rendered":"https:\/\/hostnetart.com.br\/baixada\/sem-democracia-na-midia-mulher-continuara-sendo-tratada-como-objeto\/"},"modified":"2015-03-10T18:02:00","modified_gmt":"2015-03-10T21:02:00","slug":"sem-democracia-na-midia-mulher-continuara-sendo-tratada-como-objeto","status":"publish","type":"post","link":"https:\/\/hostnetart.com.br\/baixada\/sem-democracia-na-midia-mulher-continuara-sendo-tratada-como-objeto\/","title":{"rendered":"Sem democracia na m\u00eddia, mulher continuar\u00e1 sendo tratada como objeto"},"content":{"rendered":"<p><span style=\"color: #464646;\">A psic\u00f3loga e coordenadora do Observat\u00f3rio da Mulher, Rachel Moreno, afirma que para mudar a representa\u00e7\u00e3o feminina na m\u00eddia, quebrando com estere\u00f3tipos e pondo fim \u00e0 explora\u00e7\u00e3o sexual da imagem da mulher, \u00e9 preciso democratizar os meios de comunica\u00e7\u00e3o. Para ela, n\u00e3o basta escalar rep\u00f3rteres mulheres para apresentar os principais jornais da maior emissora do pa\u00eds, na v\u00e9spera e no Dia Internacional da Mulher (8 de mar\u00e7o).<\/span><br style=\"color: #464646;\" \/><br style=\"color: #464646;\" \/><span style=\"color: #464646;\">Rachel, que tamb\u00e9m \u00e9 autora dos livros A Beleza do Imposs\u00edvel e A Imagem da Mulher na M\u00eddia, ressalta que a atual forma de representa\u00e7\u00e3o da mulher, em um cen\u00e1rio de concentra\u00e7\u00e3o da m\u00eddia, \u00e9 \u201cabsolutamente estreita\u201d, e que falta \u201cdiversidade e pluralidade\u201d.<\/span><br style=\"color: #464646;\" \/><br style=\"color: #464646;\" \/><span style=\"color: #464646;\">\u201cA mulher \u00e9 sempre representada como branca, jovem, magra, cabelos lisos etc quando, na verdade, a mulher brasileira \u00e9 branca, negra, jovem, velha, magra, gorda, de uma diversidade que, simplesmente, n\u00e3o se veem representadas\u201d, salienta.<\/span><br style=\"color: #464646;\" \/><br style=\"color: #464646;\" \/><span style=\"color: #464646;\">A psic\u00f3loga afirma que a perpetua\u00e7\u00e3o de tais estere\u00f3tipos estabelecem padr\u00f5es de beleza inating\u00edveis, que atende aos interesses da ind\u00fastria, do com\u00e9rcio e das cirurgias pl\u00e1sticas, com irremedi\u00e1vel preju\u00edzo \u00e0 autoestima da mulher.<\/span><br style=\"color: #464646;\" \/><br style=\"color: #464646;\" \/><span style=\"color: #464646;\">Para Rachel, a m\u00eddia concentrada atende, basicamente, a dois interesses fundamentais: marcar posi\u00e7\u00e3o, contra ou a favor, em rela\u00e7\u00e3o ao governo vigente e produzir consumidores.<\/span><br style=\"color: #464646;\" \/><br style=\"color: #464646;\" \/><span style=\"color: #464646;\">\u201cNo caso da sexualiza\u00e7\u00e3o das mulheres, inclusive da erotiza\u00e7\u00e3o precoce das crian\u00e7as e do bombardeio a respeito de modelos de felicidade e valores, acaba justamente acontecendo para produzir consumidores para os anunciantes. Isso \u00e9 muito pouco. Os nossos problemas do dia a dia n\u00e3o s\u00e3o discutidos, a realidade vivida pelas mulheres n\u00e3o \u00e9 discutida, as novas quest\u00f5es e demandas tamb\u00e9m n\u00e3o s\u00e3o discutidas\u201d, diz, acrescentando que \u00e9 muito pouco fazer uma vez por ano mat\u00e9rias especiais que homenageiam o Dia Internacional da Mulher.<\/span><br style=\"color: #464646;\" \/><br style=\"color: #464646;\" \/><span style=\"color: #464646;\">Rachel ressalta que, mesmo ve\u00edculos de imprensa \u201cmais s\u00e9rios\u201d, quando buscam fugir da objetiva\u00e7\u00e3o e ultrasexualiza\u00e7\u00e3o da mulher, nunca as representam como especialistas, detentoras de opini\u00e3o e conhecimentos relevantes, mas apenas como \u201cv\u00edtimas ou testemunhas\u201d.<\/span><br style=\"color: #464646;\" \/><br style=\"color: #464646;\" \/><span style=\"color: #464646;\">Para alterar tal panorama, Rachel Moreno cobra, primeiramente, compromisso, por parte da grande imprensa, que, segundo ela, \u00e9 \u201ceducadora informal poderos\u00edssima\u201d, mas que colabora na banaliza\u00e7\u00e3o e naturaliza\u00e7\u00e3o da viol\u00eancia contra a mulher.<\/span><br style=\"color: #464646;\" \/><br style=\"color: #464646;\" \/><span style=\"color: #464646;\">A psic\u00f3loga diz n\u00e3o acreditar nos mecanismos de autorregula\u00e7\u00e3o defendidos pelas redes de comunica\u00e7\u00e3o e ag\u00eancias de publicidade e ressalta que o Conselho Nacional de Autorregulamenta\u00e7\u00e3o (Conar) demora para agir, chega atrasado \u2013 quando an\u00fancios denunciados por abuso j\u00e1 sa\u00edram do ar \u2013 e, na maioria das vezes, toma partido dos anunciantes. Ela defende a cria\u00e7\u00e3o de normas e regras para o setor e um \u00f3rg\u00e3o independente que fiscalize implementa\u00e7\u00e3o destas.<\/span><br style=\"color: #464646;\" \/><br style=\"color: #464646;\" \/><span style=\"color: #464646;\">\u201cA Constitui\u00e7\u00e3o garante o direito de comunica\u00e7\u00e3o, e comunica\u00e7\u00e3o \u00e9 uma via de duas m\u00e3os. Como \u00e9 que estamos falando na exist\u00eancia de democracia na comunica\u00e7\u00e3o se n\u00f3s temos seis fam\u00edlias que det\u00eam todos os meios, neste pa\u00eds. Eles definem o que n\u00f3s vamos ver, e o que n\u00e3o vamos ver, e o que n\u00f3s vamos pensar sobre o que eles decidem que v\u00e3o nos mostrar. Isso n\u00e3o \u00e9 democracia.\u201d<\/span><br style=\"color: #464646;\" \/><br style=\"color: #464646;\" \/><span style=\"color: #464646;\">Rachel defende tamb\u00e9m a reforma pol\u00edtica com participa\u00e7\u00e3o da sociedade civil para aumentar a representa\u00e7\u00e3o da mulher no parlamento, com o fim do financiamento privado de campanha, pois, segundo ela, \u201cas mulheres acabam sendo mais pobres e resistem mais a recorrer aos recursos das empresas\u201d. Cobra tamb\u00e9m voto em lista alternada, que garanta a paridade entre homens e mulheres.<\/span><br style=\"color: #464646;\" \/><br style=\"color: #464646;\" \/><span style=\"color: #464646;\">Para al\u00e9m das reformas, na m\u00eddia e na pol\u00edtica, a coordenadora do Observat\u00f3rio da Mulher espera uma mudan\u00e7a de costumes: \u201cAs mulheres n\u00e3o participam da pol\u00edtica porque s\u00e3o sobrecarregadas, t\u00eam dupla jornada de trabalho. Est\u00e1 na hora de dividir o trabalho dom\u00e9stico entre homens e mulheres. Mostrar nas novelas o homem chegando em casa mais cedo e preparando o jantar e, quando a mulher chega, a mesa est\u00e1 posta para naturalizar uma nova divis\u00e3o das tarefas dom\u00e9sticas, al\u00e9m disso, desnaturalizar a viol\u00eancia de g\u00eanero, discutir seriamente a sexualidade e cuidados necess\u00e1rios, enfim, exercer com responsabilidade social a sua fun\u00e7\u00e3o de educadora informal e de concess\u00e3o. E repensar a distribui\u00e7\u00e3o do espectro eletromagn\u00e9tico, e dos recursos governamentais para a m\u00eddia\u201d.<\/span><br style=\"color: #464646;\" \/><br style=\"color: #464646;\" \/><br style=\"color: #464646;\" \/><span style=\"color: #464646;\">Fonte: Rede Brasil Atual<\/span><\/p>\n","protected":false},"excerpt":{"rendered":"<p>A psic\u00f3loga e coordenadora do Observat\u00f3rio da Mulher, Rachel Moreno, afirma que para mudar a representa\u00e7\u00e3o feminina na m\u00eddia, quebrando com estere\u00f3tipos e pondo fim \u00e0 explora\u00e7\u00e3o sexual da imagem da mulher, \u00e9 preciso democratizar os meios de comunica\u00e7\u00e3o. Para ela, n\u00e3o basta escalar rep\u00f3rteres mulheres para apresentar os principais jornais da maior emissora do [&hellip;]<\/p>\n","protected":false},"author":1,"featured_media":0,"comment_status":"","ping_status":"","sticky":false,"template":"","format":"standard","meta":{"footnotes":""},"categories":[3],"tags":[],"class_list":["post-694","post","type-post","status-publish","format-standard","hentry","category-noticias"],"_links":{"self":[{"href":"https:\/\/hostnetart.com.br\/baixada\/wp-json\/wp\/v2\/posts\/694","targetHints":{"allow":["GET"]}}],"collection":[{"href":"https:\/\/hostnetart.com.br\/baixada\/wp-json\/wp\/v2\/posts"}],"about":[{"href":"https:\/\/hostnetart.com.br\/baixada\/wp-json\/wp\/v2\/types\/post"}],"author":[{"embeddable":true,"href":"https:\/\/hostnetart.com.br\/baixada\/wp-json\/wp\/v2\/users\/1"}],"replies":[{"embeddable":true,"href":"https:\/\/hostnetart.com.br\/baixada\/wp-json\/wp\/v2\/comments?post=694"}],"version-history":[{"count":0,"href":"https:\/\/hostnetart.com.br\/baixada\/wp-json\/wp\/v2\/posts\/694\/revisions"}],"wp:attachment":[{"href":"https:\/\/hostnetart.com.br\/baixada\/wp-json\/wp\/v2\/media?parent=694"}],"wp:term":[{"taxonomy":"category","embeddable":true,"href":"https:\/\/hostnetart.com.br\/baixada\/wp-json\/wp\/v2\/categories?post=694"},{"taxonomy":"post_tag","embeddable":true,"href":"https:\/\/hostnetart.com.br\/baixada\/wp-json\/wp\/v2\/tags?post=694"}],"curies":[{"name":"wp","href":"https:\/\/api.w.org\/{rel}","templated":true}]}}