{"id":6938,"date":"2019-06-18T13:31:55","date_gmt":"2019-06-18T16:31:55","guid":{"rendered":"https:\/\/hostnetart.com.br\/baixada\/privatizacao-do-saneamento-pode-levar-a-aumento-na-tarifa-e-diminuicao-da-qualidade-da-agua\/"},"modified":"2019-06-18T13:31:55","modified_gmt":"2019-06-18T16:31:55","slug":"privatizacao-do-saneamento-pode-levar-a-aumento-na-tarifa-e-diminuicao-da-qualidade-da-agua","status":"publish","type":"post","link":"https:\/\/hostnetart.com.br\/baixada\/privatizacao-do-saneamento-pode-levar-a-aumento-na-tarifa-e-diminuicao-da-qualidade-da-agua\/","title":{"rendered":"Privatiza\u00e7\u00e3o do saneamento pode levar a aumento na tarifa e diminui\u00e7\u00e3o da qualidade da \u00e1gua"},"content":{"rendered":"<p>Depois de aprovado pelo Senado, em regime de urg\u00eancia, o Projeto de Lei\u00a0<a href=\"https:\/\/www25.senado.leg.br\/web\/atividade\/materias\/-\/materia\/137118\" target=\"_blank\" rel=\"noopener noreferrer\">(PL) 3.261\/2019<\/a>\u00a0 chegou \u00e0 C\u00e2mara dos Deputados no \u00faltimo dia 12. O texto abrir\u00e1 espa\u00e7o para a\u00a0<a href=\"https:\/\/www.redebrasilatual.com.br\/ambiente\/2018\/11\/mp-do-saneamento-basico-contribui-para-privatizacao-da-agua-no-brasil\/\" target=\"_blank\" rel=\"noopener noreferrer\">privatiza\u00e7\u00e3o dos servi\u00e7os de \u00e1gua e esgoto<\/a>\u00a0no pa\u00eds. A proposta reproduz o conte\u00fado da\u00a0<a href=\"https:\/\/www.redebrasilatual.com.br\/ambiente\/2018\/07\/entidades-e-trabalhadores-se-unem-pela-derrubada-da-mp-do-saneamento\/\" target=\"_blank\" rel=\"noopener noreferrer\">Medida Provis\u00f3ria (MPV) 868\/2018<\/a>, editada durante o governo de Michel Temer, mas que havia perdido a validade no dia 3 de junho. Na data de vencimento, no entanto, o senador Tasso Jereissati (PSDB-CE) apresentou o PL, aprovado no dia seguinte pela Comiss\u00e3o de Servi\u00e7os de Infraestrutura e dois dias depois no plen\u00e1rio do Senado.<\/p>\n<p>Em entrevista \u00e0\u00a0<strong>R\u00e1dio Brasil Atual<\/strong>, o professor do Departamento de Geografia e do Programa de P\u00f3s-gradua\u00e7\u00e3o da Universidade de S\u00e3o Paulo (USP) Wagner Ribeiro n\u00e3o s\u00f3 considerou a movimenta\u00e7\u00e3o do projeto estranha, como tamb\u00e9m afirmou ser o PL uma medida do interesse de grandes ind\u00fastrias de bebidas por ser a \u00e1gua, por exemplo, a mat\u00e9ria-prima mais cara nesse tipo de produ\u00e7\u00e3o. De acordo com o\u00a0<a href=\"https:\/\/outraspalavras.net\/ojoioeotrigo\/2019\/06\/qual-o-interesse-de-coca-e-ambev-na-privatizacao-da-agua-da-torneira\/\" target=\"_blank\" rel=\"noopener noreferrer\">site\u00a0<em>O Joio e o Trigo<\/em><\/a>, o pr\u00f3prio Tasso Jereissati \u00e9 dono da empresa Solar, detentora do engarrafamento e distribui\u00e7\u00e3o dos produtos Coca-Cola no Nordeste e em parte do Centro-Oeste.<\/p>\n<p>\u201cA forma como foi aprovado no Senado mostra que eles t\u00eam uma urg\u00eancia em tocar esse assunto para frente e \u00e9 preciso resistir porque poderemos ter aumento de tarifa e, consequentemente, diminui\u00e7\u00e3o da qualidade da \u00e1gua\u201d, adverte o ge\u00f3grafo \u00e0 jornalista Marilu Caba\u00f1as. Reportagem da\u00a0<strong>RBA<\/strong>\u00a0mostra ainda que a\u00a0<a href=\"https:\/\/www.redebrasilatual.com.br\/politica\/2019\/05\/urbanitarios-pressionam-deputados-contra-mp-que-privatiza-saneamento-basico\/\" target=\"_blank\" rel=\"noopener noreferrer\">privatiza\u00e7\u00e3o ir\u00e1 ampliar a desigualdade<\/a>\u00a0no acesso ao saneamento b\u00e1sico.<\/p>\n<p><span style=\"text-decoration: underline;\"><strong>Fonte: Rede Brasil Atual<\/strong><\/span><\/p>\n","protected":false},"excerpt":{"rendered":"<p>Depois de aprovado pelo Senado, em regime de urg\u00eancia, o Projeto de Lei\u00a0(PL) 3.261\/2019\u00a0 chegou \u00e0 C\u00e2mara dos Deputados no \u00faltimo dia 12. O texto abrir\u00e1 espa\u00e7o para a\u00a0privatiza\u00e7\u00e3o dos servi\u00e7os de \u00e1gua e esgoto\u00a0no pa\u00eds. A proposta reproduz o conte\u00fado da\u00a0Medida Provis\u00f3ria (MPV) 868\/2018, editada durante o governo de Michel Temer, mas que havia [&hellip;]<\/p>\n","protected":false},"author":2,"featured_media":6937,"comment_status":"","ping_status":"","sticky":false,"template":"","format":"standard","meta":{"footnotes":""},"categories":[3],"tags":[],"class_list":["post-6938","post","type-post","status-publish","format-standard","has-post-thumbnail","hentry","category-noticias"],"_links":{"self":[{"href":"https:\/\/hostnetart.com.br\/baixada\/wp-json\/wp\/v2\/posts\/6938","targetHints":{"allow":["GET"]}}],"collection":[{"href":"https:\/\/hostnetart.com.br\/baixada\/wp-json\/wp\/v2\/posts"}],"about":[{"href":"https:\/\/hostnetart.com.br\/baixada\/wp-json\/wp\/v2\/types\/post"}],"author":[{"embeddable":true,"href":"https:\/\/hostnetart.com.br\/baixada\/wp-json\/wp\/v2\/users\/2"}],"replies":[{"embeddable":true,"href":"https:\/\/hostnetart.com.br\/baixada\/wp-json\/wp\/v2\/comments?post=6938"}],"version-history":[{"count":0,"href":"https:\/\/hostnetart.com.br\/baixada\/wp-json\/wp\/v2\/posts\/6938\/revisions"}],"wp:featuredmedia":[{"embeddable":true,"href":"https:\/\/hostnetart.com.br\/baixada\/wp-json\/wp\/v2\/media\/6937"}],"wp:attachment":[{"href":"https:\/\/hostnetart.com.br\/baixada\/wp-json\/wp\/v2\/media?parent=6938"}],"wp:term":[{"taxonomy":"category","embeddable":true,"href":"https:\/\/hostnetart.com.br\/baixada\/wp-json\/wp\/v2\/categories?post=6938"},{"taxonomy":"post_tag","embeddable":true,"href":"https:\/\/hostnetart.com.br\/baixada\/wp-json\/wp\/v2\/tags?post=6938"}],"curies":[{"name":"wp","href":"https:\/\/api.w.org\/{rel}","templated":true}]}}