{"id":6930,"date":"2019-06-14T22:00:15","date_gmt":"2019-06-15T01:00:15","guid":{"rendered":"https:\/\/hostnetart.com.br\/baixada\/adesao-dos-bancarios-a-greve-geral-contra-a-reforma-atinge-todas-as-regioes-do-pais\/"},"modified":"2019-06-14T22:00:15","modified_gmt":"2019-06-15T01:00:15","slug":"adesao-dos-bancarios-a-greve-geral-contra-a-reforma-atinge-todas-as-regioes-do-pais","status":"publish","type":"post","link":"https:\/\/hostnetart.com.br\/baixada\/adesao-dos-bancarios-a-greve-geral-contra-a-reforma-atinge-todas-as-regioes-do-pais\/","title":{"rendered":"Ades\u00e3o dos banc\u00e1rios \u00e0 greve geral contra a \u2018reforma\u2019 atinge todas as regi\u00f5es do pa\u00eds"},"content":{"rendered":"<p>Banc\u00e1rios de todo o pa\u00eds aderiram \u00e0 greve geral convocada pelas centrais sindicais para esta sexta-feira (14), segundo a Confedera\u00e7\u00e3o Nacional dos Trabalhadores do Ramo Financeiro (Contraf-CUT). De acordo com a entidade, em todas a regi\u00f5es ocorreram atrasos no in\u00edcio do expediente ou fechamento total de ag\u00eancias.<\/p>\n<p>Al\u00e9m dos protestos contra o projeto do governo de \u201creforma\u201d previdenci\u00e1ria, os trabalhadores do setor se manifestaram em defesa dos bancos p\u00fablicos. \u201cS\u00e3o o Banco do Brasil e o Banco do Nordeste que financiam a agricultura familiar. Se eles forem privatizados, as taxas de juros e as tarifas ser\u00e3o maiores e o alimento vai chegar mais caro na nossa mesa. O mesmo acontece com a moradia. A Caixa (Econ\u00f4mica Federal) domina a carteira imobili\u00e1ria. Caso seja privatizada, a aquisi\u00e7\u00e3o da casa pr\u00f3pria, que hoje j\u00e1 n\u00e3o \u00e9 f\u00e1cil, vai voltar a se tornar aquele sonho imposs\u00edvel\u201d, afirmou a presidenta da confedera\u00e7\u00e3o, Juvandia Moreira.<\/p>\n<p>Ela tamb\u00e9m criticou decis\u00e3o do Supremo Tribunal Federal (STF), que em julgamento na semana passada liberou a venda de subsidi\u00e1rias de empresas p\u00fablicas, sem necessidade de aval do Congresso. \u201cIsso \u00e9 um retrocesso para nossa soberania. O correto seria um plebiscito para perguntar aos verdadeiros donos, o povo brasileiro, se eles querem torrar o patrim\u00f4nio nacional\u201d, afirmou. \u201cEmpresas p\u00fablicas, como a Caixa e o Banco do Brasil, s\u00e3o lucrativas. N\u00e3o trazem preju\u00edzo para a sociedade. Ao contr\u00e1rio, fornecem recursos para o Tesouro Nacional. Querem vender as opera\u00e7\u00f5es de maior rentabilidade, que geram interesse no mercado. A\u00ed os bancos p\u00fablicos n\u00e3o ter\u00e3o condi\u00e7\u00f5es de realizar as pol\u00edticas que realizam\u201d, acrescentou.<\/p>\n<p>No caso da \u201creforma\u201d em andamento no parlamento, ela enfatizou a necessidade de manter a mobiliza\u00e7\u00e3o. \u201cOs banc\u00e1rios e os trabalhadores de uma forma geral compreenderam que precisam lutar para defender o direito de se aposentar\u201d, disse Juvandia.<\/p>\n<p>Na base do Sindicato dos Banc\u00e1rios de S\u00e3o Paulo, Osasco e Regi\u00e3o, a paralisa\u00e7\u00e3o atingiu os principais corredores, como na Avenida Paulista e no centro da capital. Tamb\u00e9m foram interrompidos os servi\u00e7os nas regi\u00f5es do Tatuap\u00e9 e S\u00e3o Miguel Paulista, na zona leste, Faria Lima (zona oeste), Volunt\u00e1rios da P\u00e1tria (Santana, zona norte) e tamb\u00e9m no cal\u00e7ad\u00e3o de Osasco, na regi\u00e3o metropolitana. Segundo o sindicato, o movimento atingiu ainda centros administrativos do Ita\u00fa, Santander e Bradesco.<\/p>\n<p>\u201cA\u00a0greve, ao contr\u00e1rio do que a grande imprensa divulga, n\u00e3o foi um ato isolado, e sim uma resposta da popula\u00e7\u00e3o aos ataques aos direitos, t\u00e3o duramente conquistados\u201d, afirmou a presidenta do sindicato, Ivone Silva.<\/p>\n<p><strong>Fonte: Rede Brasil Atual<\/strong><\/p>\n","protected":false},"excerpt":{"rendered":"<p>Banc\u00e1rios de todo o pa\u00eds aderiram \u00e0 greve geral convocada pelas centrais sindicais para esta sexta-feira (14), segundo a Confedera\u00e7\u00e3o Nacional dos Trabalhadores do Ramo Financeiro (Contraf-CUT). De acordo com a entidade, em todas a regi\u00f5es ocorreram atrasos no in\u00edcio do expediente ou fechamento total de ag\u00eancias. Al\u00e9m dos protestos contra o projeto do governo [&hellip;]<\/p>\n","protected":false},"author":2,"featured_media":6929,"comment_status":"","ping_status":"","sticky":false,"template":"","format":"standard","meta":{"footnotes":""},"categories":[3],"tags":[],"class_list":["post-6930","post","type-post","status-publish","format-standard","has-post-thumbnail","hentry","category-noticias"],"_links":{"self":[{"href":"https:\/\/hostnetart.com.br\/baixada\/wp-json\/wp\/v2\/posts\/6930","targetHints":{"allow":["GET"]}}],"collection":[{"href":"https:\/\/hostnetart.com.br\/baixada\/wp-json\/wp\/v2\/posts"}],"about":[{"href":"https:\/\/hostnetart.com.br\/baixada\/wp-json\/wp\/v2\/types\/post"}],"author":[{"embeddable":true,"href":"https:\/\/hostnetart.com.br\/baixada\/wp-json\/wp\/v2\/users\/2"}],"replies":[{"embeddable":true,"href":"https:\/\/hostnetart.com.br\/baixada\/wp-json\/wp\/v2\/comments?post=6930"}],"version-history":[{"count":0,"href":"https:\/\/hostnetart.com.br\/baixada\/wp-json\/wp\/v2\/posts\/6930\/revisions"}],"wp:featuredmedia":[{"embeddable":true,"href":"https:\/\/hostnetart.com.br\/baixada\/wp-json\/wp\/v2\/media\/6929"}],"wp:attachment":[{"href":"https:\/\/hostnetart.com.br\/baixada\/wp-json\/wp\/v2\/media?parent=6930"}],"wp:term":[{"taxonomy":"category","embeddable":true,"href":"https:\/\/hostnetart.com.br\/baixada\/wp-json\/wp\/v2\/categories?post=6930"},{"taxonomy":"post_tag","embeddable":true,"href":"https:\/\/hostnetart.com.br\/baixada\/wp-json\/wp\/v2\/tags?post=6930"}],"curies":[{"name":"wp","href":"https:\/\/api.w.org\/{rel}","templated":true}]}}