{"id":6926,"date":"2019-06-14T16:24:59","date_gmt":"2019-06-14T19:24:59","guid":{"rendered":"https:\/\/hostnetart.com.br\/baixada\/bancarios-da-baixada-fluminense-se-unem-a-outras-categorias-em-apoio-a-greve-geral\/"},"modified":"2019-06-14T16:24:59","modified_gmt":"2019-06-14T19:24:59","slug":"bancarios-da-baixada-fluminense-se-unem-a-outras-categorias-em-apoio-a-greve-geral","status":"publish","type":"post","link":"https:\/\/hostnetart.com.br\/baixada\/bancarios-da-baixada-fluminense-se-unem-a-outras-categorias-em-apoio-a-greve-geral\/","title":{"rendered":"Banc\u00e1rios da Baixada Fluminense se unem a outras categorias em apoio \u00e0 Greve Geral"},"content":{"rendered":"<p>O Sindicato dos Banc\u00e1rios da Baixada Fluminense se reuniu em Duque de Caixas e Nova Igua\u00e7u e, junto com outras categorias e estudantes, apoiou a Greve Geral que mobilizou o pa\u00eds. Al\u00e9m do apoio, foram feitos atos contra a Reforma da Previd\u00eancia, contra os cortes na educa\u00e7\u00e3o, al\u00e9m de todos os retrocessos do atual governo.<\/p>\n<p>A Greve Geral foi convocada pelas centrais sindicais, com o apoio de organiza\u00e7\u00f5es sociais e estudantis, da Frente Brasil Popular e da Frente Povo Sem Medo.<\/p>\n<p>Reivindicamos o direito dos trabalhadores se aposentarem dignamente, que a educa\u00e7\u00e3o p\u00fablica n\u00e3o sofra cortes, que se respeite a soberania nacional, cria\u00e7\u00e3o de empregos e garantia de direitos.<\/p>\n<p>Na Baixada Fluminense, diretoras e diretoras tamb\u00e9m visitaram diversas ag\u00eancias para falar da import\u00e2ncia de ades\u00e3o da categoria para alert\u00e1-los sobre a import\u00e2ncia das manifesta\u00e7\u00f5es e sobre os malef\u00edcios que essa reforma da previd\u00eancia pode atingir banc\u00e1rias e banc\u00e1rios.<\/p>\n<p>\u00a0<\/p>\n<p>\u00a0<\/p>\n","protected":false},"excerpt":{"rendered":"<p>O Sindicato dos Banc\u00e1rios da Baixada Fluminense se reuniu em Duque de Caixas e Nova Igua\u00e7u e, junto com outras categorias e estudantes, apoiou a Greve Geral que mobilizou o pa\u00eds. Al\u00e9m do apoio, foram feitos atos contra a Reforma da Previd\u00eancia, contra os cortes na educa\u00e7\u00e3o, al\u00e9m de todos os retrocessos do atual governo. [&hellip;]<\/p>\n","protected":false},"author":2,"featured_media":6925,"comment_status":"","ping_status":"","sticky":false,"template":"","format":"standard","meta":{"footnotes":""},"categories":[3],"tags":[],"class_list":["post-6926","post","type-post","status-publish","format-standard","has-post-thumbnail","hentry","category-noticias"],"_links":{"self":[{"href":"https:\/\/hostnetart.com.br\/baixada\/wp-json\/wp\/v2\/posts\/6926","targetHints":{"allow":["GET"]}}],"collection":[{"href":"https:\/\/hostnetart.com.br\/baixada\/wp-json\/wp\/v2\/posts"}],"about":[{"href":"https:\/\/hostnetart.com.br\/baixada\/wp-json\/wp\/v2\/types\/post"}],"author":[{"embeddable":true,"href":"https:\/\/hostnetart.com.br\/baixada\/wp-json\/wp\/v2\/users\/2"}],"replies":[{"embeddable":true,"href":"https:\/\/hostnetart.com.br\/baixada\/wp-json\/wp\/v2\/comments?post=6926"}],"version-history":[{"count":0,"href":"https:\/\/hostnetart.com.br\/baixada\/wp-json\/wp\/v2\/posts\/6926\/revisions"}],"wp:featuredmedia":[{"embeddable":true,"href":"https:\/\/hostnetart.com.br\/baixada\/wp-json\/wp\/v2\/media\/6925"}],"wp:attachment":[{"href":"https:\/\/hostnetart.com.br\/baixada\/wp-json\/wp\/v2\/media?parent=6926"}],"wp:term":[{"taxonomy":"category","embeddable":true,"href":"https:\/\/hostnetart.com.br\/baixada\/wp-json\/wp\/v2\/categories?post=6926"},{"taxonomy":"post_tag","embeddable":true,"href":"https:\/\/hostnetart.com.br\/baixada\/wp-json\/wp\/v2\/tags?post=6926"}],"curies":[{"name":"wp","href":"https:\/\/api.w.org\/{rel}","templated":true}]}}