{"id":6918,"date":"2019-06-13T16:47:44","date_gmt":"2019-06-13T19:47:44","guid":{"rendered":"https:\/\/hostnetart.com.br\/baixada\/greve-geral-previdencia-e-vaza-jato-a-classe-trabalhadora-sabe-da-gravidade-da-situacao\/"},"modified":"2019-06-13T16:47:44","modified_gmt":"2019-06-13T19:47:44","slug":"greve-geral-previdencia-e-vaza-jato-a-classe-trabalhadora-sabe-da-gravidade-da-situacao","status":"publish","type":"post","link":"https:\/\/hostnetart.com.br\/baixada\/greve-geral-previdencia-e-vaza-jato-a-classe-trabalhadora-sabe-da-gravidade-da-situacao\/","title":{"rendered":"Greve geral, previd\u00eancia e \u2018Vaza Jato\u2019: \u2018A classe trabalhadora sabe da gravidade da situa\u00e7\u00e3o\u2019"},"content":{"rendered":"<p>As rela\u00e7\u00f5es prom\u00edscuas entre o ent\u00e3o juiz Sergio Moro e os procuradores da Opera\u00e7\u00e3o Lava Jato, que vem sendo reveladas pelo <a href=\"https:\/\/www.redebrasilatual.com.br\/destaques\/2019\/06\/chats-privados-entre-dallagnol-e-moro-sao-revelados-pelo-the-intercept\/\" target=\"_blank\" rel=\"noopener noreferrer\"><em>The Intercept Brasil<\/em><\/a>, que culminaram com a pris\u00e3o ilegal do ex-presidente Luiz In\u00e1cio Lula da Silva, servem como mais um motivo para que a popula\u00e7\u00e3o n\u00e3o saia de casa na greve geral desta sexta-feira (14) contra a \u201creforma\u201d da Previd\u00eancia. Em entrevista aos jornalistas Maril\u00fa Caban\u00e3s e Glauco Faria, para o <a href=\"https:\/\/www.youtube.com\/watch?v=QhnFQd-YJ4k&amp;t=6225s\" target=\"_blank\" rel=\"noopener noreferrer\"><em>Jornal Brasil Atual<\/em><\/a>, nesta quinta-feira (13), o secret\u00e1rio-geral da CUT, S\u00e9rgio Nobre, diz que o governo Bolsonaro \u00e9 ileg\u00edtimo e que, se <a href=\"https:\/\/www.redebrasilatual.com.br\/politica\/2019\/06\/bernie-sanders-liberdade-lula\/\" target=\"_blank\" rel=\"noopener noreferrer\">Lula<\/a> n\u00e3o estivesse preso, estaria nas portas das f\u00e1bricas mobilizando os trabalhadores contra a destrui\u00e7\u00e3o da Previd\u00eancia Social.<\/p>\n<p>\u201cOs trabalhadores sabem da gravidade da situa\u00e7\u00e3o. \u00c9 importante que as pessoas <a href=\"https:\/\/www.redebrasilatual.com.br\/destaques\/2019\/06\/greve-geral-um-dia-para-ficar-em-casa-pelo-pais-por-direitos-emprego-politica-economica-e-democracia\/\" target=\"_blank\" rel=\"noopener noreferrer\">n\u00e3o saiam de casa<\/a>. A forma de protestar \u00e9 a rua vazia. Ser\u00e1 tamb\u00e9m um dia de reflex\u00e3o sobre o que est\u00e1 acontecendo no nosso pa\u00eds.\u00a0Se eles pensavam que iam entregar o pa\u00eds de m\u00e3o beijada, n\u00e3o vai ser assim. Aqui tem classe trabalhadora organizada, que sabe lutar, entende os direitos que tem e n\u00e3o abre m\u00e3o deles.\u00a0Vai ser um dia hist\u00f3rico. A classe trabalhadora vai mostrar que est\u00e1 no jogo, e vai <a href=\"https:\/\/www.redebrasilatual.com.br\/destaques\/2019\/06\/boulos-convoca-greve-geral-previdencia\/\" target=\"_blank\" rel=\"noopener noreferrer\">defender a Previd\u00eancia<\/a>\u201c, disse Nobre.<\/p>\n<div id=\"attachment_362269\" class=\"wp-caption alignleft\" style=\"width: 330px;\"><img fetchpriority=\"high\" decoding=\"async\" class=\"wp-image-362269\" src=\"https:\/\/www.redebrasilatual.com.br\/wp-content\/uploads\/2019\/06\/sergio-nobre-300x176.jpg\" sizes=\"(max-width: 320px) 100vw, 320px\" srcset=\"https:\/\/www.redebrasilatual.com.br\/wp-content\/uploads\/2019\/06\/sergio-nobre-300x176.jpg 300w, https:\/\/www.redebrasilatual.com.br\/wp-content\/uploads\/2019\/06\/sergio-nobre-585x343.jpg 585w, https:\/\/www.redebrasilatual.com.br\/wp-content\/uploads\/2019\/06\/sergio-nobre.jpg 759w\" alt=\"Reprodu\u00e7\u00e3o\/RBA\" width=\"320\" height=\"188\" \/><\/p>\n<p class=\"wp-caption-text\">Classe trabalhadora est\u00e1 organizada e n\u00e3o abre m\u00e3o de direitos, diz Nobre<\/p>\n<\/div>\n<p>O secret\u00e1rio-geral da CUT destacou que a Previd\u00eancia Social n\u00e3o \u00e9 respons\u00e1vel apenas pelo pagamento das aposentadorias, mas tamb\u00e9m ampara o trabalhador em casos de acidente, doen\u00e7a ou viuvez. Lembrou tamb\u00e9m que os recursos das aposentadorias s\u00e3o vitais para o desenvolvimento econ\u00f4mico para a maioria dos munic\u00edpios. Nobre destacou a uni\u00e3o das <a href=\"https:\/\/www.redebrasilatual.com.br\/trabalho\/2019\/06\/trabalhadores-no-setor-de-transporte-coletivo-aderem-a-greve-geral-confira-quem-deve-parar\/\" target=\"_blank\" rel=\"noopener noreferrer\">centrais sindicais<\/a>, o que faz apostar que esta ser\u00e1 \u201ca maior greve geral que esse pa\u00eds j\u00e1 viu\u201d.<\/p>\n<p>Ele ressaltou que Lula foi preso em processos \u201cmontados\u201d para que pudessem fazer \u201cmaldades\u201d contra os trabalhadores, e destacou que as conversas entre Moro e Dallagnol revelam inclusive que eles agiam tamb\u00e9m de acordo com interesses <a href=\"https:\/\/www.redebrasilatual.com.br\/destaques\/2019\/06\/intercept-revela-novo-escandalo-no-fux-eu-confio-diz-moro-a-dallagnol\/\">norte-americanos<\/a>. \u201cSe Lula estivesse solto, andando pelo pa\u00eds, duvido que eles iam fazer essa reforma da Previd\u00eancia do jeito que est\u00e3o querendo, porque ele estaria nas portas de f\u00e1brica denunciando o que est\u00e1 acontecendo.\u00a0N\u00e3o tem outra raz\u00e3o para ele estar preso, a n\u00e3o ser a maldade que est\u00e3o fazendo: desmontar a legisla\u00e7\u00e3o trabalhista, desmontar a Previd\u00eancia e fazer o pa\u00eds andar para tr\u00e1s de novo, subordinado aos interesses internacionais.\u201d<\/p>\n<p><strong>Fonte: Rede Brasil Atual<\/strong><\/p>\n","protected":false},"excerpt":{"rendered":"<p>As rela\u00e7\u00f5es prom\u00edscuas entre o ent\u00e3o juiz Sergio Moro e os procuradores da Opera\u00e7\u00e3o Lava Jato, que vem sendo reveladas pelo The Intercept Brasil, que culminaram com a pris\u00e3o ilegal do ex-presidente Luiz In\u00e1cio Lula da Silva, servem como mais um motivo para que a popula\u00e7\u00e3o n\u00e3o saia de casa na greve geral desta sexta-feira [&hellip;]<\/p>\n","protected":false},"author":2,"featured_media":6917,"comment_status":"","ping_status":"","sticky":false,"template":"","format":"standard","meta":{"footnotes":""},"categories":[3],"tags":[],"class_list":["post-6918","post","type-post","status-publish","format-standard","has-post-thumbnail","hentry","category-noticias"],"_links":{"self":[{"href":"https:\/\/hostnetart.com.br\/baixada\/wp-json\/wp\/v2\/posts\/6918","targetHints":{"allow":["GET"]}}],"collection":[{"href":"https:\/\/hostnetart.com.br\/baixada\/wp-json\/wp\/v2\/posts"}],"about":[{"href":"https:\/\/hostnetart.com.br\/baixada\/wp-json\/wp\/v2\/types\/post"}],"author":[{"embeddable":true,"href":"https:\/\/hostnetart.com.br\/baixada\/wp-json\/wp\/v2\/users\/2"}],"replies":[{"embeddable":true,"href":"https:\/\/hostnetart.com.br\/baixada\/wp-json\/wp\/v2\/comments?post=6918"}],"version-history":[{"count":0,"href":"https:\/\/hostnetart.com.br\/baixada\/wp-json\/wp\/v2\/posts\/6918\/revisions"}],"wp:featuredmedia":[{"embeddable":true,"href":"https:\/\/hostnetart.com.br\/baixada\/wp-json\/wp\/v2\/media\/6917"}],"wp:attachment":[{"href":"https:\/\/hostnetart.com.br\/baixada\/wp-json\/wp\/v2\/media?parent=6918"}],"wp:term":[{"taxonomy":"category","embeddable":true,"href":"https:\/\/hostnetart.com.br\/baixada\/wp-json\/wp\/v2\/categories?post=6918"},{"taxonomy":"post_tag","embeddable":true,"href":"https:\/\/hostnetart.com.br\/baixada\/wp-json\/wp\/v2\/tags?post=6918"}],"curies":[{"name":"wp","href":"https:\/\/api.w.org\/{rel}","templated":true}]}}