{"id":6910,"date":"2019-06-12T19:29:12","date_gmt":"2019-06-12T22:29:12","guid":{"rendered":"https:\/\/hostnetart.com.br\/baixada\/bancarios-aderem-a-greve-geral\/"},"modified":"2019-06-12T19:29:12","modified_gmt":"2019-06-12T22:29:12","slug":"bancarios-aderem-a-greve-geral","status":"publish","type":"post","link":"https:\/\/hostnetart.com.br\/baixada\/bancarios-aderem-a-greve-geral\/","title":{"rendered":"Banc\u00e1rios aderem \u00e0 Greve Geral"},"content":{"rendered":"<p>Os sindicatos dos banc\u00e1rios de\u00a0<a href=\"https:\/\/spbancarios.com.br\/06\/2019\/greve-geral-bancarios-vao-cruzar-os-bracos\" target=\"_blank\" rel=\"noopener noreferrer\">S\u00e3o Paulo<\/a>,\u00a0<a href=\"http:\/\/www.bancariosrio.org.br\/index.php\/component\/k2\/item\/3376-sexta-feira-14-e-greve-geral\" target=\"_blank\" rel=\"noopener noreferrer\">Rio de Janeiro<\/a>,\u00a0<a href=\"http:\/\/www.bancariosdecuritiba.org.br\/Default\/Noticia\/21256\/1406-bancarios-e-financiarios-de-curitiba-e-regiao-vao-parar\" target=\"_blank\" rel=\"noopener noreferrer\">C<\/a><a href=\"http:\/\/www.bancariosdecuritiba.org.br\/Default\/Noticia\/21256\/1406-bancarios-e-financiarios-de-curitiba-e-regiao-vao-parar\">uritiba<\/a>,\u00a0<a href=\"http:\/\/www.bancariospe.org.br\/noticiasapp.asp?codigo=19073#.XQELQBZKjIV\" target=\"_blank\" rel=\"noopener noreferrer\">Pernambuco<\/a>,\u00a0<a href=\"https:\/\/bancariospb.com.br\/2019\/06\/11\/bancarios-aderem-a-greve-geral-do-dia-14-de-junho-por-unanimidade\/\" target=\"_blank\" rel=\"noopener noreferrer\">Para\u00edba<\/a>,\u00a0<a href=\"http:\/\/www.bancariosms.com.br\/noticia\/bancarios-de-dourados-aderem-a-greve-geral-do-dia-14-de-junho\/\" target=\"_blank\" rel=\"noopener noreferrer\">Dourados (MS)<\/a>\u00a0e\u00a0<a href=\"http:\/\/www.bancariosmogi.com.br\/2011\/paginas\/noticias.php?cdnot=2876\" target=\"_blank\" rel=\"noopener noreferrer\">Mogi das Cruzes (SP)<\/a>\u00a0realizaram assembleias na noite de ter\u00e7a-feira (11) para deliberar sobre a ades\u00e3o \u00e0 Greve Geral de sexta-feira (14), contra a reforma da Previd\u00eancia proposta pelo governo Bolsonaro. Em todas estas assembleias a categoria decidiu paralisar as atividades.<\/p>\n<p>A Greve Geral \u00e9 convocada pela Central \u00danica dos Trabalhadores (CUT), demais centrais sindicais do pa\u00eds e pelas frentes Brasil Popular e Povo Sem Medo, que congregam os mais diversos movimentos sociais, como o Movimento dos Sem Terra (MST), Movimento dos Trabalhadores Sem Teto (MTST), a Uni\u00e3o Nacional dos Estudantes (Une), entre outros.<\/p>\n<p>\u201cSer\u00e1 uma grande mobiliza\u00e7\u00e3o nacional contra a proposta de reforma da Previd\u00eancia do governo. Muitos sindicatos dos banc\u00e1rios j\u00e1 fizeram assembleia e aprovaram a ades\u00e3o \u00e0 Greve Geral\u201d, disse a presidenta da Confedera\u00e7\u00e3o Nacional dos Trabalhadores do Ramo Financeiro (Contraf-CUT), Juvandia Moreira, destacando a import\u00e2ncia da participa\u00e7\u00e3o da categoria para o fortalecimento da paralisa\u00e7\u00e3o.<\/p>\n<p>A ades\u00e3o \u00e0 Greve Geral j\u00e1\u00a0<a href=\"https:\/\/contrafcut.com.br\/noticias\/bancarios-se-mobilizam-para-greve-geral\/\" target=\"_blank\" rel=\"noopener noreferrer\">havia sido aprovada<\/a>\u00a0pelos banc\u00e1rios das bases dos sindicatos do\u00a0<a href=\"http:\/\/bancariosacre.com.br\/aviso-de-greve-2\/\" target=\"_blank\" rel=\"noopener noreferrer\">Acre<\/a>,\u00a0<a href=\"http:\/\/bancariosal.org.br\/noticia\/33164\/bancarios-de-alagoas-vao-parar-na-sexta-feira-todos-na-greve-geral\" target=\"_blank\" rel=\"noopener noreferrer\">Alagoas<\/a>, Baixada Fluminense (RJ),\u00a0<a href=\"http:\/\/www.bancariosbahia.org.br\/noticia\/26377,bancarios-aprovam-adesao-a-greve-geral-do-dia-14.html\" target=\"_blank\" rel=\"noopener noreferrer\">Bahia<\/a>,\u00a0<a href=\"https:\/\/bancariosbh.org.br\/bancarios-de-bh-e-regiao-vao-parar-na-greve-geral-do-dia-14\/\" target=\"_blank\" rel=\"noopener noreferrer\">Belo Horizonte<\/a>,\u00a0<a href=\"https:\/\/bancariosdf.com.br\/portal\/assembleia-dia-10-define-adesao-dos-bancarios-a-greve-geral\/\" target=\"_blank\" rel=\"noopener noreferrer\">Bras\u00edlia<\/a>,\u00a0<a href=\"https:\/\/bancarioscg.com.br\/bancarios-de-campina-grande-e-regiao-aprovam-adesao-a-greve-do-dia-14\/\" target=\"_blank\" rel=\"noopener noreferrer\">Campina Grande<\/a>, Campos dos Goytacazes (RJ), Cear\u00e1,\u00a0<a href=\"http:\/\/www.seebfloripa.com.br\/movimento-sindical-e-social\/assembleia-aprova-greve-geral-dia-14-de-junho\/\" target=\"_blank\" rel=\"noopener noreferrer\">Florian\u00f3polis<\/a>, Guarulhos (SP),\u00a0<a href=\"https:\/\/bancariosipatinga.com.br\/noticias\/bancarios-de-ipatinga-e-regiao-vao-paralisar-atividades-na-greve-geral-do-dia-14\" target=\"_blank\" rel=\"noopener noreferrer\">Ipatinga (MG)<\/a>,\u00a0<a href=\"https:\/\/www.bancariosjf.com.br\/imprensa\/noticias-do-sintraf\/bancarios-de-juiz-de-fora-aprovam-greve-geral\" target=\"_blank\" rel=\"noopener noreferrer\">Juiz de Fora (MG)<\/a>,\u00a0<a href=\"https:\/\/bancariosjundiai.com.br\/aviso-de-greve\/\" target=\"_blank\" rel=\"noopener noreferrer\">Jundia\u00ed (SP)<\/a>,\u00a0<a href=\"https:\/\/www.seebmacae.com.br\/noticia\/dia-14-o-brasil-vai-parar\" target=\"_blank\" rel=\"noopener noreferrer\">Maca\u00e9 (RJ)<\/a>,\u00a0<a href=\"http:\/\/www.bancariosmt.com.br\/leiamais.aspx?id=6261\" target=\"_blank\" rel=\"noopener noreferrer\">Mato Grosso<\/a>,\u00a0<a href=\"http:\/\/bancariospa.org.br\/bancarios-aprovam-adesao-a-greve-geral-do-dia-14\/\" target=\"_blank\" rel=\"noopener noreferrer\">Par\u00e1<\/a>,\u00a0<a href=\"http:\/\/www.bancariosnit.org.br\/index.php\/noticias\/item\/5560-greve-geral-bancarios-de-niteroi-confirmam-participacao-e-se-juntam-mais-de-50-categorias-no-rj\" target=\"_blank\" rel=\"noopener noreferrer\">Niter\u00f3i (RJ)<\/a>, Patos de Minas (MG),\u00a0<a href=\"http:\/\/www.bancariospi.org.br\/ver-noticia\/2287\/Banc-rios-dos-Piau-deflagram-Estado-de-Greve-a-partir-das-00h00-de-14-de-junho-de-2019.\" target=\"_blank\" rel=\"noopener noreferrer\">Piau\u00ed<\/a>,\u00a0<a href=\"http:\/\/www.bancariosdepiracicaba.com.br\/bancarios+aprovam+participacao+nas+mobilizacoes+da+greve+geral.aspx\" target=\"_blank\" rel=\"noopener noreferrer\">Piracicaba (SP)<\/a>,\u00a0<a href=\"http:\/\/www.bancariosro.com\/news.php?news=3595\" target=\"_blank\" rel=\"noopener noreferrer\">Rond\u00f4nia<\/a>,\u00a0<a href=\"https:\/\/santosbancarios.com.br\/artigo\/bancarios-de-santos-e-regiao-deflagram-greve-geral-contra-a-reforma\" target=\"_blank\" rel=\"noopener noreferrer\">Santos (SP)<\/a>, Taubat\u00e9 (SP) Te\u00f3filo Otoni (MG), Uberaba (MG) e por todos os sindicatos filiados \u00e0 Federa\u00e7\u00e3o dos Trabalhadores e Trabalhadoras em Institui\u00e7\u00f5es Financeiras do Rio Grande do Sul (<a href=\"http:\/\/fetrafirs.org.br\/noticias.php?id=12242\" target=\"_blank\" rel=\"noopener noreferrer\">Fetrafi\/RS<\/a>) e em diversas outras cidades do interior dos estados. Em Campinas (SP), a assembleia ocorre nesta quarta-feira (12). Em muitas cidades, como Limeira (SP) e Angra dos Reis (RJ), os banc\u00e1rios se organizam em f\u00f3runs sindicais e as atividades ser\u00e3o realizadas em conjunto com outras categorias.<\/p>\n<h3><strong>Direitos em risco<\/strong><\/h3>\n<p>\u201cO direito de nos aposentar est\u00e1 em risco. Mas, os trabalhadores v\u00e3o dar um recado ao governo e ao Congresso que n\u00e3o vamos aceitar a retirada de direitos. N\u00e3o vamos aceitar a entrega dos bancos e demais empresas p\u00fablicas\u201d, afirmou a presidenta da Contraf-CUT, lembrando que o Supremo Tribunal Federal (STF) discute a possibilidade de demiss\u00e3o imotivada de trabalhadores de empresas p\u00fablicas.<\/p>\n<h3><strong>Outras categorias<\/strong><\/h3>\n<p><a href=\"https:\/\/contrafcut.com.br\/noticias\/trabalhadores-de-varias-categorias-vao-cruzar-os-bracos-nesta-sexta-14-de-junho\/\" target=\"_blank\" rel=\"noopener noreferrer\">Al\u00e9m dos banc\u00e1rios<\/a>, os metrovi\u00e1rios, ferrovi\u00e1rios, professores, metal\u00fargicos, trabalhadores da educa\u00e7\u00e3o, da sa\u00fade, de \u00e1gua e esgoto, dos Correios, da Justi\u00e7a Federal, qu\u00edmicos e rurais, portu\u00e1rios, agricultores familiares, motoristas, cobradores, caminhoneiros, eletricit\u00e1rios, urbanit\u00e1rios, vigilantes, servidores p\u00fablicos estaduais e federais, petroleiros, enfermeiros e previdenci\u00e1rios j\u00e1 confirmaram a ades\u00e3o \u00e0 Greve Geral.<\/p>\n<p><strong>Texto:<\/strong>\u00a0<strong>Contraf-CUT \/ Paulo Flores<\/strong><\/p>\n","protected":false},"excerpt":{"rendered":"<p>Os sindicatos dos banc\u00e1rios de\u00a0S\u00e3o Paulo,\u00a0Rio de Janeiro,\u00a0Curitiba,\u00a0Pernambuco,\u00a0Para\u00edba,\u00a0Dourados (MS)\u00a0e\u00a0Mogi das Cruzes (SP)\u00a0realizaram assembleias na noite de ter\u00e7a-feira (11) para deliberar sobre a ades\u00e3o \u00e0 Greve Geral de sexta-feira (14), contra a reforma da Previd\u00eancia proposta pelo governo Bolsonaro. Em todas estas assembleias a categoria decidiu paralisar as atividades. A Greve Geral \u00e9 convocada pela Central [&hellip;]<\/p>\n","protected":false},"author":2,"featured_media":6909,"comment_status":"","ping_status":"","sticky":false,"template":"","format":"standard","meta":{"footnotes":""},"categories":[3],"tags":[],"class_list":["post-6910","post","type-post","status-publish","format-standard","has-post-thumbnail","hentry","category-noticias"],"_links":{"self":[{"href":"https:\/\/hostnetart.com.br\/baixada\/wp-json\/wp\/v2\/posts\/6910","targetHints":{"allow":["GET"]}}],"collection":[{"href":"https:\/\/hostnetart.com.br\/baixada\/wp-json\/wp\/v2\/posts"}],"about":[{"href":"https:\/\/hostnetart.com.br\/baixada\/wp-json\/wp\/v2\/types\/post"}],"author":[{"embeddable":true,"href":"https:\/\/hostnetart.com.br\/baixada\/wp-json\/wp\/v2\/users\/2"}],"replies":[{"embeddable":true,"href":"https:\/\/hostnetart.com.br\/baixada\/wp-json\/wp\/v2\/comments?post=6910"}],"version-history":[{"count":0,"href":"https:\/\/hostnetart.com.br\/baixada\/wp-json\/wp\/v2\/posts\/6910\/revisions"}],"wp:featuredmedia":[{"embeddable":true,"href":"https:\/\/hostnetart.com.br\/baixada\/wp-json\/wp\/v2\/media\/6909"}],"wp:attachment":[{"href":"https:\/\/hostnetart.com.br\/baixada\/wp-json\/wp\/v2\/media?parent=6910"}],"wp:term":[{"taxonomy":"category","embeddable":true,"href":"https:\/\/hostnetart.com.br\/baixada\/wp-json\/wp\/v2\/categories?post=6910"},{"taxonomy":"post_tag","embeddable":true,"href":"https:\/\/hostnetart.com.br\/baixada\/wp-json\/wp\/v2\/tags?post=6910"}],"curies":[{"name":"wp","href":"https:\/\/api.w.org\/{rel}","templated":true}]}}