{"id":6908,"date":"2019-06-12T19:28:30","date_gmt":"2019-06-12T22:28:30","guid":{"rendered":"https:\/\/hostnetart.com.br\/baixada\/lava-jato-contribuiu-para-a-devastacao-da-economia-brasileira-diz-associacao\/"},"modified":"2019-06-12T19:28:30","modified_gmt":"2019-06-12T22:28:30","slug":"lava-jato-contribuiu-para-a-devastacao-da-economia-brasileira-diz-associacao","status":"publish","type":"post","link":"https:\/\/hostnetart.com.br\/baixada\/lava-jato-contribuiu-para-a-devastacao-da-economia-brasileira-diz-associacao\/","title":{"rendered":"Lava Jato contribuiu para a devasta\u00e7\u00e3o da economia brasileira, diz associa\u00e7\u00e3o"},"content":{"rendered":"<p>A Associa\u00e7\u00e3o\u00a0Brasileira de\u00a0<a href=\"https:\/\/www.redebrasilatual.com.br\/destaques\/2019\/05\/economistas-pela-democracia-e-preciso-enfrentar-o-pensamento-unico-da-midia\/\" target=\"_blank\" rel=\"noopener noreferrer\">Economistas pela Democracia<\/a>\u00a0(Abed) divulgou nota nesta segunda-feira (16)\u00a0 manifestando \u201cindigna\u00e7\u00e3o\u201d com a parcialidade e instrumentaliza\u00e7\u00e3o pol\u00edtica da Opera\u00e7\u00e3o Lava Jato, que ficaram demonstradas a partir das conversas entre o ent\u00e3o juiz Sergio Moro e o procurador Deltan Dallagnol, reveladas pelo\u00a0<a href=\"https:\/\/theintercept.com\/2019\/06\/09\/chat-moro-deltan-telegram-lava-jato\/\" target=\"_blank\" rel=\"noopener noreferrer\"><em>The Intercept Brasil<\/em><\/a>.\u00a0 Agindo politicamente, a opera\u00e7\u00e3o \u201ccontribuiu decisivamente para o processo de devasta\u00e7\u00e3o da economia e da sociedade brasileira que assistimos nos \u00faltimos anos\u201d, afirmam os economistas.<\/p>\n<p>Segundo a Abed, a Lava Jato colaborou negativamente para o criar ambiente de incertezas econ\u00f4micas que paralisaram o consumo e os investimentos, \u201cnum c\u00edrculo vicioso de retra\u00e7\u00e3o que alimenta ainda mais incertezas\u201d. Eles tamb\u00e9m dizem que os procuradores da Lava Jato n\u00e3o tiveram o cuidado de \u201cpreservar\u201d empresas e setores envolvidas nas investiga\u00e7\u00f5es.<\/p>\n<p>\u201c\u00c9 esse o caso da constru\u00e7\u00e3o civil, que vinha apresentando desenvolvimentos de escala e tecnol\u00f3gicos e gerando empregos, e hoje apresenta retra\u00e7\u00e3o de 28%, em rela\u00e7\u00e3o a 2014. Por sua vez, uma empresa como a Petrobras, que vinha sendo respons\u00e1vel por grande parcela dos investimentos produtivos no pa\u00eds, investimentos esses portadores de inova\u00e7\u00e3o tecnol\u00f3gica, foi totalmente desestruturada\u201d, dizem os economistas.<\/p>\n<h3>Confira a \u00edntegra da nota da Abed<\/h3>\n<p><em>A Associa\u00e7\u00e3o Brasileira de Economistas pela Democracia (Abed), como uma entidade que defende a democracia, sempre ir\u00e1 posicionar-se favoravelmente a a\u00e7\u00f5es de combate \u00e0 corrup\u00e7\u00e3o. No caso espec\u00edfico da Opera\u00e7\u00e3o Lava Jato, saliente-se se que ela s\u00f3 foi poss\u00edvel com o fortalecimento das institui\u00e7\u00f5es de Estado, em particular a Pol\u00edcia Federal e o Minist\u00e9rio P\u00fablico. Assim, n\u00e3o poderia ser maior a nossa indigna\u00e7\u00e3o diante da divulga\u00e7\u00e3o de conversas nada republicanas entre destacados membros da Lava Jato, mostrando vergonhosa parcialidade e instrumentaliza\u00e7\u00e3o pol\u00edtica da opera\u00e7\u00e3o.<\/em><\/p>\n<p><em>Lamentamos que essa opera\u00e7\u00e3o tenha se transformado em um instrumento para demonizar e perseguir partidos e l\u00edderes de forma seletiva, agindo politicamente e ocupando um espa\u00e7o que n\u00e3o lhe era devido. Ao faz\u00ea-lo, contribuiu decisivamente para o processo de devasta\u00e7\u00e3o da economia e da sociedade brasileira que assistimos nos \u00faltimos anos, com a revers\u00e3o de conquistas democr\u00e1ticas que foram obtidas desde a promulga\u00e7\u00e3o da atual Constitui\u00e7\u00e3o e que favoreceram setores vulner\u00e1veis da popula\u00e7\u00e3o.<\/em><\/p>\n<p><em>Repudiamos, adicionalmente, o fato de que a opera\u00e7\u00e3o Lava Jato tenha sido protagonista da intermin\u00e1vel crise pol\u00edtica em que o pa\u00eds foi jogado desde 2014.\u00a0 Os palanques da campanha eleitoral daquele ano de fato nunca foram desmontados, gerando um ambiente de incerteza de tal magnitude que paralisa planos de consumo e projetos de investimento, num c\u00edrculo vicioso de retra\u00e7\u00e3o que alimenta ainda mais incertezas.<\/em><\/p>\n<p><em>Apontamos, ainda, que do ponto de vista de seus efeitos microecon\u00f4micos, a opera\u00e7\u00e3o Lava Jato sequer teve o cuidado de investigar e acusar pessoas, mas preservar \u2013 como deveria ter sido feito \u2013 empresas e setores essenciais. \u00c9 esse o caso da constru\u00e7\u00e3o civil, que vinha apresentando desenvolvimentos de escala e tecnol\u00f3gicos e gerando empregos, e hoje apresenta retra\u00e7\u00e3o de 28%, em rela\u00e7\u00e3o a 2014. Por sua vez, uma empresa como a Petrobras, que vinha sendo respons\u00e1vel por grande parcela dos investimentos produtivos no pa\u00eds, investimentos esses portadores de inova\u00e7\u00e3o tecnol\u00f3gica, foi totalmente desestruturada.<\/em><\/p>\n<p><em>Diante disso, esta Associa\u00e7\u00e3o manifesta-se pela necessidade de apura\u00e7\u00e3o c\u00e9lere dos ind\u00edcios de pr\u00e1tica criminosa que vieram a p\u00fablico e pela necessidade de revers\u00e3o das penas a que foram submetidos os que foram julgados em opera\u00e7\u00e3o que se desenrolou sem a lisura necess\u00e1ria e, assim, ao arrepio da lei.<\/em><\/p>\n<p><strong>Fonte: Rede Brasil Atual<\/strong><\/p>\n","protected":false},"excerpt":{"rendered":"<p>A Associa\u00e7\u00e3o\u00a0Brasileira de\u00a0Economistas pela Democracia\u00a0(Abed) divulgou nota nesta segunda-feira (16)\u00a0 manifestando \u201cindigna\u00e7\u00e3o\u201d com a parcialidade e instrumentaliza\u00e7\u00e3o pol\u00edtica da Opera\u00e7\u00e3o Lava Jato, que ficaram demonstradas a partir das conversas entre o ent\u00e3o juiz Sergio Moro e o procurador Deltan Dallagnol, reveladas pelo\u00a0The Intercept Brasil.\u00a0 Agindo politicamente, a opera\u00e7\u00e3o \u201ccontribuiu decisivamente para o processo de devasta\u00e7\u00e3o [&hellip;]<\/p>\n","protected":false},"author":2,"featured_media":6907,"comment_status":"","ping_status":"","sticky":false,"template":"","format":"standard","meta":{"footnotes":""},"categories":[3],"tags":[],"class_list":["post-6908","post","type-post","status-publish","format-standard","has-post-thumbnail","hentry","category-noticias"],"_links":{"self":[{"href":"https:\/\/hostnetart.com.br\/baixada\/wp-json\/wp\/v2\/posts\/6908","targetHints":{"allow":["GET"]}}],"collection":[{"href":"https:\/\/hostnetart.com.br\/baixada\/wp-json\/wp\/v2\/posts"}],"about":[{"href":"https:\/\/hostnetart.com.br\/baixada\/wp-json\/wp\/v2\/types\/post"}],"author":[{"embeddable":true,"href":"https:\/\/hostnetart.com.br\/baixada\/wp-json\/wp\/v2\/users\/2"}],"replies":[{"embeddable":true,"href":"https:\/\/hostnetart.com.br\/baixada\/wp-json\/wp\/v2\/comments?post=6908"}],"version-history":[{"count":0,"href":"https:\/\/hostnetart.com.br\/baixada\/wp-json\/wp\/v2\/posts\/6908\/revisions"}],"wp:featuredmedia":[{"embeddable":true,"href":"https:\/\/hostnetart.com.br\/baixada\/wp-json\/wp\/v2\/media\/6907"}],"wp:attachment":[{"href":"https:\/\/hostnetart.com.br\/baixada\/wp-json\/wp\/v2\/media?parent=6908"}],"wp:term":[{"taxonomy":"category","embeddable":true,"href":"https:\/\/hostnetart.com.br\/baixada\/wp-json\/wp\/v2\/categories?post=6908"},{"taxonomy":"post_tag","embeddable":true,"href":"https:\/\/hostnetart.com.br\/baixada\/wp-json\/wp\/v2\/tags?post=6908"}],"curies":[{"name":"wp","href":"https:\/\/api.w.org\/{rel}","templated":true}]}}