{"id":6904,"date":"2019-06-12T15:01:07","date_gmt":"2019-06-12T18:01:07","guid":{"rendered":"https:\/\/hostnetart.com.br\/baixada\/depois-de-patinar-nos-meses-anteriores-comercio-tem-queda-nas-vendas-em-abril\/"},"modified":"2019-06-12T15:01:07","modified_gmt":"2019-06-12T18:01:07","slug":"depois-de-patinar-nos-meses-anteriores-comercio-tem-queda-nas-vendas-em-abril","status":"publish","type":"post","link":"https:\/\/hostnetart.com.br\/baixada\/depois-de-patinar-nos-meses-anteriores-comercio-tem-queda-nas-vendas-em-abril\/","title":{"rendered":"Depois de patinar nos meses anteriores, com\u00e9rcio tem queda nas vendas em abril"},"content":{"rendered":"<p>Com queda em cinco das oito atividades pesquisadas, o com\u00e9rcio registrou queda de 0,6% no volume de vendas entre mar\u00e7o e abril, informou hoje (12) o IBGE. Nos dois meses anteriores, a atividade patinou, com -0,1% em fevereiro e 0,1% em mar\u00e7o. Na compara\u00e7\u00e3o com abril do ano passado, houve crescimento de 1,7%, somando 1,4% em 12 meses.<\/p>\n<p>De acordo com o instituto, um dos destaques negativos ficou com o segmento que inclui hipermercados, supermercados, produtos aliment\u00edcios, bebidas e fumo: recuo de 1,8% no m\u00eas. A atividade de tecidos, vestu\u00e1rio e cal\u00e7ados caiu 5,5%. J\u00e1 a de m\u00f3veis e eletrodom\u00e9sticos cresceu 1,7%.<\/p>\n<p>Em rela\u00e7\u00e3o a abril de 2018, hipermercados e supermercados t\u00eam alta de 1,6%. J\u00e1 o segmento de combust\u00edveis e lubrificantes cai 3,6% e o de tecidos, vestu\u00e1rio e cal\u00e7ados recua 3,2%.<\/p>\n<p>O chamado com\u00e9rcio varejista ampliado ficou est\u00e1vel no m\u00eas. Esse indicador inclui ve\u00edculos, motos, partes e pe\u00e7as, que variou 0,2%, e material de constru\u00e7\u00e3o, com crescimento de 1,4%. Em 12 meses, o IBGE apura avan\u00e7o de 3,1%.<\/p>\n<p>O instituto ressalta tamb\u00e9m o desempenho do segmento setor \u201coutros artigos de uso pessoal e dom\u00e9stico\u201d, que inclui\u00a0lojas de departamentos, \u00f3ticas, joalherias, artigos esportivos e brinquedos, com expans\u00e3o de 13,4% nas vendas em rela\u00e7\u00e3o a abril de 2018. 0\u2033Neste m\u00eas, al\u00e9m do dinamismo vindo do\u00a0<em>e-commerce<\/em>, o segmento foi particularmente pressionado pelo deslocamento do feriado m\u00f3vel de P\u00e1scoa, com impactos positivos particularmente nas vendas desse setor.\u201d<\/p>\n<p><strong>Fonte: Rede Brasil Atual<\/strong><\/p>\n","protected":false},"excerpt":{"rendered":"<p>Com queda em cinco das oito atividades pesquisadas, o com\u00e9rcio registrou queda de 0,6% no volume de vendas entre mar\u00e7o e abril, informou hoje (12) o IBGE. Nos dois meses anteriores, a atividade patinou, com -0,1% em fevereiro e 0,1% em mar\u00e7o. Na compara\u00e7\u00e3o com abril do ano passado, houve crescimento de 1,7%, somando 1,4% [&hellip;]<\/p>\n","protected":false},"author":2,"featured_media":6903,"comment_status":"","ping_status":"","sticky":false,"template":"","format":"standard","meta":{"footnotes":""},"categories":[3],"tags":[],"class_list":["post-6904","post","type-post","status-publish","format-standard","has-post-thumbnail","hentry","category-noticias"],"_links":{"self":[{"href":"https:\/\/hostnetart.com.br\/baixada\/wp-json\/wp\/v2\/posts\/6904","targetHints":{"allow":["GET"]}}],"collection":[{"href":"https:\/\/hostnetart.com.br\/baixada\/wp-json\/wp\/v2\/posts"}],"about":[{"href":"https:\/\/hostnetart.com.br\/baixada\/wp-json\/wp\/v2\/types\/post"}],"author":[{"embeddable":true,"href":"https:\/\/hostnetart.com.br\/baixada\/wp-json\/wp\/v2\/users\/2"}],"replies":[{"embeddable":true,"href":"https:\/\/hostnetart.com.br\/baixada\/wp-json\/wp\/v2\/comments?post=6904"}],"version-history":[{"count":0,"href":"https:\/\/hostnetart.com.br\/baixada\/wp-json\/wp\/v2\/posts\/6904\/revisions"}],"wp:featuredmedia":[{"embeddable":true,"href":"https:\/\/hostnetart.com.br\/baixada\/wp-json\/wp\/v2\/media\/6903"}],"wp:attachment":[{"href":"https:\/\/hostnetart.com.br\/baixada\/wp-json\/wp\/v2\/media?parent=6904"}],"wp:term":[{"taxonomy":"category","embeddable":true,"href":"https:\/\/hostnetart.com.br\/baixada\/wp-json\/wp\/v2\/categories?post=6904"},{"taxonomy":"post_tag","embeddable":true,"href":"https:\/\/hostnetart.com.br\/baixada\/wp-json\/wp\/v2\/tags?post=6904"}],"curies":[{"name":"wp","href":"https:\/\/api.w.org\/{rel}","templated":true}]}}