{"id":6900,"date":"2019-06-12T14:43:01","date_gmt":"2019-06-12T17:43:01","guid":{"rendered":"https:\/\/hostnetart.com.br\/baixada\/trabalhadores-de-varias-categorias-vao-cruzar-os-bracos-nesta-sexta-14-de-junho\/"},"modified":"2019-06-12T14:43:01","modified_gmt":"2019-06-12T17:43:01","slug":"trabalhadores-de-varias-categorias-vao-cruzar-os-bracos-nesta-sexta-14-de-junho","status":"publish","type":"post","link":"https:\/\/hostnetart.com.br\/baixada\/trabalhadores-de-varias-categorias-vao-cruzar-os-bracos-nesta-sexta-14-de-junho\/","title":{"rendered":"Trabalhadores de v\u00e1rias categorias v\u00e3o cruzar os bra\u00e7os nesta sexta, 14 de junho"},"content":{"rendered":"<p>No dia 14 de junho, os trabalhadores de todo o Brasil v\u00e3o cruzar os bra\u00e7os contra a reforma da Previd\u00eancia. A\u00a0<a href=\"https:\/\/www.cut.org.br\/noticias\/com-unidade-das-centrais-a-classe-trabalhadora-vai-parar-sao-paulo-dia-14-95e5\" target=\"_blank\" rel=\"noopener noreferrer\">Greve Geral<\/a>, organizada pela Central \u00danica dos Trabalhadores (CUT) e demais centrais sindicais, j\u00e1 conta com ades\u00e3o de v\u00e1rias categorias e programa\u00e7\u00e3o de atos nas principais capitais do pa\u00eds.\u00a0<\/p>\n<p>Al\u00e9m dos banc\u00e1rios, tamb\u00e9m participar\u00e3o do movimento os metrovi\u00e1rios, ferrovi\u00e1rios, professores, metal\u00fargicos, trabalhadores da educa\u00e7\u00e3o, da sa\u00fade, de \u00e1gua e esgoto, dos Correios, da Justi\u00e7a Federal, qu\u00edmicos e rurais, portu\u00e1rios, agricultores familiares, motoristas, cobradores, caminhoneiros, eletricit\u00e1rios, urbanit\u00e1rios, vigilantes, servidores p\u00fablicos estaduais e federais, petroleiros, enfermeiros e previdenci\u00e1rios.<\/p>\n<h3><strong>Manifesta\u00e7\u00f5es em defesa da aposentadoria<\/strong><\/h3>\n<p>Acre<\/p>\n<p>A mobiliza\u00e7\u00e3o com piquete no local de trabalho de algumas categorias est\u00e1 programada para come\u00e7ar \u00e0s 7h da manh\u00e3. Depois, ser\u00e1 realizado um ato na Pra\u00e7a da Revolu\u00e7\u00e3o, no centro de Rio Branco, \u00e0s 10h, de onde sair\u00e1 um cortejo em defesa da Previd\u00eancia p\u00fablica e solid\u00e1ria e da educa\u00e7\u00e3o p\u00fablica e mais empregos. \u00c0 noite, no Cine Recreio tem noite cultural e show na Gameleira.<\/p>\n<p>Alagoas<\/p>\n<p>O ato pol\u00edtico ter\u00e1 concentra\u00e7\u00e3o \u00e0s 15h na Pra\u00e7a do Centen\u00e1rio, uma das principais de Macei\u00f3. Os alagoanos e as alagoanas tamb\u00e9m v\u00e3o se manifestar contra a inten\u00e7\u00e3o do governo Bolsonaro de privatizar o setor de saneamento b\u00e1sico no pa\u00eds, o que inclui a distribui\u00e7\u00e3o de \u00e1gua \u00e0 popula\u00e7\u00e3o.\u00a0<\/p>\n<p>Amap\u00e1\u00a0<\/p>\n<p>\u00c0s 08h, v\u00e1rias categorias dar\u00e3o in\u00edcio a paralisa\u00e7\u00e3o e \u00e0s 15 horas ter\u00e1 um ato \u201cLula Livre\u201d na Pra\u00e7a da Bandeira, em Macap\u00e1.\u00a0<\/p>\n<p>Amazonas<\/p>\n<p>O ato ser\u00e1 \u00e0s 15h, na Pra\u00e7a da Saudade em Manaus.<\/p>\n<p>Bahia<\/p>\n<p>O ato pol\u00edtico ser\u00e1 \u00e0s 14 horas na R\u00f3tula do Abacaxi, na capital baiana. Tamb\u00e9m ter\u00e1 mobiliza\u00e7\u00e3o em outros munic\u00edpios como, Serrinha, Cama\u00e7ari, Juazeiro e Porto Seguro.\u00a0<\/p>\n<p>Bras\u00edlia\u00a0<\/p>\n<p>Os cerca de 12 mil rodovi\u00e1rios, condutores e cobradores aprovaram em assembleia na sexta-feira (7) a participa\u00e7\u00e3o na Greve Geral e cruzar\u00e3o os bra\u00e7os por 24 horas.<\/p>\n<p>Cear\u00e1\u00a0<\/p>\n<p>Em Fortaleza, al\u00e9m das paralisa\u00e7\u00f5es previstas, acontecer\u00e1 a Marcha Estadual da Classe Trabalhadora contra a Destrui\u00e7\u00e3o da Previd\u00eancia na Pra\u00e7a da Bandeira, no Centro, a partir das 10h30.\u00a0<\/p>\n<p>Goi\u00e1s<\/p>\n<p>O ato pol\u00edtico ser\u00e1 \u00e0s 10 horas, na Pra\u00e7a C\u00edvica, em Goi\u00e2nia.<\/p>\n<p>Mato Grosso\u00a0<\/p>\n<p>A concentra\u00e7\u00e3o do protesto ser\u00e1 na Pra\u00e7a Ipiranga, em Cuiab\u00e1, \u00e0s 14 horas<\/p>\n<p>Mato Grosso do Sul<\/p>\n<p>Em Campo Grande com concentra\u00e7\u00e3o \u00e0s 09 horas na Pra\u00e7a do R\u00e1dio Clube\u00a0<\/p>\n<p>Minas Gerais<\/p>\n<p>O ato unificado da CUT e demais centrais e sindicatos ser\u00e1 \u00e0s 11h, com concentra\u00e7\u00e3o na Pra\u00e7a Afonso Arinos, em Belo Horizonte.\u00a0<\/p>\n<p>No Vale do A\u00e7o, a concentra\u00e7\u00e3o ser\u00e1 na Pra\u00e7a Domingos Silv\u00e9rio, conhecida como Pra\u00e7a dos Aposentados \u00e0s 14h. Em seguida ter\u00e1 caminhada pelas avenidas Get\u00falio Vargas e Wilson Alvarenga seguido com um ato pol\u00edtico em frente ao INSS.\u00a0<\/p>\n<p>Par\u00e1<\/p>\n<p>O ato ser\u00e1 \u00e0s 10 horas na Pra\u00e7a da Rep\u00fablica<\/p>\n<p>Pernambuco\u00a0<\/p>\n<p>O ato ser\u00e1 no cruzamento da Rua do Sol com Rua Guararapes, no Centro do Recife, \u00e0s 14 horas.<\/p>\n<p>Piau\u00ed<\/p>\n<p>O ato pol\u00edtico dos piauienses est\u00e1 marcado para \u00e0s 8h, na Pra\u00e7a Rio Branco.<\/p>\n<p>Rio de Janeiro<\/p>\n<p>Ato a partir das \u00e0s 15 horas na Candel\u00e1ria e caminhada para a Central do Brasil.<\/p>\n<p>Rio Grande do Norte<\/p>\n<p>Em Natal, o ato pol\u00edtico ser\u00e1 na cal\u00e7ada do Midway \u00e0s 15 horas e termina com um show pol\u00edtico cultural na pra\u00e7a de Mirassol.<\/p>\n<p>Rio Grande do Sul<\/p>\n<p>A concentra\u00e7\u00e3o do ato pol\u00edtico ser\u00e1 \u00e0s 17h, seguida de ato, \u00e0s 18h, na Esquina Democr\u00e1tica, no centro de Porto Alegre.<\/p>\n<p>Rond\u00f4nia<\/p>\n<p>O ato pol\u00edtico ser\u00e1 a partir das 08h, na Pra\u00e7a das 3 Caixas d\u2019\u00c1gua<\/p>\n<p>Roraima<\/p>\n<p>O ato da capital ser\u00e1 \u00e0s 15h, com passeata at\u00e9 a Pra\u00e7a do Centro C\u00edvico<\/p>\n<p>Santa Catarina<\/p>\n<p>Ato em Joinville ser\u00e1 a partir das 9h, na Pra\u00e7a da Bandeira.\u00a0<\/p>\n<p>S\u00e3o Paulo<\/p>\n<p>O ato pol\u00edtico ser\u00e1 na Avenida Paulista, no v\u00e3o livre do Masp, a partir das 16 horas. Uma caminhada at\u00e9 a Pra\u00e7a da Rep\u00fablica est\u00e1 para ser confirmada.<\/p>\n<p>Sergipe<\/p>\n<p>Em Aracaju, v\u00e1rios protestos ser\u00e3o realizados desde a madrugada e tamb\u00e9m no turno da manh\u00e3. \u00c0 tarde, a partir das 15h, na Pra\u00e7a General Valad\u00e3o.\u00a0<\/p>\n<p>Tocantins<\/p>\n<p>Em Palmas, a partir das 8h, na Avenida JK, pr\u00f3ximo ao Col\u00e9gio S\u00e3o Francisco.<\/p>\n<p><strong>Fonte: Contraf-CUT<\/strong><\/p>\n","protected":false},"excerpt":{"rendered":"<p>No dia 14 de junho, os trabalhadores de todo o Brasil v\u00e3o cruzar os bra\u00e7os contra a reforma da Previd\u00eancia. A\u00a0Greve Geral, organizada pela Central \u00danica dos Trabalhadores (CUT) e demais centrais sindicais, j\u00e1 conta com ades\u00e3o de v\u00e1rias categorias e programa\u00e7\u00e3o de atos nas principais capitais do pa\u00eds.\u00a0 Al\u00e9m dos banc\u00e1rios, tamb\u00e9m participar\u00e3o do [&hellip;]<\/p>\n","protected":false},"author":2,"featured_media":6899,"comment_status":"","ping_status":"","sticky":false,"template":"","format":"standard","meta":{"footnotes":""},"categories":[3],"tags":[],"class_list":["post-6900","post","type-post","status-publish","format-standard","has-post-thumbnail","hentry","category-noticias"],"_links":{"self":[{"href":"https:\/\/hostnetart.com.br\/baixada\/wp-json\/wp\/v2\/posts\/6900","targetHints":{"allow":["GET"]}}],"collection":[{"href":"https:\/\/hostnetart.com.br\/baixada\/wp-json\/wp\/v2\/posts"}],"about":[{"href":"https:\/\/hostnetart.com.br\/baixada\/wp-json\/wp\/v2\/types\/post"}],"author":[{"embeddable":true,"href":"https:\/\/hostnetart.com.br\/baixada\/wp-json\/wp\/v2\/users\/2"}],"replies":[{"embeddable":true,"href":"https:\/\/hostnetart.com.br\/baixada\/wp-json\/wp\/v2\/comments?post=6900"}],"version-history":[{"count":0,"href":"https:\/\/hostnetart.com.br\/baixada\/wp-json\/wp\/v2\/posts\/6900\/revisions"}],"wp:featuredmedia":[{"embeddable":true,"href":"https:\/\/hostnetart.com.br\/baixada\/wp-json\/wp\/v2\/media\/6899"}],"wp:attachment":[{"href":"https:\/\/hostnetart.com.br\/baixada\/wp-json\/wp\/v2\/media?parent=6900"}],"wp:term":[{"taxonomy":"category","embeddable":true,"href":"https:\/\/hostnetart.com.br\/baixada\/wp-json\/wp\/v2\/categories?post=6900"},{"taxonomy":"post_tag","embeddable":true,"href":"https:\/\/hostnetart.com.br\/baixada\/wp-json\/wp\/v2\/tags?post=6900"}],"curies":[{"name":"wp","href":"https:\/\/api.w.org\/{rel}","templated":true}]}}