{"id":6898,"date":"2019-06-12T14:41:39","date_gmt":"2019-06-12T17:41:39","guid":{"rendered":"https:\/\/hostnetart.com.br\/baixada\/o-povo-ja-nao-pode-confiar-no-que-o-moro-diz-ou-faz-avalia-desembargador\/"},"modified":"2019-06-12T14:41:39","modified_gmt":"2019-06-12T17:41:39","slug":"o-povo-ja-nao-pode-confiar-no-que-o-moro-diz-ou-faz-avalia-desembargador","status":"publish","type":"post","link":"https:\/\/hostnetart.com.br\/baixada\/o-povo-ja-nao-pode-confiar-no-que-o-moro-diz-ou-faz-avalia-desembargador\/","title":{"rendered":"\u2018O povo j\u00e1 n\u00e3o pode confiar no que o Moro diz ou faz\u2019, avalia desembargador"},"content":{"rendered":"<p>O sentido mais amplo da palavra corrup\u00e7\u00e3o d\u00e1 conta da percep\u00e7\u00e3o da sociedade quanto ao trabalho de um agente do Estado n\u00e3o ser mais confi\u00e1vel, \u00e9 isso que ocorre agora com o ministro da Justi\u00e7a e Seguran\u00e7a P\u00fablica,\u00a0<a href=\"https:\/\/www.redebrasilatual.com.br\/politica\/2019\/06\/moro-sera-questionado-sobre-conversas-com-dallagnol-no-senado-dia-19\/\" target=\"_blank\" rel=\"noopener noreferrer\">Sergio Moro<\/a>, desde o<a href=\"https:\/\/www.redebrasilatual.com.br\/destaques\/2019\/06\/chats-privados-entre-dallagnol-e-moro-sao-revelados-pelo-the-intercept\/\" target=\"_blank\" rel=\"noopener noreferrer\">\u00a0vazamento das conversas<\/a>\u00a0do ent\u00e3o juiz da Lava Jato com procuradores da opera\u00e7\u00e3o, que\u00a0<a href=\"https:\/\/www.redebrasilatual.com.br\/politica\/2019\/06\/reacao-de-procuradores-comprova-veracidade-das-reportagens-do-intercept-diz-editor\/\" target=\"_blank\" rel=\"noopener noreferrer\">revelaram atitudes il\u00edcitas<\/a>. Assim avalia o desembargador do Tribunal de Justi\u00e7a de S\u00e3o Paulo e presidente da Academia Paulista de Direito, Alfredo Atti\u00ea,\u00a0em entrevista aos jornalistas Glauco Faria e Marilu Caba\u00f1as, da\u00a0<strong>R\u00e1dio Brasil Atual,<\/strong>\u00a0na manh\u00e3 desta quarta-feira (12).<\/p>\n<p>\u201cQuando o Estado n\u00e3o \u00e9 confi\u00e1vel, o funcion\u00e1rio p\u00fablico, a autoridade, agem contra a lei, desviando-se do que \u00e9 sua obriga\u00e7\u00e3o, n\u00f3s temos a falta do la\u00e7o de confian\u00e7a e, nesse caso, existe aquilo que \u00e9 profundamente o sentido da corrup\u00e7\u00e3o, ou seja, o povo n\u00e3o pode mais confiar naquilo que o Estado diz ou faz\u201d, afirma Atti\u00ea<\/p>\n<p>De acordo com o desembargador, o<a href=\"https:\/\/www.redebrasilatual.com.br\/politica\/2019\/06\/supremo-tribunal-federal-nao-pode-fechar-os-olhos-para-as-conversas-reveladas-pela-vaza-jato\/\" target=\"_blank\" rel=\"noopener noreferrer\">\u00a0teor das conversas reveladas<\/a>\u00a0pelo site\u00a0<em>The Intercept Brasil<\/em>\u00a0indica que, como juiz, Moro\u00a0<a href=\"https:\/\/www.redebrasilatual.com.br\/politica\/2019\/06\/oposicao-quer-cpi-para-apurar-ilegalidades-cometidas-por-moro-e-dallagnol\/\" target=\"_blank\" rel=\"noopener noreferrer\">perdeu a imparcialidade<\/a>, o que \u00e9 \u201cinadmiss\u00edvel\u201d em um estado democr\u00e1tico de direito. \u201cPor isso que os fatos revelados s\u00e3o extremamente graves e, se por acaso n\u00e3o forem tomadas as medidas s\u00e9rias, ent\u00e3o n\u00f3s estaremos diante de uma crise institucional muito grave e s\u00e9ria\u201d.<\/p>\n<p>Entre as medidas que deveriam ser adotadas, Atti\u00ea destaca que a\u00a0<a href=\"https:\/\/www.redebrasilatual.com.br\/politica\/2019\/06\/lula-questionou-moro-parcialidade-dobradinha-midia\/\" target=\"_blank\" rel=\"noopener noreferrer\">atua\u00e7\u00e3o de Moro<\/a>\u00a0mostra a import\u00e2ncia de reformas no sistema penal, como a mudan\u00e7a na lei processual para que haja a introdu\u00e7\u00e3o do chamado juiz de garantias, que confira um magistrado para aceitar a den\u00fancia e outro para julgar o m\u00e9rito do processo, al\u00e9m, claro, de uma<a href=\"https:\/\/www.redebrasilatual.com.br\/politica\/2019\/06\/renuncia-de-moro-seria-atitude-mais-correta-para-governo-bolsonaro\/\" target=\"_blank\" rel=\"noopener noreferrer\">\u00a0posi\u00e7\u00e3o do presidente da Rep\u00fablica, Jair Bolsonaro<\/a>, que, para o desembargador, deveria ser manifestar em favor da legalidade e pedir o afastamento do ministro Moro, ao contr\u00e1rio da\u00a0<a href=\"https:\/\/exame.abril.com.br\/brasil\/em-primeiro-encontro-apos-vazamento-moro-e-condecorado-por-bolsonaro\/\" target=\"_blank\" rel=\"noopener noreferrer\">condecora\u00e7\u00e3o dada nesta ter\u00e7a-feira (12)<\/a>. \u201cNenhuma autoridade pode ir contra o que a Constitui\u00e7\u00e3o estabelece. Isso pode levar inclusive a pedidos s\u00e9rios de impeachment por causa desse descumprimento de obriga\u00e7\u00f5es constitucionais\u201d, ressalta Atti\u00ea.<\/p>\n<p><strong>Fonte: Rede Brasil Atual<\/strong><\/p>\n","protected":false},"excerpt":{"rendered":"<p>O sentido mais amplo da palavra corrup\u00e7\u00e3o d\u00e1 conta da percep\u00e7\u00e3o da sociedade quanto ao trabalho de um agente do Estado n\u00e3o ser mais confi\u00e1vel, \u00e9 isso que ocorre agora com o ministro da Justi\u00e7a e Seguran\u00e7a P\u00fablica,\u00a0Sergio Moro, desde o\u00a0vazamento das conversas\u00a0do ent\u00e3o juiz da Lava Jato com procuradores da opera\u00e7\u00e3o, que\u00a0revelaram atitudes il\u00edcitas. [&hellip;]<\/p>\n","protected":false},"author":2,"featured_media":6897,"comment_status":"","ping_status":"","sticky":false,"template":"","format":"standard","meta":{"footnotes":""},"categories":[3],"tags":[],"class_list":["post-6898","post","type-post","status-publish","format-standard","has-post-thumbnail","hentry","category-noticias"],"_links":{"self":[{"href":"https:\/\/hostnetart.com.br\/baixada\/wp-json\/wp\/v2\/posts\/6898","targetHints":{"allow":["GET"]}}],"collection":[{"href":"https:\/\/hostnetart.com.br\/baixada\/wp-json\/wp\/v2\/posts"}],"about":[{"href":"https:\/\/hostnetart.com.br\/baixada\/wp-json\/wp\/v2\/types\/post"}],"author":[{"embeddable":true,"href":"https:\/\/hostnetart.com.br\/baixada\/wp-json\/wp\/v2\/users\/2"}],"replies":[{"embeddable":true,"href":"https:\/\/hostnetart.com.br\/baixada\/wp-json\/wp\/v2\/comments?post=6898"}],"version-history":[{"count":0,"href":"https:\/\/hostnetart.com.br\/baixada\/wp-json\/wp\/v2\/posts\/6898\/revisions"}],"wp:featuredmedia":[{"embeddable":true,"href":"https:\/\/hostnetart.com.br\/baixada\/wp-json\/wp\/v2\/media\/6897"}],"wp:attachment":[{"href":"https:\/\/hostnetart.com.br\/baixada\/wp-json\/wp\/v2\/media?parent=6898"}],"wp:term":[{"taxonomy":"category","embeddable":true,"href":"https:\/\/hostnetart.com.br\/baixada\/wp-json\/wp\/v2\/categories?post=6898"},{"taxonomy":"post_tag","embeddable":true,"href":"https:\/\/hostnetart.com.br\/baixada\/wp-json\/wp\/v2\/tags?post=6898"}],"curies":[{"name":"wp","href":"https:\/\/api.w.org\/{rel}","templated":true}]}}