{"id":6896,"date":"2019-06-12T14:40:44","date_gmt":"2019-06-12T17:40:44","guid":{"rendered":"https:\/\/hostnetart.com.br\/baixada\/greve-geral-na-sexta-feira-professores-tambem-vao-parar-em-defesa-da-previdencia-diz-bebel\/"},"modified":"2019-06-12T14:40:44","modified_gmt":"2019-06-12T17:40:44","slug":"greve-geral-na-sexta-feira-professores-tambem-vao-parar-em-defesa-da-previdencia-diz-bebel","status":"publish","type":"post","link":"https:\/\/hostnetart.com.br\/baixada\/greve-geral-na-sexta-feira-professores-tambem-vao-parar-em-defesa-da-previdencia-diz-bebel\/","title":{"rendered":"Greve geral: na sexta-feira, professores tamb\u00e9m v\u00e3o parar em defesa da Previd\u00eancia, diz Bebel"},"content":{"rendered":"<p>A deputada estadual Maria Izabel Noronha, a\u00a0<strong>Bebel<\/strong>\u00a0(PT), n\u00e3o tem d\u00favida em afirmar que a classe trabalhadora ser\u00e1 a mais atingida pela\u00a0<strong>\u201creforma\u201d da Previd\u00eancia<\/strong>\u00a0proposta pelo governo de Jair\u00a0<strong>Bolsonaro<\/strong>\u00a0(PSL). Ela ressalta a import\u00e2ncia da\u00a0<a href=\"https:\/\/www.redebrasilatual.com.br\/destaques\/2019\/06\/movimentos-populares-e-sindicais-conclamam-povo-brasileiro-para-a-greve-geral-de-14-junho\/\" target=\"_blank\" rel=\"noopener noreferrer\">greve geral<\/a>\u00a0convocada pelas centrais para esta sexta-feira (14). Tamb\u00e9m presidenta do Sindicato dos Professores do Ensino Oficial do Estado de S\u00e3o Paulo (Apeoesp), Bebel diz n\u00e3o ser contra a \u201creforma\u201d da Previd\u00eancia apenas por \u201cser contra\u201d, mas alerta para o impacto altamente negativo.<\/p>\n<p>\u201cQuem vai pagar o pre\u00e7o dessa reforma \u00e9 a classe trabalhadora\u201d, afirma, em entrevista ao jornalista Rafael Garcia, na\u00a0<strong>R\u00e1dio Brasil Atual<\/strong>. lembrando a\u00a0<a href=\"https:\/\/www.redebrasilatual.com.br\/blogs\/blog-na-rede\/2019\/02\/deficit-da-previdencia-rombo-nas-contas-e-outras-historias-pra-boi-dormir\/\" target=\"_blank\" rel=\"noopener noreferrer\">economia prevista<\/a>\u00a0pelo governo, em torno de R$ 1,3 trilh\u00e3o em 10 anos.<\/p>\n<p>A deputada estadual enfatiza que professores e mulheres ser\u00e3o muito prejudicadas caso a proposta de Bolsonaro seja aprovada no Congresso Nacional. Lembra que as mulheres j\u00e1 n\u00e3o t\u00eam igualdade salarial e muitas cumprem jornada dupla quando s\u00e3o m\u00e3es, envolvidas na rotina do trabalho dom\u00e9stico. \u201cE isso ningu\u00e9m nos substitui.\u201d<\/p>\n<p>No caso dos professores, Bebel ainda lembra do h\u00e1bito de levar trabalho para casa, como a corre\u00e7\u00e3o de provas, estendendo a jornada que, para muitos, j\u00e1 \u00e9 cumprida trabalhando em mais de uma escola para complementar a renda.<\/p>\n<p>\u201cEnt\u00e3o, no dia 14, os professores v\u00e3o parar as escolas. \u00c9 um dia de muita for\u00e7a. Temos de demover os deputados de aprovarem uma lei t\u00e3o ruim, n\u00e3o s\u00f3 para os professores, mas para toda a classe trabalhadora\u201d, afirma a deputada Bebel.<\/p>\n<p><strong>Fonte: Rede Brasil Atual<\/strong><\/p>\n","protected":false},"excerpt":{"rendered":"<p>A deputada estadual Maria Izabel Noronha, a\u00a0Bebel\u00a0(PT), n\u00e3o tem d\u00favida em afirmar que a classe trabalhadora ser\u00e1 a mais atingida pela\u00a0\u201creforma\u201d da Previd\u00eancia\u00a0proposta pelo governo de Jair\u00a0Bolsonaro\u00a0(PSL). Ela ressalta a import\u00e2ncia da\u00a0greve geral\u00a0convocada pelas centrais para esta sexta-feira (14). Tamb\u00e9m presidenta do Sindicato dos Professores do Ensino Oficial do Estado de S\u00e3o Paulo (Apeoesp), Bebel [&hellip;]<\/p>\n","protected":false},"author":2,"featured_media":6895,"comment_status":"","ping_status":"","sticky":false,"template":"","format":"standard","meta":{"footnotes":""},"categories":[3],"tags":[],"class_list":["post-6896","post","type-post","status-publish","format-standard","has-post-thumbnail","hentry","category-noticias"],"_links":{"self":[{"href":"https:\/\/hostnetart.com.br\/baixada\/wp-json\/wp\/v2\/posts\/6896","targetHints":{"allow":["GET"]}}],"collection":[{"href":"https:\/\/hostnetart.com.br\/baixada\/wp-json\/wp\/v2\/posts"}],"about":[{"href":"https:\/\/hostnetart.com.br\/baixada\/wp-json\/wp\/v2\/types\/post"}],"author":[{"embeddable":true,"href":"https:\/\/hostnetart.com.br\/baixada\/wp-json\/wp\/v2\/users\/2"}],"replies":[{"embeddable":true,"href":"https:\/\/hostnetart.com.br\/baixada\/wp-json\/wp\/v2\/comments?post=6896"}],"version-history":[{"count":0,"href":"https:\/\/hostnetart.com.br\/baixada\/wp-json\/wp\/v2\/posts\/6896\/revisions"}],"wp:featuredmedia":[{"embeddable":true,"href":"https:\/\/hostnetart.com.br\/baixada\/wp-json\/wp\/v2\/media\/6895"}],"wp:attachment":[{"href":"https:\/\/hostnetart.com.br\/baixada\/wp-json\/wp\/v2\/media?parent=6896"}],"wp:term":[{"taxonomy":"category","embeddable":true,"href":"https:\/\/hostnetart.com.br\/baixada\/wp-json\/wp\/v2\/categories?post=6896"},{"taxonomy":"post_tag","embeddable":true,"href":"https:\/\/hostnetart.com.br\/baixada\/wp-json\/wp\/v2\/tags?post=6896"}],"curies":[{"name":"wp","href":"https:\/\/api.w.org\/{rel}","templated":true}]}}