{"id":6892,"date":"2019-06-11T15:22:14","date_gmt":"2019-06-11T18:22:14","guid":{"rendered":"https:\/\/hostnetart.com.br\/baixada\/em-editoriais-folha-e-estadao-retiram-apoio-a-moro-e-pedem-sua-renuncia\/"},"modified":"2019-06-11T15:22:14","modified_gmt":"2019-06-11T18:22:14","slug":"em-editoriais-folha-e-estadao-retiram-apoio-a-moro-e-pedem-sua-renuncia","status":"publish","type":"post","link":"https:\/\/hostnetart.com.br\/baixada\/em-editoriais-folha-e-estadao-retiram-apoio-a-moro-e-pedem-sua-renuncia\/","title":{"rendered":"Em editoriais, \u2018Folha\u2019 e \u2018Estad\u00e3o\u2019 retiram apoio a Moro e pedem sua ren\u00fancia"},"content":{"rendered":"<p>Defensores desde a primeira hora da Opera\u00e7\u00e3o Lava Jato \u2013 inclusive de muitas de suas irregularidades \u2013, os jornais\u00a0<em>Folha de S. Paulo (Folha)\u00a0<\/em>e\u00a0<em>Estado de S.Paulo (Estad\u00e3o)<\/em>\u00a0decidiram abandonar o ex-juiz S\u00e9rgio Moro, em seus editoriais publicados nesta ter\u00e7a-feira (11). Os dois ve\u00edculos criticam o atual ministro da Justi\u00e7a e pedem sua ren\u00fancia do cargo, ap\u00f3s a divulga\u00e7\u00e3o de\u00a0<a href=\"https:\/\/www.redebrasilatual.com.br\/politica\/2019\/06\/reacao-de-procuradores-comprova-veracidade-das-reportagens-do-intercept-diz-editor\/\" target=\"_blank\" rel=\"noopener noreferrer\">conversas que mostram a\u00e7\u00f5es em conluio<\/a>\u00a0de Moro com procuradores da Lava Jato, em especial no processo que levou o ex-presidente Luiz In\u00e1cio Lula da Silva \u00e0 pris\u00e3o e o retirou da disputa das elei\u00e7\u00f5es presidenciais do ano passado.<\/p>\n<p>O\u00a0<em>Estad\u00e3o<\/em>\u00a0lembra que, por muito menos, outros ministros j\u00e1 foram demitidos. \u201cSe Sergio Moro continuar a dizer que \u00e9 normal o que evidentemente n\u00e3o \u00e9, sua perman\u00eancia no governo vai se tornar insustent\u00e1vel. Fariam bem o ministro e os procuradores envolvidos nesse esc\u00e2ndalo, o primeiro, se renunciasse e, os outros, se se afastassem da for\u00e7a-tarefa, at\u00e9 que tudo se elucidasse\u201d, diz o\u00a0<a href=\"https:\/\/opiniao.estadao.com.br\/noticias\/notas-e-informacoes,muito-a-esclarecer,70002864526\" target=\"_blank\" rel=\"noopener noreferrer\">editorial<\/a>.<\/p>\n<p>O jornal ainda aponta que os efeitos pol\u00edticos da divulga\u00e7\u00e3o dessas conversas ser\u00e3o graves e que as respostas dadas, tanto por Moro quanto pelo Minist\u00e9rio P\u00fablico Federal (MPF), fortalecem a veracidade do material divulgado. Eles ainda criticam a forma com que a Lava Jato lida com as cr\u00edticas, ao sempre atribu\u00ed-las a \u201calguma iniciativa mal-intencionada para minar a luta contra a corrup\u00e7\u00e3o\u201d.<\/p>\n<p>\u201cTanto o ministro Moro como os procuradores da Lava Jato n\u00e3o enxergam em sua rela\u00e7\u00e3o bastante amistosa e \u00e0s vezes colaborativa algo que fere um dos princ\u00edpios mais comezinhos do Estado de Direito, aquele que presume simetria entre acusa\u00e7\u00e3o e defesa no tribunal\u201d, acrescenta o\u00a0<em>Estado<\/em>.<\/p>\n<p>J\u00e1 a\u00a0<em>Folha<\/em>\u00a0afirma que n\u00e3o se surpreende com a revela\u00e7\u00e3o feita pelo\u00a0<em>The Intercept Brasil\u00a0<\/em>e chama a rela\u00e7\u00e3o do magistrado com os procuradores de \u201cprom\u00edscua\u201d. \u201cCom alguma frequ\u00eancia, foi flagrada tamb\u00e9m a praticar heterodoxias processuais e a patrocinar invectivas que amea\u00e7am direitos fundamentais de quem \u00e9 perseguido por um bra\u00e7o do Estado (\u2026) N\u00e3o \u00e9 for\u00e7ando limites da lei que se debela a corrup\u00e7\u00e3o. Quando o devido processo n\u00e3o \u00e9 estritamente seguido, s\u00f3 a delinqu\u00eancia vence\u201d, afirma o jornal.<\/p>\n<p>Em quatro reportagens publicadas no domingo (9), o\u00a0<a href=\"https:\/\/www.redebrasilatual.com.br\/destaques\/2019\/06\/chats-privados-entre-dallagnol-e-moro-sao-revelados-pelo-the-intercept\/\" target=\"_blank\" rel=\"noopener noreferrer\"><em>Intercept Brasil<\/em>\u00a0aponta diversas irregularidades<\/a>, como a ado\u00e7\u00e3o de estrat\u00e9gias, por parte dos procuradores, para manter o processo do ex-presidente Lula com eles. Pela lei, procuradores n\u00e3o podem conduzir investiga\u00e7\u00f5es para manter os processos em suas m\u00e3os pois isso violaria o princ\u00edpio do promotor natural.<\/p>\n<p>Diversos juristas e advogados\u00a0<a href=\"https:\/\/www.redebrasilatual.com.br\/politica\/2019\/06\/juristas-e-advogados-exigem-afastamento-imediato-de-moro-e-dallagnol\/\" target=\"_blank\" rel=\"noopener noreferrer\">exigiram o afastamento imediato<\/a>\u00a0de Dallagnol e Moro de suas respectivas fun\u00e7\u00f5es. S\u00f3 nesta segunda-feira (10), mais de 320 profissionais de Direito assinaram manifesto em virtude do\u00a0<a href=\"https:\/\/www.redebrasilatual.com.br\/politica\/2019\/06\/conselho-do-ministerio-publico-investigacao-conversa-de-dallagnol\/\" target=\"_blank\" rel=\"noopener noreferrer\">esc\u00e2ndalo divulgado<\/a>.<\/p>\n<p><strong>Fonte: Rede Brasil Atual<\/strong><\/p>\n","protected":false},"excerpt":{"rendered":"<p>Defensores desde a primeira hora da Opera\u00e7\u00e3o Lava Jato \u2013 inclusive de muitas de suas irregularidades \u2013, os jornais\u00a0Folha de S. Paulo (Folha)\u00a0e\u00a0Estado de S.Paulo (Estad\u00e3o)\u00a0decidiram abandonar o ex-juiz S\u00e9rgio Moro, em seus editoriais publicados nesta ter\u00e7a-feira (11). Os dois ve\u00edculos criticam o atual ministro da Justi\u00e7a e pedem sua ren\u00fancia do cargo, ap\u00f3s a [&hellip;]<\/p>\n","protected":false},"author":2,"featured_media":6891,"comment_status":"","ping_status":"","sticky":false,"template":"","format":"standard","meta":{"footnotes":""},"categories":[3],"tags":[],"class_list":["post-6892","post","type-post","status-publish","format-standard","has-post-thumbnail","hentry","category-noticias"],"_links":{"self":[{"href":"https:\/\/hostnetart.com.br\/baixada\/wp-json\/wp\/v2\/posts\/6892","targetHints":{"allow":["GET"]}}],"collection":[{"href":"https:\/\/hostnetart.com.br\/baixada\/wp-json\/wp\/v2\/posts"}],"about":[{"href":"https:\/\/hostnetart.com.br\/baixada\/wp-json\/wp\/v2\/types\/post"}],"author":[{"embeddable":true,"href":"https:\/\/hostnetart.com.br\/baixada\/wp-json\/wp\/v2\/users\/2"}],"replies":[{"embeddable":true,"href":"https:\/\/hostnetart.com.br\/baixada\/wp-json\/wp\/v2\/comments?post=6892"}],"version-history":[{"count":0,"href":"https:\/\/hostnetart.com.br\/baixada\/wp-json\/wp\/v2\/posts\/6892\/revisions"}],"wp:featuredmedia":[{"embeddable":true,"href":"https:\/\/hostnetart.com.br\/baixada\/wp-json\/wp\/v2\/media\/6891"}],"wp:attachment":[{"href":"https:\/\/hostnetart.com.br\/baixada\/wp-json\/wp\/v2\/media?parent=6892"}],"wp:term":[{"taxonomy":"category","embeddable":true,"href":"https:\/\/hostnetart.com.br\/baixada\/wp-json\/wp\/v2\/categories?post=6892"},{"taxonomy":"post_tag","embeddable":true,"href":"https:\/\/hostnetart.com.br\/baixada\/wp-json\/wp\/v2\/tags?post=6892"}],"curies":[{"name":"wp","href":"https:\/\/api.w.org\/{rel}","templated":true}]}}