{"id":6890,"date":"2019-06-11T15:21:06","date_gmt":"2019-06-11T18:21:06","guid":{"rendered":"https:\/\/hostnetart.com.br\/baixada\/processos-da-lava-jato-sao-juridicamente-inexistentes-diz-associacao-de-juizes-para-a-democracia\/"},"modified":"2019-06-11T15:21:06","modified_gmt":"2019-06-11T18:21:06","slug":"processos-da-lava-jato-sao-juridicamente-inexistentes-diz-associacao-de-juizes-para-a-democracia","status":"publish","type":"post","link":"https:\/\/hostnetart.com.br\/baixada\/processos-da-lava-jato-sao-juridicamente-inexistentes-diz-associacao-de-juizes-para-a-democracia\/","title":{"rendered":"Processos da Lava Jato s\u00e3o \u2018juridicamente inexistentes\u2019, diz Associa\u00e7\u00e3o de Ju\u00edzes para a Democracia"},"content":{"rendered":"<p>As\u00a0conversas entre o ent\u00e3o juiz Sergio Moro e o promotor Deltan Dallagnol, coordenador da for\u00e7a-tarefa da Lava Jato,\u00a0vazadas pelo\u00a0<a href=\"https:\/\/www.redebrasilatual.com.br\/destaques\/2019\/06\/chats-privados-entre-dallagnol-e-moro-sao-revelados-pelo-the-intercept\/\" target=\"_blank\" rel=\"noopener noreferrer\"><em>The Intercept Brasil<\/em><\/a>, revelam que houve ajustes e aconselhamentos entre a acusa\u00e7\u00e3o e o \u00f3rg\u00e3o julgador, o que determina a inexist\u00eancia da validade de todos os processos. \u00c9 o que defende a Associa\u00e7\u00e3o de Ju\u00edzes para a Democracia (<a href=\"https:\/\/ajd.org.br\/\" target=\"_blank\" rel=\"noopener noreferrer\">AJD<\/a>), Valdete Souto Severo.<\/p>\n<p>\u201cUm processo que \u00e9 feito por um juiz que n\u00e3o \u00e9 imparcial, que tem ajustes com uma das partes \u2013 para que o processo seja conduzido desse ou daquele modo, para que determinada prova seja produzida ou n\u00e3o \u2013, \u00e9 um processo que juridicamente n\u00e3o existe\u201d, afirma Valdete, em entrevista aos jornalistas Maril\u00fa Caba\u00f1as e Glauco Faria para o\u00a0<a href=\"https:\/\/www.youtube.com\/watch?v=kzkV2WoXqng\"><em>Jornal Brasil Atual<\/em><\/a>\u00a0nesta ter\u00e7a-feira (11).<\/p>\n<p>A AJD e a Associa\u00e7\u00e3o Latinoamericana de Ju\u00edzes do Trabalho (ALJT), divulgaram\u00a0<a href=\"https:\/\/www.redebrasilatual.com.br\/destaques\/2019\/06\/lava-jato-associacoes-de-juizes-pede-a-soltura-imediata-de-lula-e-o-fim-da-operacao\/\" target=\"_blank\" rel=\"noopener noreferrer\">nota<\/a>\u00a0exigindo a imediata soltura do ex-presidente Luiz In\u00e1cio Lula da Silva \u201ce de todas as v\u00edtimas do processo il\u00edcito relevado pelos di\u00e1logos que vieram a p\u00fablico na data de hoje, bem como a exonera\u00e7\u00e3o do ministro S\u00e9rgio Moro e investiga\u00e7\u00e3o dos integrantes do Minist\u00e9rio P\u00fablico Federal referidos na\u00a0<a href=\"https:\/\/www.redebrasilatual.com.br\/destaques\/2019\/06\/chats-privados-entre-dallagnol-e-moro-sao-revelados-pelo-the-intercept\/\">aludida reportagem<\/a>, atos essenciais para a retomada do Estado Democr\u00e1tico de Direito em nosso pa\u00eds, condi\u00e7\u00e3o para a supera\u00e7\u00e3o da crise pol\u00edtico-institucional em curso e o retorno \u00e0 normalidade democr\u00e1tica\u201d.<\/p>\n<p>A Segunda Turma do Supremo Tribunal Federal (STF) deve julgar nesta ter\u00e7a-feira (11) dois pedidos de\u00a0<a href=\"https:\/\/www.redebrasilatual.com.br\/politica\/2019\/06\/libertacao-de-lula-e-injustica-historica-a-ser-reparada\/\" target=\"_blank\" rel=\"noopener noreferrer\">liberdade<\/a>\u00a0do ex-presidente. \u201c\u00c9 o \u00fanico \u00f3rg\u00e3o que tem condi\u00e7\u00f5es de fazer que todos esses erros sejam corrigidos e o curso da normalidade democr\u00e1tica seja retomado no Brasil\u201d, afirma Souto Severo.<\/p>\n<p>Ela lembra que o ministro Gilmar Mendes utilizou conte\u00fados vazados ilegalmente por Moro para barrar a\u00a0<a href=\"https:\/\/www.redebrasilatual.com.br\/politica\/2016\/04\/stf-julga-hoje-validade-da-nomeacao-de-lula-para-a-casa-civil-7864\/\" target=\"_blank\" rel=\"noopener noreferrer\">nomea\u00e7\u00e3o<\/a>\u00a0de Lula como ministro da Casa Civil no governo Dilma. \u201cEspero que a mesma l\u00f3gica valha agora. Independentemente do fato das conversas terem sido obtidas por meios il\u00edcitos, n\u00e3o podemos ignorar que o conte\u00fado dessas conversas n\u00e3o foi negado, e revela uma uni\u00e3o da acusa\u00e7\u00e3o com o \u00f3rg\u00e3o julgador, que eiva o processo de nulidades.\u201d<\/p>\n<h3>Ou\u00e7a a \u00edntegra da entrevista:\u00a0<a href=\"https:\/\/soundcloud.com\/redebrasilatual\/1106-valdete-solto-severo\">https:\/\/soundcloud.com\/redebrasilatual\/1106-valdete-solto-severo<\/a><\/h3>\n<p><strong>Fonte: Rede Brasil Atual<\/strong><\/p>\n","protected":false},"excerpt":{"rendered":"<p>As\u00a0conversas entre o ent\u00e3o juiz Sergio Moro e o promotor Deltan Dallagnol, coordenador da for\u00e7a-tarefa da Lava Jato,\u00a0vazadas pelo\u00a0The Intercept Brasil, revelam que houve ajustes e aconselhamentos entre a acusa\u00e7\u00e3o e o \u00f3rg\u00e3o julgador, o que determina a inexist\u00eancia da validade de todos os processos. \u00c9 o que defende a Associa\u00e7\u00e3o de Ju\u00edzes para a [&hellip;]<\/p>\n","protected":false},"author":2,"featured_media":6889,"comment_status":"","ping_status":"","sticky":false,"template":"","format":"standard","meta":{"footnotes":""},"categories":[3],"tags":[],"class_list":["post-6890","post","type-post","status-publish","format-standard","has-post-thumbnail","hentry","category-noticias"],"_links":{"self":[{"href":"https:\/\/hostnetart.com.br\/baixada\/wp-json\/wp\/v2\/posts\/6890","targetHints":{"allow":["GET"]}}],"collection":[{"href":"https:\/\/hostnetart.com.br\/baixada\/wp-json\/wp\/v2\/posts"}],"about":[{"href":"https:\/\/hostnetart.com.br\/baixada\/wp-json\/wp\/v2\/types\/post"}],"author":[{"embeddable":true,"href":"https:\/\/hostnetart.com.br\/baixada\/wp-json\/wp\/v2\/users\/2"}],"replies":[{"embeddable":true,"href":"https:\/\/hostnetart.com.br\/baixada\/wp-json\/wp\/v2\/comments?post=6890"}],"version-history":[{"count":0,"href":"https:\/\/hostnetart.com.br\/baixada\/wp-json\/wp\/v2\/posts\/6890\/revisions"}],"wp:featuredmedia":[{"embeddable":true,"href":"https:\/\/hostnetart.com.br\/baixada\/wp-json\/wp\/v2\/media\/6889"}],"wp:attachment":[{"href":"https:\/\/hostnetart.com.br\/baixada\/wp-json\/wp\/v2\/media?parent=6890"}],"wp:term":[{"taxonomy":"category","embeddable":true,"href":"https:\/\/hostnetart.com.br\/baixada\/wp-json\/wp\/v2\/categories?post=6890"},{"taxonomy":"post_tag","embeddable":true,"href":"https:\/\/hostnetart.com.br\/baixada\/wp-json\/wp\/v2\/tags?post=6890"}],"curies":[{"name":"wp","href":"https:\/\/api.w.org\/{rel}","templated":true}]}}