{"id":6888,"date":"2019-06-11T14:06:48","date_gmt":"2019-06-11T17:06:48","guid":{"rendered":"https:\/\/hostnetart.com.br\/baixada\/informalidade-no-mercado-de-trabalho-faz-o-brasil-perder-r-382-bilhoes-em-arrecadacao\/"},"modified":"2019-06-11T14:06:48","modified_gmt":"2019-06-11T17:06:48","slug":"informalidade-no-mercado-de-trabalho-faz-o-brasil-perder-r-382-bilhoes-em-arrecadacao","status":"publish","type":"post","link":"https:\/\/hostnetart.com.br\/baixada\/informalidade-no-mercado-de-trabalho-faz-o-brasil-perder-r-382-bilhoes-em-arrecadacao\/","title":{"rendered":"Informalidade no mercado de trabalho faz o Brasil perder R$ 382 bilh\u00f5es em arrecada\u00e7\u00e3o"},"content":{"rendered":"<p>O Brasil deixou de arrecadar, em 2018, cerca de R$ 382 bilh\u00f5es em tributos devido \u00e0\u00a0<a href=\"https:\/\/www.redebrasilatual.com.br\/trabalho\/2019\/02\/nao-existe-empreendedorismo-mas-gestao-da-sobrevivencia-diz-pesquisadora\/\" target=\"_blank\" rel=\"noopener noreferrer\">economia informal<\/a>, o equivalente a 5,6% do Produto Interno Bruto (PIB), de acordo com levantamento realizado pela economista Vilma da Concei\u00e7\u00e3o Pinto, pesquisadora do Instituto Brasileiro de Economia da Funda\u00e7\u00e3o Get\u00falio Vargas (Ibre\/FGV).<\/p>\n<p>Os dados mostram que a perda de arrecada\u00e7\u00e3o com a informalidade avan\u00e7ou, em rela\u00e7\u00e3o a 2017,\u00a0 em decorr\u00eancia da grave recess\u00e3o e da lenta recupera\u00e7\u00e3o da economia, em que\u00a0<a href=\"https:\/\/www.redebrasilatual.com.br\/economia\/2019\/03\/ipea-queda-do-emprego-faz-crescer-numero-de-domicilios-sem-renda\/\" target=\"_blank\" rel=\"noopener noreferrer\">crescem apenas postos de trabalho sem prote\u00e7\u00e3o legal<\/a>, ou seja, informais.<\/p>\n<p>S\u00f3 no in\u00edcio deste ano, o IBGE apontou um recorde de 11,2 milh\u00f5es de empregados\u00a0<a href=\"https:\/\/www.redebrasilatual.com.br\/economia\/2019\/02\/informalidade-tambem-puxa-para-baixo-contribuicoes-a-previdencia\/\" target=\"_blank\" rel=\"noopener noreferrer\">sem carteira assinada<\/a>, outros 23,3 milh\u00f5es aut\u00f4nomos e 6,2 milh\u00f5es de trabalhadores dom\u00e9sticos, sendo que menos de um ter\u00e7o com carteira assinada.<\/p>\n<p>Em entrevista \u00e0 jornalista Marilu Caba\u00f1as, da\u00a0<strong>R\u00e1dio Brasil Atual<\/strong>, o diretor t\u00e9cnico do Dieese, Clemente Ganz L\u00facio, explica que o aumento no n\u00famero de postos de trabalho informais tem uma repercuss\u00e3o negativa sobre o governo federal, estadual e municipal, que deixam de arrecadar com a falta de registros das empresas, al\u00e9m de\u00a0<a href=\"https:\/\/www.redebrasilatual.com.br\/trabalho\/2019\/05\/desemprego-informalidade-e-reforma-da-previdencia-tornam-aposentadoria-um-sonho-distante\/\" target=\"_blank\" rel=\"noopener noreferrer\">causar impactos tamb\u00e9m na Previd\u00eancia Social<\/a>, que perde em contribui\u00e7\u00f5es. Segundo Clemente, com uma pol\u00edtica mais voltada ao crescimento econ\u00f4mico e \u00e0 formaliza\u00e7\u00e3o trabalhista, o\u00a0<a href=\"https:\/\/www.redebrasilatual.com.br\/trabalho\/2019\/02\/problema-da-previdencia-esta-na-sonegacao-e-na-precarizacao-do-mercado-do-trabalho\/\" target=\"_blank\" rel=\"noopener noreferrer\">governo n\u00e3o teria dificuldade em financiar<\/a>\u00a0o regime previdenci\u00e1rio.<\/p>\n<p>\u201cO governo olhando para esse problema, ao inv\u00e9s de retomar o crescimento e recuperar a receita da Previd\u00eancia, faz um projeto para arrochar direitos dos trabalhadores, cortando benef\u00edcios, tirando a prote\u00e7\u00e3o previdenci\u00e1ria especialmente daqueles que t\u00eam os menores rendimentos\u201d, critica em refer\u00eancia \u00e0\u00a0<a href=\"https:\/\/www.redebrasilatual.com.br\/trabalho\/2019\/06\/fake-news-reforma-previdencia\/\" target=\"_blank\" rel=\"noopener noreferrer\">\u201creforma\u201d da Previd\u00eancia<\/a>\u00a0que tramita no Congresso e que, de acordo com o diretor t\u00e9cnico,<a href=\"https:\/\/www.redebrasilatual.com.br\/trabalho\/2019\/02\/desalento-e-informalidade-devem-aumentar-no-governo-bolsonaro-preve-dieese-1\/\" target=\"_blank\" rel=\"noopener noreferrer\">\u00a0deve agravar ainda mais<\/a>\u00a0esse cen\u00e1rio de perdas econ\u00f4micas no Brasil.<\/p>\n<p><span style=\"text-decoration: underline;\"><strong>Fonte: Rede Brasil Atual<\/strong><\/span><\/p>\n","protected":false},"excerpt":{"rendered":"<p>O Brasil deixou de arrecadar, em 2018, cerca de R$ 382 bilh\u00f5es em tributos devido \u00e0\u00a0economia informal, o equivalente a 5,6% do Produto Interno Bruto (PIB), de acordo com levantamento realizado pela economista Vilma da Concei\u00e7\u00e3o Pinto, pesquisadora do Instituto Brasileiro de Economia da Funda\u00e7\u00e3o Get\u00falio Vargas (Ibre\/FGV). Os dados mostram que a perda de [&hellip;]<\/p>\n","protected":false},"author":2,"featured_media":6887,"comment_status":"","ping_status":"","sticky":false,"template":"","format":"standard","meta":{"footnotes":""},"categories":[3],"tags":[],"class_list":["post-6888","post","type-post","status-publish","format-standard","has-post-thumbnail","hentry","category-noticias"],"_links":{"self":[{"href":"https:\/\/hostnetart.com.br\/baixada\/wp-json\/wp\/v2\/posts\/6888","targetHints":{"allow":["GET"]}}],"collection":[{"href":"https:\/\/hostnetart.com.br\/baixada\/wp-json\/wp\/v2\/posts"}],"about":[{"href":"https:\/\/hostnetart.com.br\/baixada\/wp-json\/wp\/v2\/types\/post"}],"author":[{"embeddable":true,"href":"https:\/\/hostnetart.com.br\/baixada\/wp-json\/wp\/v2\/users\/2"}],"replies":[{"embeddable":true,"href":"https:\/\/hostnetart.com.br\/baixada\/wp-json\/wp\/v2\/comments?post=6888"}],"version-history":[{"count":0,"href":"https:\/\/hostnetart.com.br\/baixada\/wp-json\/wp\/v2\/posts\/6888\/revisions"}],"wp:featuredmedia":[{"embeddable":true,"href":"https:\/\/hostnetart.com.br\/baixada\/wp-json\/wp\/v2\/media\/6887"}],"wp:attachment":[{"href":"https:\/\/hostnetart.com.br\/baixada\/wp-json\/wp\/v2\/media?parent=6888"}],"wp:term":[{"taxonomy":"category","embeddable":true,"href":"https:\/\/hostnetart.com.br\/baixada\/wp-json\/wp\/v2\/categories?post=6888"},{"taxonomy":"post_tag","embeddable":true,"href":"https:\/\/hostnetart.com.br\/baixada\/wp-json\/wp\/v2\/tags?post=6888"}],"curies":[{"name":"wp","href":"https:\/\/api.w.org\/{rel}","templated":true}]}}