{"id":6878,"date":"2019-06-10T17:59:25","date_gmt":"2019-06-10T20:59:25","guid":{"rendered":"https:\/\/hostnetart.com.br\/baixada\/mensagens-entre-moro-e-procuradores-da-lava-jato-repercutem-na-imprensa-internacional\/"},"modified":"2019-06-10T17:59:25","modified_gmt":"2019-06-10T20:59:25","slug":"mensagens-entre-moro-e-procuradores-da-lava-jato-repercutem-na-imprensa-internacional","status":"publish","type":"post","link":"https:\/\/hostnetart.com.br\/baixada\/mensagens-entre-moro-e-procuradores-da-lava-jato-repercutem-na-imprensa-internacional\/","title":{"rendered":"Mensagens entre Moro e procuradores da Lava Jato repercutem na imprensa internacional"},"content":{"rendered":"<p>As mensagens <a href=\"https:\/\/www.redebrasilatual.com.br\/destaques\/2019\/06\/lava-jato-associacoes-de-juizes-pede-a-soltura-imediata-de-lula-e-o-fim-da-operacao\/\" target=\"_blank\" rel=\"noopener noreferrer\">reveladas por\u00a0<em>The Intercept Brasil<\/em><\/a> envolvendo o atual ministro da Justi\u00e7a e ex-juiz, Sergio Moro, e os procuradores da for\u00e7a tarefa da Lava Jato em Curitiba s\u00e3o assunto na m\u00eddia internacional. O site do jornal <em>El Clar\u00edn<\/em>, da Argentina, <a href=\"https:\/\/www.clarin.com\/mundo\/brasil-investigacion-filtra-mensajes-moro-cuestiona-imparcialidad-causa-lava-jato-lula-da-silva_0_qTMN_OJYb.html\">abre sua mat\u00e9ria<\/a> dizendo que \u201cos procuradores brasileiros atuaram deliberadamente e em ocasi\u00f5es coordenadas com o juiz e atual ministro da Justi\u00e7a, Sergio Moro, para prejudicar o ex-presidente Luiz In\u00e1cio <strong>Lula<\/strong> da Silva, preso por corrup\u00e7\u00e3o, e para evitar o regresso da esquerda ao governo\u201d.<\/p>\n<p>Nos trending topics do Twitter, express\u00f5es #VazaJato, #VazaMoro, #EuApoioIntercptBR e #MoroCriminoso superam a tag #EuApoioLavaJato. Habituado a se manifestar pela rede social, o presidente Jair Bolosonaro, at\u00e9 13h10 desta segunda-feira (10) n\u00e3o havia comentado o assunto e estava a 17 horas sem tuitar nada.<\/p>\n<p>O ve\u00edculo argentino tamb\u00e9m destaca <a href=\"https:\/\/www.redebrasilatual.com.br\/destaques\/2019\/06\/ninguem-pode-ter-duvida-de-que-os-processos-contra-o-ex-presidente-lula-estao-corrompidos-diz-zanin\/\" target=\"_blank\" rel=\"noopener noreferrer\">a nota divulgada neste domingo (9) pela defesa de Lula<\/a>. \u201cA defesa do ex-presidente afirma que os documentos divulgados por The Intercept Brasil mostram que a atua\u00e7\u00e3o dos procuradores e do ex-juiz, Sergio Moro, teve um \u2018objetivo pol\u00edtico\u2019.\u201d<\/p>\n<p>A ag\u00eancia norte-americana\u00a0<em>Bloomberg<\/em> <a href=\"https:\/\/www.bloomberg.com\/news\/articles\/2019-06-10\/leaked-carwash-messages-raise-political-temperature-in-brazil\" target=\"_blank\" rel=\"noopener noreferrer\">destaca que as mensagens reveladas<\/a> pelo <em>The Intercept Brasil<\/em>\u00a0mostram Moro compartilhando informa\u00e7\u00f5es e dando dicas aos procuradores que trabalhavam no caso que resultou na condena\u00e7\u00e3o do ex-presidente Lula por corrup\u00e7\u00e3o e lavagem de dinheiro. O ve\u00edculo ainda destaca os esfor\u00e7os dos procuradores em impedir Lula de conceder entrevista antes da elei\u00e7\u00e3o de 2018, com receio de que pudesse aumentar as chances do candidato petista \u00e0 presid\u00eancia, Fernando Haddad.<\/p>\n<h3>Amplas repercuss\u00f5es<\/h3>\n<p>\u201cNos \u00faltimos cinco anos, a Lava Jato revelou um enorme esquema de propinas envolvendo as maiores empreiteiras do pa\u00eds e l\u00edderes pol\u00edticos em contratos com empresas estatais. O presidente Jair Bolsonaro se beneficiou de uma onda popular de desgosto com a corrup\u00e7\u00e3o que o levou \u00e0 vit\u00f3ria no ano passado, enquanto seu advers\u00e1rio mais popular estava na cadeia. A reportagem vem em um momento sens\u00edvel para o presidente, que est\u00e1 tentando reunir apoio pol\u00edtico para a aprova\u00e7\u00e3o de uma pol\u00eamica revis\u00e3o do sistema de pens\u00f5es no Congresso\u201d, analisa a <em>Bloomberg<\/em>.<\/p>\n<div id=\"attachment_361481\" class=\"wp-caption alignleft\" style=\"width: 266px;\"><img fetchpriority=\"high\" decoding=\"async\" class=\"size-medium wp-image-361481\" src=\"https:\/\/www.redebrasilatual.com.br\/wp-content\/uploads\/2019\/06\/estadao-256x300.jpg\" alt=\"reprodu\u00e7\u00e3o\" width=\"256\" height=\"300\" \/><\/p>\n<p class=\"wp-caption-text\">Ato falho. Jornal O Estado de S. Paulo chama Moro de ex-ministro<\/p>\n<\/div>\n<p>O site ainda repercute a an\u00e1lise da consultoria Arko Advice, para quem as reportagens \u201cs\u00e3o suscet\u00edveis de terem amplas repercuss\u00f5es pol\u00edticas e jur\u00eddicas, incluindo uma poss\u00edvel tentativa de legisladores de criar uma Comiss\u00e3o de Inqu\u00e9rito no Congresso, processos judiciais buscando a anula\u00e7\u00e3o de senten\u00e7as da Lava-Jato, e um eventual atraso no debate da reforma da Previd\u00eancia no Congresso\u201d.<\/p>\n<p>O tradicional jornal franc\u00eas <em>Le Monde<\/em> <a href=\"https:\/\/www.lemonde.fr\/international\/article\/2019\/06\/10\/bresil-selon-the-intercept-la-vaste-enquete-anticorruption-visait-a-empecher-le-retour-au-pouvoir-de-lula_5474140_3210.html\" target=\"_blank\" rel=\"noopener noreferrer\">tamb\u00e9m trata do assunto nesta segunda-feira<\/a> (10). Em seu site, o ve\u00edculo abre sua mat\u00e9ria questionando: \u201cE se o maior esc\u00e2ndalo de corrup\u00e7\u00e3o na hist\u00f3ria do pa\u00eds tivesse sido manipulado?\u201d. Na sequ\u00eancia, o <em>Le Monde<\/em> diz que\u00a0<em>The Intercept Brasil<\/em> revelou \u201cinforma\u00e7\u00f5es indicando que os respons\u00e1veis pela investiga\u00e7\u00e3o anti-corrup\u00e7\u00e3o \u2018Lava Jato\u2019, teriam manobrado para evitar o retorno do antigo presidente de esquerda Lula ao poder em 2018\u201d.<\/p>\n<p>\u201cOutras mensagens tamb\u00e9m revelam que os pr\u00f3prios promotores tinham \u2018s\u00e9rias d\u00favidas sobre a exist\u00eancia de provas suficientes da culpa de Lula\u2019 no caso do suborno do apartamento tr\u00edplex, que finalmente o mandou para a pris\u00e3o por oito anos e dez meses depois de uma recente revis\u00e3o de sua senten\u00e7a\u201d, diz trecho da mat\u00e9ria do <em>Le Monde<\/em>.<\/p>\n<p>O<em>\u00a0The Washington Post<\/em>\u00a0<a href=\"https:\/\/www.washingtonpost.com\/world\/the_americas\/brazil-justice-minister-laments-hack-of-prosecutors-phones\/2019\/06\/09\/13e4dc22-8b29-11e9-b6f4-033356502dce_story.html?noredirect=on&amp;utm_term=.3c67b423972d\" target=\"_blank\" rel=\"noopener noreferrer\">informa que as reportagens<\/a> revelam que o juiz Moro e os procuradores envolvidos na investiga\u00e7\u00e3o contra o ex-presidente Lula trocaram mensagens discutindo o caso. \u201cDe acordo com a reportagem, Moro orientou os procuradores, ultrapassando seus deveres como juiz\u201d, diz o jornal.<\/p>\n<p><strong>Fonte: Rede Brasil Atual<\/strong><\/p>\n","protected":false},"excerpt":{"rendered":"<p>As mensagens reveladas por\u00a0The Intercept Brasil envolvendo o atual ministro da Justi\u00e7a e ex-juiz, Sergio Moro, e os procuradores da for\u00e7a tarefa da Lava Jato em Curitiba s\u00e3o assunto na m\u00eddia internacional. O site do jornal El Clar\u00edn, da Argentina, abre sua mat\u00e9ria dizendo que \u201cos procuradores brasileiros atuaram deliberadamente e em ocasi\u00f5es coordenadas com [&hellip;]<\/p>\n","protected":false},"author":2,"featured_media":6877,"comment_status":"","ping_status":"","sticky":false,"template":"","format":"standard","meta":{"footnotes":""},"categories":[3],"tags":[],"class_list":["post-6878","post","type-post","status-publish","format-standard","has-post-thumbnail","hentry","category-noticias"],"_links":{"self":[{"href":"https:\/\/hostnetart.com.br\/baixada\/wp-json\/wp\/v2\/posts\/6878","targetHints":{"allow":["GET"]}}],"collection":[{"href":"https:\/\/hostnetart.com.br\/baixada\/wp-json\/wp\/v2\/posts"}],"about":[{"href":"https:\/\/hostnetart.com.br\/baixada\/wp-json\/wp\/v2\/types\/post"}],"author":[{"embeddable":true,"href":"https:\/\/hostnetart.com.br\/baixada\/wp-json\/wp\/v2\/users\/2"}],"replies":[{"embeddable":true,"href":"https:\/\/hostnetart.com.br\/baixada\/wp-json\/wp\/v2\/comments?post=6878"}],"version-history":[{"count":0,"href":"https:\/\/hostnetart.com.br\/baixada\/wp-json\/wp\/v2\/posts\/6878\/revisions"}],"wp:featuredmedia":[{"embeddable":true,"href":"https:\/\/hostnetart.com.br\/baixada\/wp-json\/wp\/v2\/media\/6877"}],"wp:attachment":[{"href":"https:\/\/hostnetart.com.br\/baixada\/wp-json\/wp\/v2\/media?parent=6878"}],"wp:term":[{"taxonomy":"category","embeddable":true,"href":"https:\/\/hostnetart.com.br\/baixada\/wp-json\/wp\/v2\/categories?post=6878"},{"taxonomy":"post_tag","embeddable":true,"href":"https:\/\/hostnetart.com.br\/baixada\/wp-json\/wp\/v2\/tags?post=6878"}],"curies":[{"name":"wp","href":"https:\/\/api.w.org\/{rel}","templated":true}]}}