{"id":6874,"date":"2019-06-10T17:55:14","date_gmt":"2019-06-10T20:55:14","guid":{"rendered":"https:\/\/hostnetart.com.br\/baixada\/financiarios-terao-reajuste-de-5-83\/"},"modified":"2019-06-10T17:55:14","modified_gmt":"2019-06-10T20:55:14","slug":"financiarios-terao-reajuste-de-5-83","status":"publish","type":"post","link":"https:\/\/hostnetart.com.br\/baixada\/financiarios-terao-reajuste-de-5-83\/","title":{"rendered":"Financi\u00e1rios ter\u00e3o reajuste de 5,83%"},"content":{"rendered":"<p>O Instituto Brasileiro de Geografia e Estat\u00edstica (IBGE) divulgou nesta sexta-feira (7) o \u00cdndice Nacional de Pre\u00e7os ao Consumidor (INPC) de maio. A varia\u00e7\u00e3o acumulada nos \u00faltimos 12 meses ficou em 4,78%. Somado o aumento real de 1%, acordado na Conven\u00e7\u00e3o Coletiva de Trabalho (CCT), o reajuste da categoria ser\u00e1 5,83%, no sal\u00e1rio e nas demais cl\u00e1usulas econ\u00f4micas.<\/p>\n<p>\u201cSabemos que os trabalhadores merecem muito mais, mas, na atual conjuntura, temos que comemorar um reajuste com aumento real de 1% em todas as cl\u00e1usulas econ\u00f4micas\u201d, disse o dirigente da Confedera\u00e7\u00e3o Nacional dos Trabalhadores do Ramo Financeiro (Contraf-CUT, Jair Alves, que coordena a representa\u00e7\u00e3o dos trabalhadores mesa de negocia\u00e7\u00f5es com a Federa\u00e7\u00e3o Interestadual das Institui\u00e7\u00f5es de Cr\u00e9dito, Financiamento e Investimento (Fenacrefi).<\/p>\n<p>\u201cEste reajuste \u00e9 uma conquista da campanha realizada em 2018, quando firmamos um acordo de dois anos que garantiu o aumento real de 1% acima da infla\u00e7\u00e3o neste ano\u201d, explicou o dirigente da Contraf-CUT.<\/p>\n<h3>PLR<\/h3>\n<p>A primeira parcela da Participa\u00e7\u00e3o nos Lucros ou Resultados (PLR) pode ser paga at\u00e9 dia 20 de setembro. Pela regra b\u00e1sica os trabalhadores t\u00eam direito a receber o valor referente a 90% do sal\u00e1rio, mais um valor fixo de R$ 2.826,60. Al\u00e9m deste valor, h\u00e1 um adicional de 20% do valor fixo, que ser\u00e1 de R$ 565,32.<\/p>\n<p>Al\u00e9m da primeira parcelada da PLR, os funcion\u00e1rios do Ita\u00fa ligados \u00e0s financeiras receber\u00e3o os valores correspondentes ao Programa Complementar de Resultados (PCR).<\/p>\n<p>O reajuste tamb\u00e9m incide sobre vales alimenta\u00e7\u00e3o e refei\u00e7\u00e3o, gratifica\u00e7\u00f5es e demais cl\u00e1usulas econ\u00f4micas da CCT da categoria (veja tabela abaixo).<\/p>\n<div class=\"wp-block-image\">\n<figure class=\"aligncenter\"><img decoding=\"async\" class=\"wp-image-271257 lazyloaded\" src=\"https:\/\/contrafcut.com.br\/wp-content\/uploads\/2019\/06\/tabela-clausulas-economicas-2019_final-financiarios.jpg?x29389\" sizes=\"(max-width: 660px) 100vw, 660px\" srcset=\"https:\/\/contrafcut.com.br\/wp-content\/uploads\/2019\/06\/tabela-clausulas-economicas-2019_final-financiarios.jpg 660w, https:\/\/contrafcut.com.br\/wp-content\/uploads\/2019\/06\/tabela-clausulas-economicas-2019_final-financiarios-277x230.jpg 277w\" alt=\"\" data-lazy-srcset=\"https:\/\/contrafcut.com.br\/wp-content\/uploads\/2019\/06\/tabela-clausulas-economicas-2019_final-financiarios.jpg 660w, https:\/\/contrafcut.com.br\/wp-content\/uploads\/2019\/06\/tabela-clausulas-economicas-2019_final-financiarios-277x230.jpg 277w\" data-lazy-sizes=\"(max-width: 660px) 100vw, 660px\" data-lazy-src=\"https:\/\/contrafcut.com.br\/wp-content\/uploads\/2019\/06\/tabela-clausulas-economicas-2019_final-financiarios.jpg?x29389\" data-was-processed=\"true\" \/><\/figure>\n<p><strong>Fonte: Contraf-CUT<\/strong><\/p>\n<\/div>\n","protected":false},"excerpt":{"rendered":"<p>O Instituto Brasileiro de Geografia e Estat\u00edstica (IBGE) divulgou nesta sexta-feira (7) o \u00cdndice Nacional de Pre\u00e7os ao Consumidor (INPC) de maio. A varia\u00e7\u00e3o acumulada nos \u00faltimos 12 meses ficou em 4,78%. Somado o aumento real de 1%, acordado na Conven\u00e7\u00e3o Coletiva de Trabalho (CCT), o reajuste da categoria ser\u00e1 5,83%, no sal\u00e1rio e nas [&hellip;]<\/p>\n","protected":false},"author":2,"featured_media":6873,"comment_status":"","ping_status":"","sticky":false,"template":"","format":"standard","meta":{"footnotes":""},"categories":[3],"tags":[],"class_list":["post-6874","post","type-post","status-publish","format-standard","has-post-thumbnail","hentry","category-noticias"],"_links":{"self":[{"href":"https:\/\/hostnetart.com.br\/baixada\/wp-json\/wp\/v2\/posts\/6874","targetHints":{"allow":["GET"]}}],"collection":[{"href":"https:\/\/hostnetart.com.br\/baixada\/wp-json\/wp\/v2\/posts"}],"about":[{"href":"https:\/\/hostnetart.com.br\/baixada\/wp-json\/wp\/v2\/types\/post"}],"author":[{"embeddable":true,"href":"https:\/\/hostnetart.com.br\/baixada\/wp-json\/wp\/v2\/users\/2"}],"replies":[{"embeddable":true,"href":"https:\/\/hostnetart.com.br\/baixada\/wp-json\/wp\/v2\/comments?post=6874"}],"version-history":[{"count":0,"href":"https:\/\/hostnetart.com.br\/baixada\/wp-json\/wp\/v2\/posts\/6874\/revisions"}],"wp:featuredmedia":[{"embeddable":true,"href":"https:\/\/hostnetart.com.br\/baixada\/wp-json\/wp\/v2\/media\/6873"}],"wp:attachment":[{"href":"https:\/\/hostnetart.com.br\/baixada\/wp-json\/wp\/v2\/media?parent=6874"}],"wp:term":[{"taxonomy":"category","embeddable":true,"href":"https:\/\/hostnetart.com.br\/baixada\/wp-json\/wp\/v2\/categories?post=6874"},{"taxonomy":"post_tag","embeddable":true,"href":"https:\/\/hostnetart.com.br\/baixada\/wp-json\/wp\/v2\/tags?post=6874"}],"curies":[{"name":"wp","href":"https:\/\/api.w.org\/{rel}","templated":true}]}}