{"id":6868,"date":"2019-06-07T15:43:21","date_gmt":"2019-06-07T18:43:21","guid":{"rendered":"https:\/\/hostnetart.com.br\/baixada\/precos-dos-alimentos-caem-gas-de-botijao-energia-e-gasolina-sobem-inflacao-cede-em-maio\/"},"modified":"2019-06-07T15:43:21","modified_gmt":"2019-06-07T18:43:21","slug":"precos-dos-alimentos-caem-gas-de-botijao-energia-e-gasolina-sobem-inflacao-cede-em-maio","status":"publish","type":"post","link":"https:\/\/hostnetart.com.br\/baixada\/precos-dos-alimentos-caem-gas-de-botijao-energia-e-gasolina-sobem-inflacao-cede-em-maio\/","title":{"rendered":"Pre\u00e7os dos alimentos caem, g\u00e1s de botij\u00e3o, energia e gasolina sobem, infla\u00e7\u00e3o cede em maio"},"content":{"rendered":"<p>O \u00cdndice Nacional de Pre\u00e7os ao Consumidor Amplo (IPCA) variou 0,13% em maio, abaixo de abril (0,57%) e no menor resultado para o m\u00eas desde 2006, segundo o IBGE, que divulgou o resultado na manh\u00e3 de hoje (7). Com isso, a taxa oficial de infla\u00e7\u00e3o no pa\u00eds soma 2,22% no ano. Em 12 meses, cedeu e foi a 4,66%.<\/p>\n<p>De acordo com o instituto, quatro dos nove grupos tiveram defla\u00e7\u00e3o no m\u00eas passado, com destaque para o de maior peso na composi\u00e7\u00e3o do \u00edndice: Alimenta\u00e7\u00e3o e Bebidas registrou -0,56%, ap\u00f3s subir 0,63% em abril. Enquanto os pre\u00e7os dos alimentos ca\u00edram, registaram alta itens b\u00e1sicos como energia el\u00e9trica e g\u00e1s de botij\u00e3o, fazendo o grupo Habita\u00e7\u00e3o subiu 0,98%, com impacto de 0,15 percentual no resultado de maio.<\/p>\n<p>Entre os produtos aliment\u00edcios em queda, o IBGE cita o tomate, que havia subido 28,64% e agora caiu 15,08%, al\u00e9m do feij\u00e3o carioca (-13,04%) e frutas (-2,87%). Itens que haviam ca\u00eddo no m\u00eas anterior tiveram alta, casos do leite longa vida (2,37%) e da cenoura (15,74%).<\/p>\n<p>Leia tamb\u00e9m:\u00a0<a href=\"https:\/\/www.redebrasilatual.com.br\/destaques\/2019\/05\/economia-brasileira-vive-uma-depressao\/\" target=\"_blank\" rel=\"noopener noreferrer\">Economia do Brasil est\u00e1 em depress\u00e3o, diz economista Jo\u00e3o Sics\u00fa<\/a><\/p>\n<p>Em Habita\u00e7\u00e3o, a energia el\u00e9trica registrou aumento de 2,18%, subindo em todas as \u00e1reas pesquisadas, de 0,23% (regi\u00e3o metropolitana do Rio de Janeiro) a 7,32% (Grande Fortaleza). \u201cDe dezembro de 2018 a abril de 2019, havia vigorado a bandeira tarif\u00e1ria verde, em que n\u00e3o h\u00e1 cobran\u00e7a adicional na conta de luz. Em maio, passou a vigorar a bandeira amarela, com custo adicional de R$ 0,01 para cada quilowatt-hora consumido. Al\u00e9m disso, v\u00e1rios reajustes de tarifas foram incorporados\u201d, diz o IBGE. Ainda nesse grupo, a taxa de \u00e1gua e esgoto aumentou em 0,82%, o g\u00e1s encanado caiu 0,84% e o g\u00e1s de botij\u00e3o aumentou 1,35%.<\/p>\n<p>O grupo Sa\u00fade e Cuidados Pessoais teve alta de 0,59% no m\u00eas, ante 1,51% em abril, e impacto de 0,07 ponto na taxa geral. Os pre\u00e7os dos rem\u00e9dios subiram menos (0,82%), enquanto os perfumes ca\u00edram 1,61%.<\/p>\n<p>Transportes teve pequena varia\u00e7\u00e3o, 0,07%, mas a gasolina subiu 2,60% e representou o maior impacto individual no IPCA: 0,11 ponto. O combust\u00edvel subiu de 0,50% na regi\u00e3o metropolitana de Porto Alegre a 7,17% na cidade de Goi\u00e2nia. J\u00e1 os pre\u00e7os das passagens a\u00e9reas ca\u00edram 21,82%, representando -0,10 ponto. As tarifas de \u00f4nibus intermunicipais aumentaram 0,45%, em m\u00e9dia, enquanto as do \u00f4nibus urbano e do metr\u00f4 tiveram altas de 0,18% e 0,17%, respectivamente.<\/p>\n<p>Entre as regi\u00f5es pesquisadas, o munic\u00edpio de Rio Branco teve a maior varia\u00e7\u00e3o do m\u00eas, com 0,67%. As menores foram registradas em Bras\u00edlia e no Rio de Janeiro (-0,05%). Na regi\u00e3o metropolitana de S\u00e3o Paulo, o IPCA foi de 0,13%. No acumulado em 12 meses, as taxas variaram de 3,66% (Campo Grande) a 5,66% (Rio Branco), chegando a 4,93% em S\u00e3o Paulo e a 4,67% no Rio.<\/p>\n<h4>INPC<\/h4>\n<p>O \u00cdndice Nacional de Pre\u00e7os ao Consumidor (INPC) foi de 0,60%, em abril, para 0,15%, tamb\u00e9m a menor taxa para maio desde 2006. Est\u00e1 acumulado em 2,44% no ano e 4,78% em 12 meses.<\/p>\n<p>Segundo o IBGE, os produtos aliment\u00edcios recuaram 0,59%. J\u00e1 os n\u00e3o-aliment\u00edcios subiram 0,48%.<\/p>\n<p>\u00a0<\/p>\n<p><strong>Fonte: Rede Brasil Atual<\/strong><\/p>\n","protected":false},"excerpt":{"rendered":"<p>O \u00cdndice Nacional de Pre\u00e7os ao Consumidor Amplo (IPCA) variou 0,13% em maio, abaixo de abril (0,57%) e no menor resultado para o m\u00eas desde 2006, segundo o IBGE, que divulgou o resultado na manh\u00e3 de hoje (7). Com isso, a taxa oficial de infla\u00e7\u00e3o no pa\u00eds soma 2,22% no ano. Em 12 meses, cedeu [&hellip;]<\/p>\n","protected":false},"author":2,"featured_media":6867,"comment_status":"","ping_status":"","sticky":false,"template":"","format":"standard","meta":{"footnotes":""},"categories":[3],"tags":[],"class_list":["post-6868","post","type-post","status-publish","format-standard","has-post-thumbnail","hentry","category-noticias"],"_links":{"self":[{"href":"https:\/\/hostnetart.com.br\/baixada\/wp-json\/wp\/v2\/posts\/6868","targetHints":{"allow":["GET"]}}],"collection":[{"href":"https:\/\/hostnetart.com.br\/baixada\/wp-json\/wp\/v2\/posts"}],"about":[{"href":"https:\/\/hostnetart.com.br\/baixada\/wp-json\/wp\/v2\/types\/post"}],"author":[{"embeddable":true,"href":"https:\/\/hostnetart.com.br\/baixada\/wp-json\/wp\/v2\/users\/2"}],"replies":[{"embeddable":true,"href":"https:\/\/hostnetart.com.br\/baixada\/wp-json\/wp\/v2\/comments?post=6868"}],"version-history":[{"count":0,"href":"https:\/\/hostnetart.com.br\/baixada\/wp-json\/wp\/v2\/posts\/6868\/revisions"}],"wp:featuredmedia":[{"embeddable":true,"href":"https:\/\/hostnetart.com.br\/baixada\/wp-json\/wp\/v2\/media\/6867"}],"wp:attachment":[{"href":"https:\/\/hostnetart.com.br\/baixada\/wp-json\/wp\/v2\/media?parent=6868"}],"wp:term":[{"taxonomy":"category","embeddable":true,"href":"https:\/\/hostnetart.com.br\/baixada\/wp-json\/wp\/v2\/categories?post=6868"},{"taxonomy":"post_tag","embeddable":true,"href":"https:\/\/hostnetart.com.br\/baixada\/wp-json\/wp\/v2\/tags?post=6868"}],"curies":[{"name":"wp","href":"https:\/\/api.w.org\/{rel}","templated":true}]}}