{"id":6866,"date":"2019-06-07T15:41:18","date_gmt":"2019-06-07T18:41:18","guid":{"rendered":"https:\/\/hostnetart.com.br\/baixada\/pesquisa-mostra-que-racismo-tambem-e-um-problema-economico\/"},"modified":"2019-06-07T15:41:18","modified_gmt":"2019-06-07T18:41:18","slug":"pesquisa-mostra-que-racismo-tambem-e-um-problema-economico","status":"publish","type":"post","link":"https:\/\/hostnetart.com.br\/baixada\/pesquisa-mostra-que-racismo-tambem-e-um-problema-economico\/","title":{"rendered":"Pesquisa mostra que racismo tamb\u00e9m \u00e9 um problema econ\u00f4mico"},"content":{"rendered":"<p>O racismo, al\u00e9m de um problema social, \u00e9 tamb\u00e9m \u00e9 econ\u00f4mico e leva boa parte da popula\u00e7\u00e3o ao desemprego, de acordo com pesquisas que embasaram o debate promovido pela Organiza\u00e7\u00e3o das Na\u00e7\u00f5es Unidas para a Educa\u00e7\u00e3o, a Ci\u00eancia e a Cultura (Unesco), em Bras\u00edlia, ontem (6). O encontro, que reuniu especialistas em a\u00e7\u00f5es afirmativas para a inclus\u00e3o da popula\u00e7\u00e3o negra, <a href=\"https:\/\/www.redebrasilatual.com.br\/cultura\/2019\/05\/em-novo-single-emicida-da-mais-um-golpe-no-estereotipo-racista\/\" target=\"_blank\" rel=\"noopener noreferrer\">abordou as desigualdades<\/a> que prejudicam <a href=\"https:\/\/www.redebrasilatual.com.br\/trabalho\/2019\/03\/reforma-da-previdencia-agrava-desigualdades-enfrentadas-por-mulheres-negras\/\" target=\"_blank\" rel=\"noopener noreferrer\">principalmente as mulheres negras<\/a> no acesso ao mercado de trabalho.<\/p>\n<p>De acordo com um levantamento do Instituto Ethos, no pa\u00eds onde pretos e pardos representam mais da metade da popula\u00e7\u00e3o, apenas 6,3% dos negros ocupam cargos de ger\u00eancia e somente 4,7% s\u00e3o executivos nas 500 maiores empresas do Brasil. A representante da ONU Mulheres Ana Carolina Querino alerta que a situa\u00e7\u00e3o \u00e9 ainda mais grave quando a<a href=\"https:\/\/www.redebrasilatual.com.br\/cidadania\/2019\/05\/alunos-de-escola-publica-organizam-slam-contra-preconceito-e-falta-de-oportunidades\/\" target=\"_blank\" rel=\"noopener noreferrer\"> desigualdade racial <\/a>\u00e9 combinada com a quest\u00e3o de g\u00eanero, com as mulheres negras ganhando menos do que as brancas ocupando o mesmo cargo, al\u00e9m de estarem <a href=\"https:\/\/www.redebrasilatual.com.br\/trabalho\/2018\/11\/desemprego-e-maior-entre-mulheres-negras-e-jovens-aponta-estudo-do-ipea\/\" target=\"_blank\" rel=\"noopener noreferrer\">mais suscet\u00edveis ao desemprego<\/a>.<\/p>\n<p>\u201cTemos tr\u00eas mulheres negras, de acordo a \u00faltima pesquisa, ocupando cargos de poder e lideran\u00e7a nas empresas privadas. E isso \u00e9 um somat\u00f3rio de fatores que est\u00e3o na raiz das desigualdades de g\u00eanero e ra\u00e7a no mercado de trabalho em que as mulheres negras acumulam os piores indicadores\u201d, explica a representante da ONU Mulheres.<\/p>\n<p>A Rela\u00e7\u00e3o Anual de Informa\u00e7\u00f5es Sociais (Rais) de 2014 indica ainda que 80% dos negros que entraram no ensino superior ganham o equivalente a 80% dos que recebem os brancos nas mesmas condi\u00e7\u00f5es. Para a fundadora e diretora executiva do Instituto Identidades do Brasil (ID\u00ad\u00ad_BR) e autora do livro <em>Sim \u00e0 Igualdade Racial<\/em>, Luana G\u00e9not,\u00a0 o quadro s\u00f3 ser\u00e1\u00a0<a href=\"https:\/\/www.redebrasilatual.com.br\/cidadania\/2019\/04\/projeto-mapeia-ocupacao-negra-no-centro-de-sao-paulo\/\" target=\"_blank\" rel=\"noopener noreferrer\">alterado com uma mudan\u00e7a<\/a> de mentalidade da sociedade. \u201c\u00c0 medida que as pessoas entenderem que a luta contra o racismo e pela igualdade racial pertence a cada um de n\u00f3s, que precisamos combater piadas racistas e lutar para ter mais pessoas negras nos altos postos de trabalho, a gente entender\u00e1 que s\u00f3 assim o pa\u00eds cresce\u201d, explica.<\/p>\n<h3>Assista \u00e0 reportagem: <a href=\"https:\/\/www.youtube.com\/watch?v=WICwLs8PzmY\">https:\/\/www.youtube.com\/watch?v=WICwLs8PzmY<\/a><\/h3>\n<p><strong>Fonte: Rede Brasil Atual<\/strong><\/p>\n","protected":false},"excerpt":{"rendered":"<p>O racismo, al\u00e9m de um problema social, \u00e9 tamb\u00e9m \u00e9 econ\u00f4mico e leva boa parte da popula\u00e7\u00e3o ao desemprego, de acordo com pesquisas que embasaram o debate promovido pela Organiza\u00e7\u00e3o das Na\u00e7\u00f5es Unidas para a Educa\u00e7\u00e3o, a Ci\u00eancia e a Cultura (Unesco), em Bras\u00edlia, ontem (6). O encontro, que reuniu especialistas em a\u00e7\u00f5es afirmativas para [&hellip;]<\/p>\n","protected":false},"author":2,"featured_media":6865,"comment_status":"","ping_status":"","sticky":false,"template":"","format":"standard","meta":{"footnotes":""},"categories":[3],"tags":[],"class_list":["post-6866","post","type-post","status-publish","format-standard","has-post-thumbnail","hentry","category-noticias"],"_links":{"self":[{"href":"https:\/\/hostnetart.com.br\/baixada\/wp-json\/wp\/v2\/posts\/6866","targetHints":{"allow":["GET"]}}],"collection":[{"href":"https:\/\/hostnetart.com.br\/baixada\/wp-json\/wp\/v2\/posts"}],"about":[{"href":"https:\/\/hostnetart.com.br\/baixada\/wp-json\/wp\/v2\/types\/post"}],"author":[{"embeddable":true,"href":"https:\/\/hostnetart.com.br\/baixada\/wp-json\/wp\/v2\/users\/2"}],"replies":[{"embeddable":true,"href":"https:\/\/hostnetart.com.br\/baixada\/wp-json\/wp\/v2\/comments?post=6866"}],"version-history":[{"count":0,"href":"https:\/\/hostnetart.com.br\/baixada\/wp-json\/wp\/v2\/posts\/6866\/revisions"}],"wp:featuredmedia":[{"embeddable":true,"href":"https:\/\/hostnetart.com.br\/baixada\/wp-json\/wp\/v2\/media\/6865"}],"wp:attachment":[{"href":"https:\/\/hostnetart.com.br\/baixada\/wp-json\/wp\/v2\/media?parent=6866"}],"wp:term":[{"taxonomy":"category","embeddable":true,"href":"https:\/\/hostnetart.com.br\/baixada\/wp-json\/wp\/v2\/categories?post=6866"},{"taxonomy":"post_tag","embeddable":true,"href":"https:\/\/hostnetart.com.br\/baixada\/wp-json\/wp\/v2\/tags?post=6866"}],"curies":[{"name":"wp","href":"https:\/\/api.w.org\/{rel}","templated":true}]}}