{"id":6864,"date":"2019-06-07T01:05:33","date_gmt":"2019-06-07T04:05:33","guid":{"rendered":"https:\/\/hostnetart.com.br\/baixada\/vitoria-dos-bancarios-da-baixada-santander-reduz-projeto-de-orientacao-financeira\/"},"modified":"2019-06-07T01:05:33","modified_gmt":"2019-06-07T04:05:33","slug":"vitoria-dos-bancarios-da-baixada-santander-reduz-projeto-de-orientacao-financeira","status":"publish","type":"post","link":"https:\/\/hostnetart.com.br\/baixada\/vitoria-dos-bancarios-da-baixada-santander-reduz-projeto-de-orientacao-financeira\/","title":{"rendered":"Vit\u00f3ria dos Banc\u00e1rios da Baixada: Santander reduz projeto de \u201corienta\u00e7\u00e3o financeira\u201d"},"content":{"rendered":"<div class=\"elementor-element elementor-element-194680ec elementor-widget elementor-widget-theme-post-content\" data-id=\"194680ec\" data-element_type=\"widget\" data-widget_type=\"theme-post-content.default\">\n<div class=\"elementor-widget-container\">\n<p>O Banco Santander enviou, nesta quinta-feira (6), um comunicado para nove ag\u00eancias informando sobre a descontinuidade do projeto de \u201corienta\u00e7\u00e3o financeira\u201d, realizado aos s\u00e1bados com funcion\u00e1rios \u201cvolunt\u00e1rios\u201d. E a ag\u00eancia de Duque de Caxias, que em todas as ocasi\u00f5es que tentaram abrir a ag\u00eancia teve a presen\u00e7a de diretoras e diretores do Sindicato dos Banc\u00e1rios da Baixada Fluminense, \u00e9 uma delas. Resultado de um Sindicato forte e de luta, que tamb\u00e9m conta com o apoio de banc\u00e1rias e banc\u00e1rios que acreditam em seu trabalho. <\/p>\n<p>\u201cAs ag\u00eancias ficam \u00e0s moscas. O banco percebeu que n\u00e3o teria o retorno, comercial ou n\u00e3o, que esperava. E nossa a\u00e7\u00e3o mostra as contradi\u00e7\u00f5es da a\u00e7\u00e3o do banco, que se propunha a dar \u2018orienta\u00e7\u00e3o financeira\u2019, mas cobra altas taxas e tarifas dos brasileiros\u201d, disse o secret\u00e1rio de Assuntos Socioecon\u00f4micos da Confedera\u00e7\u00e3o Nacional dos Trabalhadores do Ramo Financeiro (Contraf-CUT), Mario Raia, que \u00e9 funcion\u00e1rio do Banco Santander.<\/p>\n<p>Sindicatos dos banc\u00e1rios realizaram protestos <a href=\"https:\/\/contrafcut.com.br\/galerias\/\" target=\"_blank\" rel=\"noopener noreferrer\">na frente das ag\u00eancias<\/a> que o banco tentou abrir nos cinco \u00faltimos s\u00e1bados. Nas atividades, dirigentes esclarecem funcion\u00e1rios \u201cvolunt\u00e1rios\u201d sobre os riscos aos quais ficam expostos ao trabalhar \u201cvoluntariamente\u201d para seu pr\u00f3prio empregador aos s\u00e1bados e informam a popula\u00e7\u00e3o sobre as tarifas e juros cobrados pelo banco.<\/p>\n<p>Os protestos tamb\u00e9m ganharam as redes sociais. Utilizando a hashtag #SantanderS\u00e1badoN\u00e3o, banc\u00e1rios postaram fotos mostrando sua indigna\u00e7\u00e3o com a iniciativa do banco e explicando porqu\u00ea o banco n\u00e3o pode abrir aos s\u00e1bados. Al\u00e9m denunciar que o \u201cvoluntariado\u201d \u00e9 for\u00e7ado e que existem segundas inten\u00e7\u00f5es na \u201corienta\u00e7\u00e3o\u201d que o banco quer dar.<\/p>\n<h3>Orienta\u00e7\u00e3o de verdade<\/h3>\n<p>Para Mario, a verdadeira orienta\u00e7\u00e3o financeira precisa informar para as pessoas que, para conseguir controlar melhor suas contas e n\u00e3o se endividar, elas devem evitar entrar no vermelho para n\u00e3o ter que pagar os altos juros cobrados pelos bancos. \u201cA diferen\u00e7a entre a taxa que eles pagam pelo dinheiro que guarda de seus clientes, ou que tomam emprestado, \u00e9 infinitamente menor do que a que cobram das pessoas que precisam de recursos do banco\u201d, disse. \u201cAinda mais o Santander, que cobra mais dos brasileiros do que dos clientes de outros pa\u00edses onde atua\u201d.<\/p>\n<p><a href=\"https:\/\/www.conversaafiada.com.br\/economia\/jb-denuncia-a-agiotagem-legalizada\" target=\"_blank\" rel=\"noopener noreferrer\">Reportagem publicada pelo Jornal do Brasil<\/a>, a qual mostra que o banco cobra at\u00e9 1.761% a mais dos brasileiros do que dos espanh\u00f3is pelos mesmos servi\u00e7os realizados. O jornal mostrou tamb\u00e9m que, em empr\u00e9stimos, o <a href=\"https:\/\/contrafcut.com.br\/noticias\/santander-explora-brasileiros-1e4b\/\" target=\"_blank\" rel=\"noopener noreferrer\">banco chega a cobrar at\u00e9 20 vezes mais dos brasileiros do que dos espanh\u00f3is<\/a>.<\/p>\n<p> As ag\u00eancias onde o projeto foi descontinuado foram: Duque de Caxias \u2013 Centro (RJ), Curitiba \u2013 Emiliano (PR), Guarulhos (SP), S\u00e3o Paulo\u2013 Largo 13 de Maio (SP), Niter\u00f3i \u2013 Pra\u00e7a do Rink (RJ), Porto Alegre \u2013 Osvaldo Aranha (RS), Salvador \u2013 Cabula (BA), Rio de Janeiro \u2013 Santa Cruz (RJ), S\u00e3o Jos\u00e9 do Campos \u2013 Centro (SP).<\/p>\n<h3><strong>A luta continua<\/strong><\/h3>\n<p>O dirigente da Contraf-CUT ressalta a import\u00e2ncia das a\u00e7\u00f5es realizadas pelo sindicato, mas insiste na continuidade das a\u00e7\u00f5es. \u201cA suposta \u2018orienta\u00e7\u00e3o financeira\u2019 tinha sido programada para acontecer em 29 ag\u00eancias. O comunicado menciona nove ag\u00eancias onde ela ser\u00e1 descontinuada. O movimento sindical vai continuar fazendo o que tem que fazer nas ag\u00eancias onde o banco insistir com essa a\u00e7\u00e3o\u201d, concluiu.<\/p>\n<p><strong>PS: A mat\u00e9ria conta com informa\u00e7\u00f5es da <\/strong><strong>Contraf-CUT<\/strong><\/p>\n<\/div>\n<\/div>\n","protected":false},"excerpt":{"rendered":"<p>O Banco Santander enviou, nesta quinta-feira (6), um comunicado para nove ag\u00eancias informando sobre a descontinuidade do projeto de \u201corienta\u00e7\u00e3o financeira\u201d, realizado aos s\u00e1bados com funcion\u00e1rios \u201cvolunt\u00e1rios\u201d. E a ag\u00eancia de Duque de Caxias, que em todas as ocasi\u00f5es que tentaram abrir a ag\u00eancia teve a presen\u00e7a de diretoras e diretores do Sindicato dos Banc\u00e1rios [&hellip;]<\/p>\n","protected":false},"author":2,"featured_media":6863,"comment_status":"","ping_status":"","sticky":false,"template":"","format":"standard","meta":{"footnotes":""},"categories":[3],"tags":[],"class_list":["post-6864","post","type-post","status-publish","format-standard","has-post-thumbnail","hentry","category-noticias"],"_links":{"self":[{"href":"https:\/\/hostnetart.com.br\/baixada\/wp-json\/wp\/v2\/posts\/6864","targetHints":{"allow":["GET"]}}],"collection":[{"href":"https:\/\/hostnetart.com.br\/baixada\/wp-json\/wp\/v2\/posts"}],"about":[{"href":"https:\/\/hostnetart.com.br\/baixada\/wp-json\/wp\/v2\/types\/post"}],"author":[{"embeddable":true,"href":"https:\/\/hostnetart.com.br\/baixada\/wp-json\/wp\/v2\/users\/2"}],"replies":[{"embeddable":true,"href":"https:\/\/hostnetart.com.br\/baixada\/wp-json\/wp\/v2\/comments?post=6864"}],"version-history":[{"count":0,"href":"https:\/\/hostnetart.com.br\/baixada\/wp-json\/wp\/v2\/posts\/6864\/revisions"}],"wp:featuredmedia":[{"embeddable":true,"href":"https:\/\/hostnetart.com.br\/baixada\/wp-json\/wp\/v2\/media\/6863"}],"wp:attachment":[{"href":"https:\/\/hostnetart.com.br\/baixada\/wp-json\/wp\/v2\/media?parent=6864"}],"wp:term":[{"taxonomy":"category","embeddable":true,"href":"https:\/\/hostnetart.com.br\/baixada\/wp-json\/wp\/v2\/categories?post=6864"},{"taxonomy":"post_tag","embeddable":true,"href":"https:\/\/hostnetart.com.br\/baixada\/wp-json\/wp\/v2\/tags?post=6864"}],"curies":[{"name":"wp","href":"https:\/\/api.w.org\/{rel}","templated":true}]}}