{"id":6858,"date":"2019-06-05T18:32:37","date_gmt":"2019-06-05T21:32:37","guid":{"rendered":"https:\/\/hostnetart.com.br\/baixada\/reforma-e-como-se-uma-familia-fizesse-equilibrio-fiscal-cortando-alimentos-ou-a-escola-dos-filhos\/"},"modified":"2019-06-05T18:32:37","modified_gmt":"2019-06-05T21:32:37","slug":"reforma-e-como-se-uma-familia-fizesse-equilibrio-fiscal-cortando-alimentos-ou-a-escola-dos-filhos","status":"publish","type":"post","link":"https:\/\/hostnetart.com.br\/baixada\/reforma-e-como-se-uma-familia-fizesse-equilibrio-fiscal-cortando-alimentos-ou-a-escola-dos-filhos\/","title":{"rendered":"\u2018Reforma \u00e9 como se uma fam\u00edlia fizesse equil\u00edbrio fiscal cortando alimentos ou a escola dos filhos\u2019"},"content":{"rendered":"<p>O ministro da Economia, Paulo Guedes, voltou a defender a\u00a0<a href=\"http:\/\/minhaaposentadoria.net.br\/\" target=\"_blank\" rel=\"noopener noreferrer\">\u201creforma\u201d da Previd\u00eancia<\/a>, nesta ter\u00e7a-feira (4), como uma medida para equilibrar as contas p\u00fablicas. Em debate na Comiss\u00e3o de Finan\u00e7as e Tributa\u00e7\u00e3o na C\u00e2mara dos Deputados, em que foi convocado para explicar os impactos econ\u00f4micos e financeiros da proposta, o chefe da pasta\u00a0<a href=\"http:\/\/agenciabrasil.ebc.com.br\/politica\/noticia\/2019-06\/brasil-e-uma-baleia-ferida-que-nao-consegue-se-mover-diz-guedes\" target=\"_blank\" rel=\"noopener noreferrer\">comparou a situa\u00e7\u00e3o do pa\u00eds<\/a>\u00a0a uma \u201cbaleia ferida, arpoada v\u00e1rias vezes, que foi sangrando e parou de se mover\u201d.<\/p>\n<p>O argumento reitera a vis\u00e3o do governo de que, gastando menos com a Previd\u00eancia e a seguridade social, o Estado teria mais recurso para fazer investimentos, criando ainda\u00a0<a href=\"https:\/\/www.redebrasilatual.com.br\/economia\/2019\/06\/reforma-previdencia-capitalizacao\/\" target=\"_blank\" rel=\"noopener noreferrer\">confian\u00e7a no mercado<\/a>\u00a0quando, na verdade, o que est\u00e1 sendo promovido \u00e9 um corte que retira direitos, reduz benef\u00edcios e\u00a0<a href=\"https:\/\/www.redebrasilatual.com.br\/economia\/2019\/06\/economia-com-reforma-da-previdencia-sera-paga-por-mais-pobres-diz-ex-banqueiro\/\" target=\"_blank\" rel=\"noopener noreferrer\">afasta o trabalhador do acesso \u00e0 aposentadoria<\/a>, como observa o diretor t\u00e9cnico do Dieese, Clemente Ganz L\u00facio.<\/p>\n<p>\u201cVamos equilibrar as contas fazendo cortes no benef\u00edcio social. \u00c9 como se uma fam\u00edlia fizesse o equil\u00edbrio do or\u00e7amento cortando alimentos, a escola dos filhos, ou o plano de sa\u00fade sem dar assist\u00eancia. \u00c9 isso que o governo est\u00e1 fazendo\u201d, afirma o diretor t\u00e9cnico em entrevista \u00e0 jornalista Marilu Caba\u00f1as, da\u00a0<strong>R\u00e1dio Brasil Atual<\/strong>. \u00a0Ao contr\u00e1rio do que defende a equipe econ\u00f4mica, Clemente prop\u00f5e que a reorganiza\u00e7\u00e3o do or\u00e7amento da Uni\u00e3o ocorra por meio de uma\u00a0<a href=\"https:\/\/www.redebrasilatual.com.br\/economia\/2019\/05\/reforma-tributaria-impediria-retrocessos-previstos-na-proposta-da-previdencia\/\" target=\"_blank\" rel=\"noopener noreferrer\">reforma Tribut\u00e1ria<\/a>, que seja\u00a0<a href=\"https:\/\/www.redebrasilatual.com.br\/trabalho\/2019\/05\/depois-30-maio-agora-e-greve-geral-avisam-lideres-dos-movimentos\/\" target=\"_blank\" rel=\"noopener noreferrer\">mais justa no sentido de combater privil\u00e9gios<\/a>, e garanta o papel social e na\u00a0<a href=\"https:\/\/www.redebrasilatual.com.br\/trabalho\/2019\/06\/fim-da-aposentadoria-especial-consequencias\/\" target=\"_blank\" rel=\"noopener noreferrer\">distribui\u00e7\u00e3o de renda<\/a>\u00a0que s\u00e3o feitos pela Previd\u00eancia.<\/p>\n<p>\u201cEsse corte tirar\u00e1 a capacidade de consumo das fam\u00edlias que recebem os benef\u00edcios da Previd\u00eancia. A reforma tem tamb\u00e9m um impacto regional porque esse corte afeta mais os trabalhadores de baixa renda do Norte e Nordeste. Creio que o resultado que (o ministro) espera, ele n\u00e3o vai encontrar. Se ele fez a compara\u00e7\u00e3o da baleia, talvez o governo esteja dando mais um tiro nela, comprometendo ainda mais a pr\u00f3pria din\u00e2mica da economia brasileira\u201d, finaliza Clemente.<\/p>\n<h3>Ou\u00e7a a entrevista:\u00a0<a href=\"https:\/\/soundcloud.com\/redebrasilatual\">https:\/\/soundcloud.com\/redebrasilatual<\/a><\/h3>\n<p><strong>Fonte: Rede Brasil Atual<\/strong><\/p>\n","protected":false},"excerpt":{"rendered":"<p>O ministro da Economia, Paulo Guedes, voltou a defender a\u00a0\u201creforma\u201d da Previd\u00eancia, nesta ter\u00e7a-feira (4), como uma medida para equilibrar as contas p\u00fablicas. Em debate na Comiss\u00e3o de Finan\u00e7as e Tributa\u00e7\u00e3o na C\u00e2mara dos Deputados, em que foi convocado para explicar os impactos econ\u00f4micos e financeiros da proposta, o chefe da pasta\u00a0comparou a situa\u00e7\u00e3o do [&hellip;]<\/p>\n","protected":false},"author":2,"featured_media":6857,"comment_status":"","ping_status":"","sticky":false,"template":"","format":"standard","meta":{"footnotes":""},"categories":[3],"tags":[],"class_list":["post-6858","post","type-post","status-publish","format-standard","has-post-thumbnail","hentry","category-noticias"],"_links":{"self":[{"href":"https:\/\/hostnetart.com.br\/baixada\/wp-json\/wp\/v2\/posts\/6858","targetHints":{"allow":["GET"]}}],"collection":[{"href":"https:\/\/hostnetart.com.br\/baixada\/wp-json\/wp\/v2\/posts"}],"about":[{"href":"https:\/\/hostnetart.com.br\/baixada\/wp-json\/wp\/v2\/types\/post"}],"author":[{"embeddable":true,"href":"https:\/\/hostnetart.com.br\/baixada\/wp-json\/wp\/v2\/users\/2"}],"replies":[{"embeddable":true,"href":"https:\/\/hostnetart.com.br\/baixada\/wp-json\/wp\/v2\/comments?post=6858"}],"version-history":[{"count":0,"href":"https:\/\/hostnetart.com.br\/baixada\/wp-json\/wp\/v2\/posts\/6858\/revisions"}],"wp:featuredmedia":[{"embeddable":true,"href":"https:\/\/hostnetart.com.br\/baixada\/wp-json\/wp\/v2\/media\/6857"}],"wp:attachment":[{"href":"https:\/\/hostnetart.com.br\/baixada\/wp-json\/wp\/v2\/media?parent=6858"}],"wp:term":[{"taxonomy":"category","embeddable":true,"href":"https:\/\/hostnetart.com.br\/baixada\/wp-json\/wp\/v2\/categories?post=6858"},{"taxonomy":"post_tag","embeddable":true,"href":"https:\/\/hostnetart.com.br\/baixada\/wp-json\/wp\/v2\/tags?post=6858"}],"curies":[{"name":"wp","href":"https:\/\/api.w.org\/{rel}","templated":true}]}}