{"id":6856,"date":"2019-06-05T18:31:17","date_gmt":"2019-06-05T21:31:17","guid":{"rendered":"https:\/\/hostnetart.com.br\/baixada\/contraf-cut-protesta-contra-a-transferencia-de-pessoal-na-caixa\/"},"modified":"2019-06-05T18:31:17","modified_gmt":"2019-06-05T21:31:17","slug":"contraf-cut-protesta-contra-a-transferencia-de-pessoal-na-caixa","status":"publish","type":"post","link":"https:\/\/hostnetart.com.br\/baixada\/contraf-cut-protesta-contra-a-transferencia-de-pessoal-na-caixa\/","title":{"rendered":"Contraf-CUT protesta contra a transfer\u00eancia de pessoal na Caixa"},"content":{"rendered":"<p>A Comiss\u00e3o Executiva dos Empregados (CEE) da Caixa, que assessora a Confedera\u00e7\u00e3o dos Trabalhadores do Ramo Financeiro (Contraf-CUT), enviou um of\u00edcio para pedir a imediata suspens\u00e3o da transfer\u00eancia de empregados de \u00e1reas meio e da Matriz da Caixa para ag\u00eancias do banco at\u00e9 em outros estados.<\/p>\n<p>Para Dionisio Reis, coordenador da CEE, esta \u00e9 mais uma medida que visa o enfraquecimento da institui\u00e7\u00e3o. \u201cDesde janeiro, a Caixa vem sofrendo um processo de precariza\u00e7\u00e3o, simbolizado principalmente pela venda das \u00e1reas mais rent\u00e1veis, como a de cart\u00f5es e seguros. Essa pol\u00edtica de press\u00e3o e chantagem com os trabalhadores faz parte do processo de desmonte do banco.\u201d<\/p>\n<p>O plano de realoca\u00e7\u00e3o de pessoal da Matriz foi lan\u00e7ado na quinta-feira (30), sem qualquer di\u00e1logo com as representa\u00e7\u00f5es dos empregados e faltando poucos dias para o encerramento do prazo para ades\u00e3o ao Programa de Demiss\u00e3o Volunt\u00e1ria (PDV), previsto para sexta-feira (7).<\/p>\n<p>Na avalia\u00e7\u00e3o das entidades representativas dos trabalhadores da Caixa, o programa de realoca\u00e7\u00e3o foi elaborado sem considerar os impactos que trar\u00e1 nas \u00e1reas envolvidas. Em videoconfer\u00eancia, realizada nessa segunda-feira (3), pela manh\u00e3, a dire\u00e7\u00e3o do banco anunciou que ser\u00e3o afetados pela realoca\u00e7\u00e3o para ag\u00eancias cerca de 1.050 empregados sem fun\u00e7\u00e3o ou com a gratifica\u00e7\u00e3o j\u00e1 incorporada ao sal\u00e1rio.<\/p>\n<p><strong>Fonte: Contraf-CUT<\/strong><\/p>\n","protected":false},"excerpt":{"rendered":"<p>A Comiss\u00e3o Executiva dos Empregados (CEE) da Caixa, que assessora a Confedera\u00e7\u00e3o dos Trabalhadores do Ramo Financeiro (Contraf-CUT), enviou um of\u00edcio para pedir a imediata suspens\u00e3o da transfer\u00eancia de empregados de \u00e1reas meio e da Matriz da Caixa para ag\u00eancias do banco at\u00e9 em outros estados. Para Dionisio Reis, coordenador da CEE, esta \u00e9 mais [&hellip;]<\/p>\n","protected":false},"author":2,"featured_media":6855,"comment_status":"","ping_status":"","sticky":false,"template":"","format":"standard","meta":{"footnotes":""},"categories":[3],"tags":[],"class_list":["post-6856","post","type-post","status-publish","format-standard","has-post-thumbnail","hentry","category-noticias"],"_links":{"self":[{"href":"https:\/\/hostnetart.com.br\/baixada\/wp-json\/wp\/v2\/posts\/6856","targetHints":{"allow":["GET"]}}],"collection":[{"href":"https:\/\/hostnetart.com.br\/baixada\/wp-json\/wp\/v2\/posts"}],"about":[{"href":"https:\/\/hostnetart.com.br\/baixada\/wp-json\/wp\/v2\/types\/post"}],"author":[{"embeddable":true,"href":"https:\/\/hostnetart.com.br\/baixada\/wp-json\/wp\/v2\/users\/2"}],"replies":[{"embeddable":true,"href":"https:\/\/hostnetart.com.br\/baixada\/wp-json\/wp\/v2\/comments?post=6856"}],"version-history":[{"count":0,"href":"https:\/\/hostnetart.com.br\/baixada\/wp-json\/wp\/v2\/posts\/6856\/revisions"}],"wp:featuredmedia":[{"embeddable":true,"href":"https:\/\/hostnetart.com.br\/baixada\/wp-json\/wp\/v2\/media\/6855"}],"wp:attachment":[{"href":"https:\/\/hostnetart.com.br\/baixada\/wp-json\/wp\/v2\/media?parent=6856"}],"wp:term":[{"taxonomy":"category","embeddable":true,"href":"https:\/\/hostnetart.com.br\/baixada\/wp-json\/wp\/v2\/categories?post=6856"},{"taxonomy":"post_tag","embeddable":true,"href":"https:\/\/hostnetart.com.br\/baixada\/wp-json\/wp\/v2\/tags?post=6856"}],"curies":[{"name":"wp","href":"https:\/\/api.w.org\/{rel}","templated":true}]}}