{"id":6854,"date":"2019-06-05T18:30:02","date_gmt":"2019-06-05T21:30:02","guid":{"rendered":"https:\/\/hostnetart.com.br\/baixada\/contraf-cut-protesta-contra-alteracoes-do-rh-221-da-caixa\/"},"modified":"2019-06-05T18:30:02","modified_gmt":"2019-06-05T21:30:02","slug":"contraf-cut-protesta-contra-alteracoes-do-rh-221-da-caixa","status":"publish","type":"post","link":"https:\/\/hostnetart.com.br\/baixada\/contraf-cut-protesta-contra-alteracoes-do-rh-221-da-caixa\/","title":{"rendered":"Contraf-CUT protesta contra altera\u00e7\u00f5es do RH 221 da Caixa"},"content":{"rendered":"<p>A Comiss\u00e3o Executiva dos Empregados (CEE) da Caixa, que assessora a Confedera\u00e7\u00e3o dos Trabalhadores do Ramo Financeiro (Contraf-CUT), enviou um of\u00edcio \u00e0 dire\u00e7\u00e3o do banco para protestar contra as altera\u00e7\u00f5es do RH 221.<\/p>\n<p>A institui\u00e7\u00e3o passou a exigir, sem pr\u00e9via discuss\u00e3o com o movimento sindical, pagamento de 120 meses mensalidade para os aposentados Caixa manterem o Sa\u00fade Caixa ap\u00f3s rescindirem o contrato. \u201cA altera\u00e7\u00e3o fere o negociado com a categoria. N\u00e3o h\u00e1 no Acordo Coletivo de Trabalho tal restri\u00e7\u00e3o. Ou seja, \u00e9 nova regra \u00e9 ilegal\u201d, afirmou Dion\u00edsio Reis, coordenador do CEE Caixa.<\/p>\n<p><strong>Fonte: Contraf-CUT<\/strong><\/p>\n","protected":false},"excerpt":{"rendered":"<p>A Comiss\u00e3o Executiva dos Empregados (CEE) da Caixa, que assessora a Confedera\u00e7\u00e3o dos Trabalhadores do Ramo Financeiro (Contraf-CUT), enviou um of\u00edcio \u00e0 dire\u00e7\u00e3o do banco para protestar contra as altera\u00e7\u00f5es do RH 221. A institui\u00e7\u00e3o passou a exigir, sem pr\u00e9via discuss\u00e3o com o movimento sindical, pagamento de 120 meses mensalidade para os aposentados Caixa manterem [&hellip;]<\/p>\n","protected":false},"author":2,"featured_media":6853,"comment_status":"","ping_status":"","sticky":false,"template":"","format":"standard","meta":{"footnotes":""},"categories":[3],"tags":[],"class_list":["post-6854","post","type-post","status-publish","format-standard","has-post-thumbnail","hentry","category-noticias"],"_links":{"self":[{"href":"https:\/\/hostnetart.com.br\/baixada\/wp-json\/wp\/v2\/posts\/6854","targetHints":{"allow":["GET"]}}],"collection":[{"href":"https:\/\/hostnetart.com.br\/baixada\/wp-json\/wp\/v2\/posts"}],"about":[{"href":"https:\/\/hostnetart.com.br\/baixada\/wp-json\/wp\/v2\/types\/post"}],"author":[{"embeddable":true,"href":"https:\/\/hostnetart.com.br\/baixada\/wp-json\/wp\/v2\/users\/2"}],"replies":[{"embeddable":true,"href":"https:\/\/hostnetart.com.br\/baixada\/wp-json\/wp\/v2\/comments?post=6854"}],"version-history":[{"count":0,"href":"https:\/\/hostnetart.com.br\/baixada\/wp-json\/wp\/v2\/posts\/6854\/revisions"}],"wp:featuredmedia":[{"embeddable":true,"href":"https:\/\/hostnetart.com.br\/baixada\/wp-json\/wp\/v2\/media\/6853"}],"wp:attachment":[{"href":"https:\/\/hostnetart.com.br\/baixada\/wp-json\/wp\/v2\/media?parent=6854"}],"wp:term":[{"taxonomy":"category","embeddable":true,"href":"https:\/\/hostnetart.com.br\/baixada\/wp-json\/wp\/v2\/categories?post=6854"},{"taxonomy":"post_tag","embeddable":true,"href":"https:\/\/hostnetart.com.br\/baixada\/wp-json\/wp\/v2\/tags?post=6854"}],"curies":[{"name":"wp","href":"https:\/\/api.w.org\/{rel}","templated":true}]}}