{"id":6848,"date":"2019-06-05T14:50:38","date_gmt":"2019-06-05T17:50:38","guid":{"rendered":"https:\/\/hostnetart.com.br\/baixada\/encontros-estaduais-da-caixa-e-do-banco-do-brasil-serao-neste-sabado-no-rio\/"},"modified":"2019-06-05T14:50:38","modified_gmt":"2019-06-05T17:50:38","slug":"encontros-estaduais-da-caixa-e-do-banco-do-brasil-serao-neste-sabado-no-rio","status":"publish","type":"post","link":"https:\/\/hostnetart.com.br\/baixada\/encontros-estaduais-da-caixa-e-do-banco-do-brasil-serao-neste-sabado-no-rio\/","title":{"rendered":"Encontros Estaduais da Caixa e do Banco do Brasil ser\u00e3o neste s\u00e1bado, no Rio"},"content":{"rendered":"<p>No dia 08 de junho realizaremos os Encontros Estaduais dos empregados da Caixa e do BB que tem como objetivo preparar nossa luta e resist\u00eancia para enfrentar os novos desafios. Nesse ano precisamos impedir que os bancos p\u00fablicos percam a sua import\u00e2ncia como os principais agentes de desenvolvimento do pa\u00eds e indutores de pol\u00edticas p\u00fablicas, al\u00e9m do que conquistamos nos \u00faltimos anos. Nos respectivos encontros ser\u00e3o discutidas e apresentadas propostas em Defesa dos Bancos P\u00fabicos. Ao final dos encontros ser\u00e3o eleitos delegados de cada banco para os Congressos. \u201cNesse momento n\u00e3o podemos nos omitir e cada um de n\u00f3s tem a responsabilidade de fortalecer essa unidade para preservarmos os nossos direitos. \u00c9 como a m\u00fasica \u201cQuem sabe faz a hora, n\u00e3o espera acontecer\u201d, portanto vamos \u00e0 luta\u201d. \u2013 enfatizou Luiz Maggi, diretor para bancos federais da Fetraf RJ\/ES.<\/p>\n<p>II \u2013 PROGRAMA\u00c7\u00c3O \u2013 Banco do Brasil<br \/>9h \u00e0s 11h \u2013 Caf\u00e9<br \/>9h \u00e0s 12h30 \u2013 Credenciamento<br \/>9h \u00e0s 9h15 \u2013 Abertura \u2013 Nilton Esperan\u00e7a e Luiz Ricardo Maggi \u2013 Presidente e Diretor para Bancos P\u00fablicos da Fetraf RJ\/ES,<br \/>9h15 \u00e0s 10h15 \u2013 Fernando Amorim, t\u00e9cnico do Dieese. An\u00e1lise de Conjuntura e apresenta\u00e7\u00e3o de Balan\u00e7os.<br \/>10h15 \u00e0s 11h15 \u2013 Rita Serrano, Coordenadora do Comit\u00ea em Defesa das Empresas P\u00fablicas e Debora Fonseca Conselheira Eleita do BB.<br \/>11h15 \u00e0s 11h45 \u2013 Intervalo<br \/>11h45 \u2013 Vota\u00e7\u00e3o do Regimento Interno.<br \/>12h \u00e0s 12h30 \u2013 Danilo Funke e Rita Mota \u2013 Integrantes da CE do BB \u2013 Informe das negocia\u00e7\u00f5es com o Banco.<br \/>12h30 \u00e0s 13h \u2013 Debora Fonseca \u2013 Conselheira Eleita do BB.<br \/>13h \u00e0s 13h30 \u2013 Marcio de Souza, Previ.<br \/>13h30 \u00e0s 14h\u2013 Cassi.<br \/>14h \u00e0s 14h30 \u2013 Apresenta\u00e7\u00e3o e encaminhamento de propostas.<br \/>15h \u2013 Elei\u00e7\u00e3o de delegados\/as ao 30\u00ba Congresso Nacional dos funcion\u00e1rios do Banco do Brasil.<br \/>16h \u2013 Encerramento<\/p>\n<p>II \u2013 DA PROGRAMA\u00c7\u00c3O Caixa<\/p>\n<p>9h \u00e0s 11h \u2013 Caf\u00e9<br \/>9h \u00e0s 12h30 \u2013 Credenciamento<br \/>9h \u00e0s 9h15 \u2013 Abertura \u2013 Nilton Esperan\u00e7a e Luiz Ricardo Maggi \u2013Presidente e Diretor para Bancos P\u00fablicos da Fetraf RJ\/ES,<br \/>9h15 \u00e0s 10h15 \u2013 Fernando Amorim, t\u00e9cnico do Dieese. An\u00e1lise de Conjuntura e apresenta\u00e7\u00e3o de Balan\u00e7os.<br \/>10h15 \u00e0s 11h15 \u2013 Rita Serrano, Coordenadora do Comit\u00ea em Defesa das Empresas P\u00fablicas e Debora Fonseca Conselheira Eleita do BB.<br \/>11h15 \u00e0s 11h45\u2013 Intervalo<br \/>11h45 \u2013 Vota\u00e7\u00e3o do Regimento Interno.<br \/>12h \u00e0s 12h30 \u2013 Luiz Ricardo Maggi \u2013 Informe das negocia\u00e7\u00f5es com o Banco.<br \/>12h30 \u00e0s 13h \u2013 Rita Serrano, Conselheira eleita da Caixa.<br \/>13h \u00e0s 13h30 \u2013 Fabiana Uehara e Sergio Amorim \u2013 GT Sa\u00fade.<br \/>13h30 \u00e0s 14h30 \u2013 Apresenta\u00e7\u00e3o e encaminhamento de propostas.<br \/>14h30 \u2013 Elei\u00e7\u00e3o de delegados\/as ao 35\u00ba Congresso Nacional dos Empregados da Caixa.<br \/>15h \u2013 Encerramento<\/p>\n<p>\u00a0<\/p>\n<p><strong>Fonte: Fetraf-RJ\/ES<\/strong><\/p>\n","protected":false},"excerpt":{"rendered":"<p>No dia 08 de junho realizaremos os Encontros Estaduais dos empregados da Caixa e do BB que tem como objetivo preparar nossa luta e resist\u00eancia para enfrentar os novos desafios. Nesse ano precisamos impedir que os bancos p\u00fablicos percam a sua import\u00e2ncia como os principais agentes de desenvolvimento do pa\u00eds e indutores de pol\u00edticas p\u00fablicas, [&hellip;]<\/p>\n","protected":false},"author":2,"featured_media":6847,"comment_status":"","ping_status":"","sticky":false,"template":"","format":"standard","meta":{"footnotes":""},"categories":[3],"tags":[],"class_list":["post-6848","post","type-post","status-publish","format-standard","has-post-thumbnail","hentry","category-noticias"],"_links":{"self":[{"href":"https:\/\/hostnetart.com.br\/baixada\/wp-json\/wp\/v2\/posts\/6848","targetHints":{"allow":["GET"]}}],"collection":[{"href":"https:\/\/hostnetart.com.br\/baixada\/wp-json\/wp\/v2\/posts"}],"about":[{"href":"https:\/\/hostnetart.com.br\/baixada\/wp-json\/wp\/v2\/types\/post"}],"author":[{"embeddable":true,"href":"https:\/\/hostnetart.com.br\/baixada\/wp-json\/wp\/v2\/users\/2"}],"replies":[{"embeddable":true,"href":"https:\/\/hostnetart.com.br\/baixada\/wp-json\/wp\/v2\/comments?post=6848"}],"version-history":[{"count":0,"href":"https:\/\/hostnetart.com.br\/baixada\/wp-json\/wp\/v2\/posts\/6848\/revisions"}],"wp:featuredmedia":[{"embeddable":true,"href":"https:\/\/hostnetart.com.br\/baixada\/wp-json\/wp\/v2\/media\/6847"}],"wp:attachment":[{"href":"https:\/\/hostnetart.com.br\/baixada\/wp-json\/wp\/v2\/media?parent=6848"}],"wp:term":[{"taxonomy":"category","embeddable":true,"href":"https:\/\/hostnetart.com.br\/baixada\/wp-json\/wp\/v2\/categories?post=6848"},{"taxonomy":"post_tag","embeddable":true,"href":"https:\/\/hostnetart.com.br\/baixada\/wp-json\/wp\/v2\/tags?post=6848"}],"curies":[{"name":"wp","href":"https:\/\/api.w.org\/{rel}","templated":true}]}}