{"id":6843,"date":"2019-06-05T13:27:08","date_gmt":"2019-06-05T16:27:08","guid":{"rendered":"https:\/\/hostnetart.com.br\/baixada\/vai-parar-trabalhadores-em-transportes-vao-participar-da-greve-geral-de-14-de-junho\/"},"modified":"2019-06-05T13:27:08","modified_gmt":"2019-06-05T16:27:08","slug":"vai-parar-trabalhadores-em-transportes-vao-participar-da-greve-geral-de-14-de-junho","status":"publish","type":"post","link":"https:\/\/hostnetart.com.br\/baixada\/vai-parar-trabalhadores-em-transportes-vao-participar-da-greve-geral-de-14-de-junho\/","title":{"rendered":"Vai parar: trabalhadores em transportes v\u00e3o participar da greve geral de 14 de junho"},"content":{"rendered":"<p>Reunidas na capital paulista nesta ter\u00e7a-feira (4), entidades que representam trabalhadores e trabalhadoras dos transportes \u2013 aerovi\u00e1rios, aeroportu\u00e1rios, portu\u00e1rios, motoristas e cobradores rodovi\u00e1rios, al\u00e9m de metrovi\u00e1rios e ferrovi\u00e1rios \u2013 decidiram aderir \u00e0\u00a0<a href=\"https:\/\/www.redebrasilatual.com.br\/trabalho\/2019\/05\/sindicalistas-se-reunem-com-relator-da-previdencia\/\" target=\"_blank\" rel=\"noopener noreferrer\">greve geral<\/a>\u00a0do dia 14 de junho, contra a reforma da Previd\u00eancia, pela retomada do crescimento econ\u00f4mico brasileiro com gera\u00e7\u00e3o de empregos e renda e contra os cortes na educa\u00e7\u00e3o.<\/p>\n<p>O presidente da CUT, Vagner Freitas, que abriu a reuni\u00e3o, reafirmou o papel que a greve tem no atual momento social e econ\u00f4mico do Brasil, com recess\u00e3o econ\u00f4mica, recordes de desempregados e as pol\u00edticas de retirada de diretos pelo governo de Jair Bolsonaro.<\/p>\n<p>O dirigente ressaltou o papel dos trabalhadores em transportes para o \u00eaxito da mobiliza\u00e7\u00e3o do dia 14 de junho. \u201cEm todas as greves gerais que constru\u00edmos com grande \u00eaxito, a participa\u00e7\u00e3o dos trabalhadores e trabalhadoras dos transportes foi fundamental\u201d, disse o dirigente.<\/p>\n<p>Vagner avalia que essa greve geral difere das anteriores, j\u00e1 que cresce\u00a0<a href=\"https:\/\/www.redebrasilatual.com.br\/destaques\/2019\/05\/o-30-de-maio-e-a-greve-geral-por-que-educacao-e-previdencia-mobilizam\/\" target=\"_blank\" rel=\"noopener noreferrer\">a cada dia a politiza\u00e7\u00e3o da sociedade<\/a>, que \u201cacordou para o fato de que esse governo est\u00e1 destruindo o Brasil\u201d.<\/p>\n<p>\u201cA greve est\u00e1 sendo debatida em escolas, igrejas, bares e as pessoas falam da greve por conta do rumo que o pa\u00eds tomou com Bolsonaro. H\u00e1 um absoluto desalento com o governo. Bolsonaro se apresentou como solu\u00e7\u00e3o e n\u00e3o resolveu nada. As pessoas est\u00e3o vivenciando uma enorme crise e questionando o governo, que n\u00e3o tem proposta de pol\u00edtica econ\u00f4mica\u201d, afirmou Vagner.<\/p>\n<h3>Participa\u00e7\u00e3o geral<\/h3>\n<p>O cen\u00e1rio, ainda de acordo com o presidente nacional da CUT, fortalece a mobiliza\u00e7\u00e3o de todas as categorias, ainda mais do que em greves anteriores.<\/p>\n<div id=\"attachment_360475\" class=\"wp-caption alignleft\"><img fetchpriority=\"high\" decoding=\"async\" class=\"size-medium wp-image-360475\" src=\"https:\/\/www.redebrasilatual.com.br\/wp-content\/uploads\/2019\/06\/cut-geral-300x198.jpg\" sizes=\"(max-width: 300px) 100vw, 300px\" srcset=\"https:\/\/www.redebrasilatual.com.br\/wp-content\/uploads\/2019\/06\/cut-geral-300x198.jpg 300w, https:\/\/www.redebrasilatual.com.br\/wp-content\/uploads\/2019\/06\/cut-geral-263x175.jpg 263w, https:\/\/www.redebrasilatual.com.br\/wp-content\/uploads\/2019\/06\/cut-geral.jpg 360w\" alt=\"VANILDA OLIVEIRA\/CUT\" width=\"300\" height=\"198\" \/><\/p>\n<p class=\"wp-caption-text\">Reuni\u00e3o entre representantes dos trabalhadores de transportes define ades\u00e3o<\/p>\n<\/div>\n<p>Por sua vez, o presidente da Confedera\u00e7\u00e3o Nacional dos Trabalhadores em Transportes e Log\u00edstica (CNTTL-CUT), Paulo Jo\u00e3o Eust\u00e1sia, relatou que est\u00e1 consolidada a participa\u00e7\u00e3o de todos os modais de transporte na paralisa\u00e7\u00e3o de 14 de junho<\/p>\n<p>\u201cTemos tudo para superar o dia 28 de abril de 2017 e dar uma resposta ao governo com rela\u00e7\u00e3o aos ataques aos direitos, principalmente contra a reforma da Previd\u00eancia\u201d, disse Eust\u00e1sia, referindo-se \u00e0 greve geral realizada h\u00e1 dois anos contra a pol\u00edtica neoliberal do ileg\u00edtimo Michel Temer.<\/p>\n<h3>Caminhoneiros<\/h3>\n<p>Ainda de acordo com o presidente da CNTTL, boa parte dos caminhoneiros \u00e9 representada pela confedera\u00e7\u00e3o e a categoria tamb\u00e9m anunciou, com ressalvas, que vai paralisar atividades no dia 14 de junho.<\/p>\n<p>O ativista avalia que muitos caminhoneiros dever\u00e3o aderir \u00e0 greve geral em n\u00famero superior a outras mobiliza\u00e7\u00f5es organizadas pela CUT e pela CNTTL. Ele explica que, habitualmente, greves desses motoristas come\u00e7am em pontos isolados e v\u00e3o ganhando corpo, assim como aconteceu em 2018.<\/p>\n<p>\u201cAcredito que mais caminhoneiros v\u00e3o aderir. Eles t\u00eam uma pauta espec\u00edfica da categoria, que \u00e9 a quest\u00e3o da fiscaliza\u00e7\u00e3o do piso m\u00ednimo para os fretes e o congelamento do pre\u00e7o do \u00f3leo diesel, mas tamb\u00e9m s\u00e3o alvo da reforma da Previd\u00eancia e boa parte j\u00e1 decidiu participar da greve geral\u201d.<\/p>\n<p>O dirigente explica tamb\u00e9m que um fator determinante para a ades\u00e3o da categoria \u00e9 o crescente descontentamento com Bolsonaro: \u201cNa ocasi\u00e3o da elei\u00e7\u00e3o 70% dos caminhoneiros apoiavam Bolsonaro. Hoje, j\u00e1 percebendo o retrocesso do Brasil, o n\u00famero inverteu e 70% s\u00e3o contra o governo\u201d.<\/p>\n<p>Ainda sobre os caminhoneiros, durante o encontro, Paulo Eustasia informou que a categoria tem uma mobiliza\u00e7\u00e3o marcada para o dia 20 de junho, caso as pautas espec\u00edficas n\u00e3o sejam atendidas.<\/p>\n<h3>A greve e os transportes<\/h3>\n<p>A preocupa\u00e7\u00e3o dos sindicatos dos trabalhadores em transportes \u00e9 de que grande parte da responsabilidade das greves deve recair sobre eles. \u201cAinda que voc\u00ea mande of\u00edcio 72 horas antes informando a greve, logo vem a liminar proibindo a paralisa\u00e7\u00e3o e estipulando multas absurdas\u201d, afirma o presidente da CNTTL.<\/p>\n<p>Como resposta \u00e0 previs\u00edvel rea\u00e7\u00e3o dos poderes p\u00fablicos para diminuir o alcance do movimento, o consenso entre as entidades \u00e9 de que os sindicatos v\u00e3o \u201cbancar a greve\u201d e enfrentar todos os obst\u00e1culos, como liminares e descontos do dia da folha de pagamento.<\/p>\n<p>Paulo Eustasia deixa claro que \u201c\u00e9 hora de enfrentar o governo. Bolsonaro, na verdade, nunca teve um plano de governo eficiente e real. Hoje isso est\u00e1 claro para sociedade. Ele n\u00e3o tem proposta. Enquanto isso, o pa\u00eds afunda no desemprego, empresas quebram e a popula\u00e7\u00e3o est\u00e1 percebendo isso. E est\u00e1 vindo para a luta para poder reverter. \u00c9 agora ou nunca mais.\u201d<\/p>\n<h3>Mobiliza\u00e7\u00e3o nacional<\/h3>\n<p>Para Vagner Freitas, presidente da CUT, a greve geral ser\u00e1 uma resposta que a sociedade dar\u00e1 \u00e0 quest\u00e3o nacional. \u201cA greve \u00e9 por mudan\u00e7a na economia e isso \u00e9 favor\u00e1vel para que seja uma grande paralisa\u00e7\u00e3o no dia 14\u201d.<\/p>\n<p>Prova disso, segundo o dirigente, foram as mobiliza\u00e7\u00f5es dos\u00a0<a href=\"https:\/\/www.redebrasilatual.com.br\/educacao\/2019\/05\/tsunami-da-educacao-deve-tomar-escolas-e-ruas-do-pais-e-causa-confusao-no-governo\/\" target=\"_blank\" rel=\"noopener noreferrer\">dias 15<\/a>\u00a0e\u00a0<a href=\"https:\/\/www.redebrasilatual.com.br\/educacao\/2019\/05\/30m-traz-segundo-tsunami-pela-educacao-em-duas-semanas\/\" target=\"_blank\" rel=\"noopener noreferrer\">30 de maio<\/a>, organizadas por entidades do movimento estudantil, que levaram \u00e0s ruas milh\u00f5es de pessoas e que n\u00e3o tinham rela\u00e7\u00e3o com os movimentos sociais e sindical.<\/p>\n<p>\u201cForam mobiliza\u00e7\u00f5es constru\u00eddas no movimento sindical, pela CNTE, que viraram protestos de estudantes e englobaram toda a sociedade\u201d, concluiu.<\/p>\n<h6>\u00a0<\/h6>\n<p><strong>Fonte: Rede Brasil Atual com CUT<\/strong><\/p>\n","protected":false},"excerpt":{"rendered":"<p>Reunidas na capital paulista nesta ter\u00e7a-feira (4), entidades que representam trabalhadores e trabalhadoras dos transportes \u2013 aerovi\u00e1rios, aeroportu\u00e1rios, portu\u00e1rios, motoristas e cobradores rodovi\u00e1rios, al\u00e9m de metrovi\u00e1rios e ferrovi\u00e1rios \u2013 decidiram aderir \u00e0\u00a0greve geral\u00a0do dia 14 de junho, contra a reforma da Previd\u00eancia, pela retomada do crescimento econ\u00f4mico brasileiro com gera\u00e7\u00e3o de empregos e renda e [&hellip;]<\/p>\n","protected":false},"author":2,"featured_media":6842,"comment_status":"","ping_status":"","sticky":false,"template":"","format":"standard","meta":{"footnotes":""},"categories":[3],"tags":[],"class_list":["post-6843","post","type-post","status-publish","format-standard","has-post-thumbnail","hentry","category-noticias"],"_links":{"self":[{"href":"https:\/\/hostnetart.com.br\/baixada\/wp-json\/wp\/v2\/posts\/6843","targetHints":{"allow":["GET"]}}],"collection":[{"href":"https:\/\/hostnetart.com.br\/baixada\/wp-json\/wp\/v2\/posts"}],"about":[{"href":"https:\/\/hostnetart.com.br\/baixada\/wp-json\/wp\/v2\/types\/post"}],"author":[{"embeddable":true,"href":"https:\/\/hostnetart.com.br\/baixada\/wp-json\/wp\/v2\/users\/2"}],"replies":[{"embeddable":true,"href":"https:\/\/hostnetart.com.br\/baixada\/wp-json\/wp\/v2\/comments?post=6843"}],"version-history":[{"count":0,"href":"https:\/\/hostnetart.com.br\/baixada\/wp-json\/wp\/v2\/posts\/6843\/revisions"}],"wp:featuredmedia":[{"embeddable":true,"href":"https:\/\/hostnetart.com.br\/baixada\/wp-json\/wp\/v2\/media\/6842"}],"wp:attachment":[{"href":"https:\/\/hostnetart.com.br\/baixada\/wp-json\/wp\/v2\/media?parent=6843"}],"wp:term":[{"taxonomy":"category","embeddable":true,"href":"https:\/\/hostnetart.com.br\/baixada\/wp-json\/wp\/v2\/categories?post=6843"},{"taxonomy":"post_tag","embeddable":true,"href":"https:\/\/hostnetart.com.br\/baixada\/wp-json\/wp\/v2\/tags?post=6843"}],"curies":[{"name":"wp","href":"https:\/\/api.w.org\/{rel}","templated":true}]}}