{"id":6839,"date":"2019-06-05T13:22:26","date_gmt":"2019-06-05T16:22:26","guid":{"rendered":"https:\/\/hostnetart.com.br\/baixada\/bancarios-negociam-renovacao-do-acordo-marco-com-o-itau\/"},"modified":"2019-06-05T13:22:26","modified_gmt":"2019-06-05T16:22:26","slug":"bancarios-negociam-renovacao-do-acordo-marco-com-o-itau","status":"publish","type":"post","link":"https:\/\/hostnetart.com.br\/baixada\/bancarios-negociam-renovacao-do-acordo-marco-com-o-itau\/","title":{"rendered":"Banc\u00e1rios negociam renova\u00e7\u00e3o do acordo marco com o Ita\u00fa"},"content":{"rendered":"<p>A Confedera\u00e7\u00e3o Nacional dos Trabalhadores do Ramo Financeiro (Contraf-CUT) e a Uni Am\u00e9ricas Finan\u00e7as se re\u00fanem, nesta quarta-feira (5), com a dire\u00e7\u00e3o do Ita\u00fa para discutir a renova\u00e7\u00e3o do acordo marco internacional.<\/p>\n<p>Com abrang\u00eancia sobre todas as sucursais do banco no continente americano, o documento estabelece princ\u00edpios e objetivos de preven\u00e7\u00e3o de conflitos nas rela\u00e7\u00f5es de trabalho e o di\u00e1logo social entre as partes. Ele \u00e9 complementar \u00e0s conven\u00e7\u00f5es coletivas de trabalho dos pa\u00edses em que o banco atua. O acordo foi renovado pela \u00faltima vez em 22 de outubro de 2018 e tem validade at\u00e9 31 de dezembro de 2019. Os banc\u00e1rios reivindicam uma nova renova\u00e7\u00e3o.<\/p>\n<p>No primeiro encontro de negocia\u00e7\u00e3o, ficou definido o calend\u00e1rio dos encontros e que o movimento sindical levasse os termos para renova\u00e7\u00e3o. \u201cO que n\u00f3s vamos apresentar para o banco amplia quest\u00f5es de direitos sociais e humanos que j\u00e1 estavam tratadas. Aprofundamos cada um desses temas, buscando deixar mais claro e mais seguro o direito dos trabalhadores\u201d, afirmou Roberto von der Osten, secret\u00e1rio de Rela\u00e7\u00f5es Internacionais da Confedera\u00e7\u00e3o Nacional dos Trabalhadores do Ramo Financeiro (Contraf-CUT). O secret\u00e1rio e o coordenador da Comiss\u00e3o de Organiza\u00e7\u00e3o dos Empregados (COE) do Ita\u00fa, Jair Alves, receberam, nesta ter\u00e7a-feira (4), na sede da Contraf-CUT, Guilhermo Mafeo, diretor regional da Uni Am\u00e9rica Finan\u00e7as, Hor\u00e1cio Sarzonia, da Associa\u00e7\u00e3o banc\u00e1ria argentina (La banc\u00e1ria), e Heron Parra Castro, da Uni\u00e3o Nacional de Empregados da Col\u00f4mbia. Eles realizaram uma reuni\u00e3o preparat\u00f3ria para o encontro de amanh\u00e3, no qual representar\u00e3o trabalhadores de Brasil, Argentina, Uruguai, Paraguai, Chile e Col\u00f4mbia.<\/p>\n<p><strong>Fonte: Contraf-CUT<\/strong><\/p>\n","protected":false},"excerpt":{"rendered":"<p>A Confedera\u00e7\u00e3o Nacional dos Trabalhadores do Ramo Financeiro (Contraf-CUT) e a Uni Am\u00e9ricas Finan\u00e7as se re\u00fanem, nesta quarta-feira (5), com a dire\u00e7\u00e3o do Ita\u00fa para discutir a renova\u00e7\u00e3o do acordo marco internacional. Com abrang\u00eancia sobre todas as sucursais do banco no continente americano, o documento estabelece princ\u00edpios e objetivos de preven\u00e7\u00e3o de conflitos nas rela\u00e7\u00f5es [&hellip;]<\/p>\n","protected":false},"author":2,"featured_media":6838,"comment_status":"","ping_status":"","sticky":false,"template":"","format":"standard","meta":{"footnotes":""},"categories":[3],"tags":[],"class_list":["post-6839","post","type-post","status-publish","format-standard","has-post-thumbnail","hentry","category-noticias"],"_links":{"self":[{"href":"https:\/\/hostnetart.com.br\/baixada\/wp-json\/wp\/v2\/posts\/6839","targetHints":{"allow":["GET"]}}],"collection":[{"href":"https:\/\/hostnetart.com.br\/baixada\/wp-json\/wp\/v2\/posts"}],"about":[{"href":"https:\/\/hostnetart.com.br\/baixada\/wp-json\/wp\/v2\/types\/post"}],"author":[{"embeddable":true,"href":"https:\/\/hostnetart.com.br\/baixada\/wp-json\/wp\/v2\/users\/2"}],"replies":[{"embeddable":true,"href":"https:\/\/hostnetart.com.br\/baixada\/wp-json\/wp\/v2\/comments?post=6839"}],"version-history":[{"count":0,"href":"https:\/\/hostnetart.com.br\/baixada\/wp-json\/wp\/v2\/posts\/6839\/revisions"}],"wp:featuredmedia":[{"embeddable":true,"href":"https:\/\/hostnetart.com.br\/baixada\/wp-json\/wp\/v2\/media\/6838"}],"wp:attachment":[{"href":"https:\/\/hostnetart.com.br\/baixada\/wp-json\/wp\/v2\/media?parent=6839"}],"wp:term":[{"taxonomy":"category","embeddable":true,"href":"https:\/\/hostnetart.com.br\/baixada\/wp-json\/wp\/v2\/categories?post=6839"},{"taxonomy":"post_tag","embeddable":true,"href":"https:\/\/hostnetart.com.br\/baixada\/wp-json\/wp\/v2\/tags?post=6839"}],"curies":[{"name":"wp","href":"https:\/\/api.w.org\/{rel}","templated":true}]}}