{"id":6835,"date":"2019-06-04T19:21:16","date_gmt":"2019-06-04T22:21:16","guid":{"rendered":"https:\/\/hostnetart.com.br\/baixada\/mais-de-90-da-economia-da-reforma-da-previdencia-viria-dos-mais-pobres-alerta-ex-banqueiro\/"},"modified":"2019-06-04T19:21:16","modified_gmt":"2019-06-04T22:21:16","slug":"mais-de-90-da-economia-da-reforma-da-previdencia-viria-dos-mais-pobres-alerta-ex-banqueiro","status":"publish","type":"post","link":"https:\/\/hostnetart.com.br\/baixada\/mais-de-90-da-economia-da-reforma-da-previdencia-viria-dos-mais-pobres-alerta-ex-banqueiro\/","title":{"rendered":"Mais de 90% da economia da reforma da Previd\u00eancia viria dos mais pobres, alerta ex-banqueiro"},"content":{"rendered":"<p>Que \u2018reforma\u2019 da Previd\u00eancia \u00e9 essa? A pergunta ganhou a internet e ficou entre os assuntos mais comentados do Twiiter nesta ter\u00e7a-feira (4). O questionamento d\u00e1 nome a uma\u00a0<a href=\"https:\/\/www.redebrasilatual.com.br\/politica\/2019\/06\/que-reforma-e-essa-campanha-previdencia\/\" target=\"_blank\" rel=\"noopener noreferrer\">campanha que quer esclarecer as propostas<\/a>\u00a0do governo do presidente, Jair Bolsonaro (PSL), sobre o tema (PEC 06\/19). Mais de 90% da economia pretendida com a reforma ir\u00e1 gerar vem dos mais pobres, segundo alerta o economista Eduardo Moreira,.<\/p>\n<p>A campanha\u00a0<a href=\"http:\/\/reformadaprevidenciabrasil.com.br\/\" target=\"_blank\" rel=\"noopener noreferrer\">conta com um site<\/a>\u00a0e um v\u00eddeo, amplamente compartilhado. Na pe\u00e7a, Moreira, ex-banqueiro e conhecedor dos bastidores do mercado financeiro, faz considera\u00e7\u00f5es sobre a\u00a0<a href=\"https:\/\/minhaaposentadoria.net.br\/imprensa-esconde-problemas-da-reforma-da-previdencia\/\" target=\"_blank\" rel=\"noopener noreferrer\">proposta bolsonarista<\/a>, encabe\u00e7ada pelo ministro da Economia, Paulo Guedes. \u201cA reforma da Previd\u00eancia, como est\u00e1 sendo proposta, n\u00e3o vai ser boa para nenhum brasileiro. Nenhum!\u201d, afirma.<\/p>\n<p>O v\u00eddeo \u00e9 curto e segue com explica\u00e7\u00f5es objetivas sobre um tema com detalhes que podem parecer complexos. \u201cOs mais pobres v\u00e3o ter que trabalhar por mais tempo e receber ainda menos. Para quem \u00e9 servidor p\u00fablico e para a chamada classe m\u00e9dia tradicional, essa reforma tamb\u00e9m \u00e9 incrivelmente perversa\u201d, aponta.<\/p>\n<p>Moreira faz uma considera\u00e7\u00e3o de que, comprovada a necessidade de uma reforma na Previd\u00eancia, ela \u201cdeveria atacar privil\u00e9gios e privilegiados. Mas essa proposta ataca quase que exclusivamente trabalhadores e a classe m\u00e9dia (\u2026) Os dados est\u00e3o no documento oficial do pr\u00f3prio governo. O Brasil precisa, na verdade, tributar os mais ricos, cobrar os grandes devedores da Previd\u00eancia, parar de dar isen\u00e7\u00f5es e benef\u00edcios fiscais para quem n\u00e3o precisa e voltar a investir para gerar empregos\u201d.<\/p>\n<h2>COMISS\u00c3O ESPECIAL<\/h2>\n<p>A proposta da reforma tramita, neste momento, em Comiss\u00e3o Especial da C\u00e2mara dos Deputados. No m\u00eas passado Eduardo Moreira participou de uma Audi\u00eancia P\u00fablica na Comiss\u00e3o Especial, ao lado do economista da Unicamp Eduardo Fagnani. \u201cEstudei d\u00edvida interna por 20 anos da minha vida e me tornei s\u00f3cio de dois bancos. S\u00f3cio de um, maior banco do pa\u00eds, e fundador de outro\u201d.<\/p>\n<p>Na ocasi\u00e3o, deputados da base do governo Bolsonaro chamaram o banqueiro de \u201ccomunista\u201d e \u201cmarxista\u201d. A constata\u00e7\u00e3o absurda arrancou gargalhadas do economista com ampla carreira no mercado financeiro. \u201cOlha s\u00f3 como isso me faz uma figura super heterog\u00eanea. Um ex-banqueiro marxista. Meio diferente\u201d.<\/p>\n<p>Sobre o conte\u00fado da reforma, Moreira foi direto: \u201cExiste a constata\u00e7\u00e3o de que existem privilegiados com super aposentadorias e isso \u00e9 sustentado pelos mais pobres. Ent\u00e3o \u00e9 simples, por que vamos mexer com a aposentadoria dos pobres? N\u00e3o tem o menor sentido isso. Voc\u00ea n\u00e3o reduz desigualdade tirando do que tem mais e do que tem menos. Tira s\u00f3 do que tem mais. Ou voc\u00ea vai jogar a crian\u00e7a fora junto com a \u00e1gua do banho?\u201d<\/p>\n<p>Sobre as amea\u00e7as da equipe econ\u00f4mica de que, se n\u00e3o aprovada a reforma, faltar\u00e3o verbas para \u00e1reas como Sa\u00fade e Educa\u00e7\u00e3o, Moreira ressaltou que \u201cs\u00e3o verbas constitucionais. S\u00f3 gastamos o piso. Ent\u00e3o, n\u00e3o existe risco se for cumprida a Constitui\u00e7\u00e3o\u201d.<\/p>\n<p><strong>Fonte: Rede Brasil Atual<\/strong><\/p>\n","protected":false},"excerpt":{"rendered":"<p>Que \u2018reforma\u2019 da Previd\u00eancia \u00e9 essa? A pergunta ganhou a internet e ficou entre os assuntos mais comentados do Twiiter nesta ter\u00e7a-feira (4). O questionamento d\u00e1 nome a uma\u00a0campanha que quer esclarecer as propostas\u00a0do governo do presidente, Jair Bolsonaro (PSL), sobre o tema (PEC 06\/19). Mais de 90% da economia pretendida com a reforma ir\u00e1 [&hellip;]<\/p>\n","protected":false},"author":2,"featured_media":6834,"comment_status":"","ping_status":"","sticky":false,"template":"","format":"standard","meta":{"footnotes":""},"categories":[3],"tags":[],"class_list":["post-6835","post","type-post","status-publish","format-standard","has-post-thumbnail","hentry","category-noticias"],"_links":{"self":[{"href":"https:\/\/hostnetart.com.br\/baixada\/wp-json\/wp\/v2\/posts\/6835","targetHints":{"allow":["GET"]}}],"collection":[{"href":"https:\/\/hostnetart.com.br\/baixada\/wp-json\/wp\/v2\/posts"}],"about":[{"href":"https:\/\/hostnetart.com.br\/baixada\/wp-json\/wp\/v2\/types\/post"}],"author":[{"embeddable":true,"href":"https:\/\/hostnetart.com.br\/baixada\/wp-json\/wp\/v2\/users\/2"}],"replies":[{"embeddable":true,"href":"https:\/\/hostnetart.com.br\/baixada\/wp-json\/wp\/v2\/comments?post=6835"}],"version-history":[{"count":0,"href":"https:\/\/hostnetart.com.br\/baixada\/wp-json\/wp\/v2\/posts\/6835\/revisions"}],"wp:featuredmedia":[{"embeddable":true,"href":"https:\/\/hostnetart.com.br\/baixada\/wp-json\/wp\/v2\/media\/6834"}],"wp:attachment":[{"href":"https:\/\/hostnetart.com.br\/baixada\/wp-json\/wp\/v2\/media?parent=6835"}],"wp:term":[{"taxonomy":"category","embeddable":true,"href":"https:\/\/hostnetart.com.br\/baixada\/wp-json\/wp\/v2\/categories?post=6835"},{"taxonomy":"post_tag","embeddable":true,"href":"https:\/\/hostnetart.com.br\/baixada\/wp-json\/wp\/v2\/tags?post=6835"}],"curies":[{"name":"wp","href":"https:\/\/api.w.org\/{rel}","templated":true}]}}