{"id":6833,"date":"2019-06-04T19:19:38","date_gmt":"2019-06-04T22:19:38","guid":{"rendered":"https:\/\/hostnetart.com.br\/baixada\/reforma-da-previdencia-ameaca-direitos-de-maes-e-gestantes\/"},"modified":"2019-06-04T19:19:38","modified_gmt":"2019-06-04T22:19:38","slug":"reforma-da-previdencia-ameaca-direitos-de-maes-e-gestantes","status":"publish","type":"post","link":"https:\/\/hostnetart.com.br\/baixada\/reforma-da-previdencia-ameaca-direitos-de-maes-e-gestantes\/","title":{"rendered":"\u2018Reforma\u2019 da Previd\u00eancia amea\u00e7a direitos de m\u00e3es e gestantes"},"content":{"rendered":"<p>e aprovada, a\u00a0<a href=\"http:\/\/minhaaposentadoria.net.br\/\" target=\"_blank\" rel=\"noopener noreferrer\">\u201creforma\u201d da Previd\u00eancia<\/a>\u00a0do governo de Jair Bolsonaro poder\u00e1 retirar a prote\u00e7\u00e3o \u00e0 maternidade e tamb\u00e9m \u00e0s gestantes previstas no \u00e2mbito da\u00a0<a href=\"https:\/\/www.redebrasilatual.com.br\/politica\/2019\/05\/nao-e-reforma-da-previdencia-e-o-fim-do-estado-de-bem-estar-social-e-da-constituicao\/\" target=\"_blank\" rel=\"noopener noreferrer\">Previd\u00eancia e da Seguridade Social<\/a>.<\/p>\n<p>Na pr\u00e1tica, a<a href=\"https:\/\/www.redebrasilatual.com.br\/trabalho\/2019\/03\/mulheres-na-mira-da-reforma-da-previdencia\/\" target=\"_blank\" rel=\"noopener noreferrer\">\u00a0prote\u00e7\u00e3o atual assegurada\u00a0<\/a>pelo artigo 201 da Constitui\u00e7\u00e3o Federal\u00a0garante \u00e0s gestantes 120 dias de afastamento e a continuidade da remunera\u00e7\u00e3o em todo o per\u00edodo fora da empresa, que pode ainda ser estendido por at\u00e9 180 dias a partir de negocia\u00e7\u00e3o entre os sindicatos e empregadores. Em sua coluna na\u00a0<strong>R\u00e1dio Brasil Atual<\/strong>, o diretor t\u00e9cnico do Dieese, Clemente Ganz L\u00facio, explica que ainda h\u00e1 um debate em conjunto com a tramita\u00e7\u00e3o da \u201creforma\u201d no Congresso Nacional para definir se o sal\u00e1rio da maternidade teria o valor de um sal\u00e1rio m\u00ednimo independentemente da remunera\u00e7\u00e3o da gestante ou se ela teria direito a um valor fixo proposto pelo governo.<\/p>\n<p>De acordo com Clemente, o objetivo das mudan\u00e7as propostas pela PEC 6\/2019 \u00e9 que\u00a0<a href=\"https:\/\/www.redebrasilatual.com.br\/trabalho\/2019\/03\/mulheres-e-previdencia-reforma-torna-aposentadoria-um-sonho-distante\/\" target=\"_blank\" rel=\"noopener noreferrer\">sejam reduzidos os benef\u00edcios<\/a>, considerados custos para o governo, de modo geral, al\u00e9m de evitar disputas judiciais demandadas pelas gestantes. \u201cEsse projeto visa constranger e restringir os direitos da Previd\u00eancia e da Seguridade Social\u201d, afirma, \u00e0 jornalista Marilu Caba\u00f1as.<\/p>\n<h3>Ou\u00e7a a entrevista:\u00a0<a href=\"https:\/\/soundcloud.com\/redebrasilatual\">https:\/\/soundcloud.com\/redebrasilatual<\/a><\/h3>\n<p><strong>Fonte: Rede Brasil Atual<\/strong><\/p>\n","protected":false},"excerpt":{"rendered":"<p>e aprovada, a\u00a0\u201creforma\u201d da Previd\u00eancia\u00a0do governo de Jair Bolsonaro poder\u00e1 retirar a prote\u00e7\u00e3o \u00e0 maternidade e tamb\u00e9m \u00e0s gestantes previstas no \u00e2mbito da\u00a0Previd\u00eancia e da Seguridade Social. Na pr\u00e1tica, a\u00a0prote\u00e7\u00e3o atual assegurada\u00a0pelo artigo 201 da Constitui\u00e7\u00e3o Federal\u00a0garante \u00e0s gestantes 120 dias de afastamento e a continuidade da remunera\u00e7\u00e3o em todo o per\u00edodo fora da empresa, [&hellip;]<\/p>\n","protected":false},"author":2,"featured_media":6832,"comment_status":"","ping_status":"","sticky":false,"template":"","format":"standard","meta":{"footnotes":""},"categories":[3],"tags":[],"class_list":["post-6833","post","type-post","status-publish","format-standard","has-post-thumbnail","hentry","category-noticias"],"_links":{"self":[{"href":"https:\/\/hostnetart.com.br\/baixada\/wp-json\/wp\/v2\/posts\/6833","targetHints":{"allow":["GET"]}}],"collection":[{"href":"https:\/\/hostnetart.com.br\/baixada\/wp-json\/wp\/v2\/posts"}],"about":[{"href":"https:\/\/hostnetart.com.br\/baixada\/wp-json\/wp\/v2\/types\/post"}],"author":[{"embeddable":true,"href":"https:\/\/hostnetart.com.br\/baixada\/wp-json\/wp\/v2\/users\/2"}],"replies":[{"embeddable":true,"href":"https:\/\/hostnetart.com.br\/baixada\/wp-json\/wp\/v2\/comments?post=6833"}],"version-history":[{"count":0,"href":"https:\/\/hostnetart.com.br\/baixada\/wp-json\/wp\/v2\/posts\/6833\/revisions"}],"wp:featuredmedia":[{"embeddable":true,"href":"https:\/\/hostnetart.com.br\/baixada\/wp-json\/wp\/v2\/media\/6832"}],"wp:attachment":[{"href":"https:\/\/hostnetart.com.br\/baixada\/wp-json\/wp\/v2\/media?parent=6833"}],"wp:term":[{"taxonomy":"category","embeddable":true,"href":"https:\/\/hostnetart.com.br\/baixada\/wp-json\/wp\/v2\/categories?post=6833"},{"taxonomy":"post_tag","embeddable":true,"href":"https:\/\/hostnetart.com.br\/baixada\/wp-json\/wp\/v2\/tags?post=6833"}],"curies":[{"name":"wp","href":"https:\/\/api.w.org\/{rel}","templated":true}]}}