{"id":6827,"date":"2019-06-04T13:50:17","date_gmt":"2019-06-04T16:50:17","guid":{"rendered":"https:\/\/hostnetart.com.br\/baixada\/fim-da-aposentadoria-especial-deve-criar-consequencias-sociais-tragicas\/"},"modified":"2019-06-04T13:50:17","modified_gmt":"2019-06-04T16:50:17","slug":"fim-da-aposentadoria-especial-deve-criar-consequencias-sociais-tragicas","status":"publish","type":"post","link":"https:\/\/hostnetart.com.br\/baixada\/fim-da-aposentadoria-especial-deve-criar-consequencias-sociais-tragicas\/","title":{"rendered":"Fim da aposentadoria especial deve criar \u2018consequ\u00eancias sociais tr\u00e1gicas\u2019"},"content":{"rendered":"<p>Em debate na Comiss\u00e3o de Direitos Humanos do Senado Federal, especialistas ouvidos afirmaram que o fim da\u00a0<a href=\"https:\/\/www.redebrasilatual.com.br\/trabalho\/2016\/12\/reforma-da-previdencia-vai-acabar-com-aposentadoria-especial-de-professores-8669\/\" target=\"_blank\" rel=\"noopener noreferrer\"><strong>aposentadoria especial<\/strong><\/a>, como pretendido pelo governo Bolsonaro \u2013 no \u00e2mbito da reforma Proposta de Emenda\u00a0 \u00a0Constitucional (PEC) 06\/2019, a<a href=\"https:\/\/www.redebrasilatual.com.br\/trabalho\/2019\/05\/depois-30-maio-agora-e-greve-geral-avisam-lideres-dos-movimentos\/\" target=\"_blank\" rel=\"noopener noreferrer\"><strong>\u00a0\u201creforma\u201d da Previd\u00eancia\u00a0<\/strong><\/a><strong>\u2013\u00a0<\/strong>pode impactar alguns setores espec\u00edficos da popula\u00e7\u00e3o, caso dos profissionais das \u00e1reas de sa\u00fade e de educa\u00e7\u00e3o, e\u00a0 criar um problema de sa\u00fade p\u00fablica no Brasil. A audi\u00eancia ocorreu nesta segunda-feira (3).<\/p>\n<p>Benedito Brunca, da secretaria de Previd\u00eancia do Minist\u00e9rio da Economia, exp\u00f4s aos presentes a vers\u00e3o do governo para acabar com a aposentadoria especial em v\u00e1rias categorias, igualando os regimes de todos os trabalhadores e ignorando quest\u00f5es espec\u00edficas de determinadas atividades.\u00a0Brunca alegou que o d\u00e9ficit dos estados \u00e9 alto, pois mais da metade dos servidores se aposentam em regimes diferenciados, como por exemplo, m\u00e9dicos, professores e enfermeiros. Ele foi rebatido pelos representantes dos trabalhadores.<\/p>\n<p>Para Dionne Halysson Siqueira, diretora da Federa\u00e7\u00e3o Nacional dos Enfermeiros, a proposta vai criar um\u00a0<a href=\"https:\/\/www.redebrasilatual.com.br\/destaques\/2019\/05\/reforma-da-previdencia-ameaca-a-economia-de-88-dos-municipios-brasileiros\/\">problema de sa\u00fade p\u00fablica<\/a>. \u201cOs impactos na enfermagem s\u00e3o preocupantes, porque os profissionais j\u00e1 trabalham em p\u00e9ssimas condi\u00e7\u00f5es de trabalho e submetido \u00e0 situa\u00e7\u00e3o insalubre. Estender isso a mais anos de trabalho, ter\u00e1 um impacto negativo\u201d, explica ao rep\u00f3rter\u00a0U\u00e9lson Kalinovski, da\u00a0<strong>TVT<\/strong>.<\/p>\n<p>J\u00e1 a\u00a0advogada Ana Claudia Mendes,\u00a0 do Conselho Nacional das Pessoas com Defici\u00eancia (Conade), disse temer que, se a reforma\u00a0prevalecer com as diretrizes atuais, as pessoas deficientes de baixa renda ser\u00e3o especialmente prejudicadas. Ela alertou que o texto cria barreiras no acesso ao Benef\u00edcio de Presta\u00e7\u00e3o Continuada (BPC), a pens\u00f5es e outros benef\u00edcios.<\/p>\n<p>Ao todo, foram encaminhadas 277 emendas para a , a \u201creforma\u201d da Previd\u00eancia, em an\u00e1lise na Comiss\u00e3o Especial da C\u00e2mara dos Deputados. Entre as propostas, a retirada de itens pol\u00eamicos, como as altera\u00e7\u00f5es do BPC e na aposentadoria rural. O deputado e relator do projeto, Samuel Moreira (PSDB-SP), promete entregar um texto definitivo o pr\u00f3ximo dia 15 de junho, mas o tema segue em debate na C\u00e2mara dos Deputados, nesta ter\u00e7a feira (4), na Comiss\u00e3o de Finan\u00e7as e Tributa\u00e7\u00e3o, com a presen\u00e7a do ministro da Economia, Paulo Guedes.<\/p>\n<p>O representante da Confedera\u00e7\u00e3o Nacional dos Trabalhadores na Ind\u00fastria (CNTI), Jos\u00e9 Reginaldo In\u00e1cio, teme\u00a0<a href=\"https:\/\/www.redebrasilatual.com.br\/trabalho\/2019\/05\/reforma-da-previdencia-desestrutura-a-familia-brasileira-do-jovem-aos-avos\/\">\u201cconsequ\u00eancias sociais tr\u00e1gicas\u201d<\/a>\u00a0caso o governo aprove a \u201creforma\u201d com as diretrizes atuais. De acordo com ele, o Brasil \u00e9 marcado pelos mais altos \u00edndices de mortes e acidentes de trabalho no mundo, e que as regras mais restritas na concess\u00e3o de benef\u00edcios e pens\u00f5es poder\u00e3o criar uma legi\u00e3o de fam\u00edlias levadas \u00e0 mis\u00e9ria.<\/p>\n<p>\u201cCondicionar esses benef\u00edcios espec\u00edficos a crit\u00e9rios de contribui\u00e7\u00e3o e idade m\u00ednima causar\u00e1 uma explos\u00e3o nas aposentadorias por invalidez, aumento de acidentes, adoecimentos e mortes em ambientes de trabalho. O pa\u00eds \u00e9 marcado hoje pela superexplora\u00e7\u00e3o da classe trabalhadora e pela precariza\u00e7\u00e3o nas rela\u00e7\u00f5es trabalhistas, haver\u00e1 uma quantidade imensa de trabalhadores impossibilitada de acessar a aposentadoria na condi\u00e7\u00e3o especial, e ao mesmo tempo inapta para o trabalho\u201d, criticou ele, durante a audi\u00eancia.<\/p>\n<p><strong>Fonte: Rede Brasil Atual<\/strong><\/p>\n","protected":false},"excerpt":{"rendered":"<p>Em debate na Comiss\u00e3o de Direitos Humanos do Senado Federal, especialistas ouvidos afirmaram que o fim da\u00a0aposentadoria especial, como pretendido pelo governo Bolsonaro \u2013 no \u00e2mbito da reforma Proposta de Emenda\u00a0 \u00a0Constitucional (PEC) 06\/2019, a\u00a0\u201creforma\u201d da Previd\u00eancia\u00a0\u2013\u00a0pode impactar alguns setores espec\u00edficos da popula\u00e7\u00e3o, caso dos profissionais das \u00e1reas de sa\u00fade e de educa\u00e7\u00e3o, e\u00a0 criar [&hellip;]<\/p>\n","protected":false},"author":2,"featured_media":6826,"comment_status":"","ping_status":"","sticky":false,"template":"","format":"standard","meta":{"footnotes":""},"categories":[3],"tags":[],"class_list":["post-6827","post","type-post","status-publish","format-standard","has-post-thumbnail","hentry","category-noticias"],"_links":{"self":[{"href":"https:\/\/hostnetart.com.br\/baixada\/wp-json\/wp\/v2\/posts\/6827","targetHints":{"allow":["GET"]}}],"collection":[{"href":"https:\/\/hostnetart.com.br\/baixada\/wp-json\/wp\/v2\/posts"}],"about":[{"href":"https:\/\/hostnetart.com.br\/baixada\/wp-json\/wp\/v2\/types\/post"}],"author":[{"embeddable":true,"href":"https:\/\/hostnetart.com.br\/baixada\/wp-json\/wp\/v2\/users\/2"}],"replies":[{"embeddable":true,"href":"https:\/\/hostnetart.com.br\/baixada\/wp-json\/wp\/v2\/comments?post=6827"}],"version-history":[{"count":0,"href":"https:\/\/hostnetart.com.br\/baixada\/wp-json\/wp\/v2\/posts\/6827\/revisions"}],"wp:featuredmedia":[{"embeddable":true,"href":"https:\/\/hostnetart.com.br\/baixada\/wp-json\/wp\/v2\/media\/6826"}],"wp:attachment":[{"href":"https:\/\/hostnetart.com.br\/baixada\/wp-json\/wp\/v2\/media?parent=6827"}],"wp:term":[{"taxonomy":"category","embeddable":true,"href":"https:\/\/hostnetart.com.br\/baixada\/wp-json\/wp\/v2\/categories?post=6827"},{"taxonomy":"post_tag","embeddable":true,"href":"https:\/\/hostnetart.com.br\/baixada\/wp-json\/wp\/v2\/tags?post=6827"}],"curies":[{"name":"wp","href":"https:\/\/api.w.org\/{rel}","templated":true}]}}