{"id":6821,"date":"2019-06-04T13:39:59","date_gmt":"2019-06-04T16:39:59","guid":{"rendered":"https:\/\/hostnetart.com.br\/baixada\/empregados-pressionados-a-aderirem-pdv-da-caixa-devem-procurar-os-sindicatos\/"},"modified":"2019-06-04T13:39:59","modified_gmt":"2019-06-04T16:39:59","slug":"empregados-pressionados-a-aderirem-pdv-da-caixa-devem-procurar-os-sindicatos","status":"publish","type":"post","link":"https:\/\/hostnetart.com.br\/baixada\/empregados-pressionados-a-aderirem-pdv-da-caixa-devem-procurar-os-sindicatos\/","title":{"rendered":"Empregados pressionados a aderirem PDV da Caixa devem procurar os sindicatos"},"content":{"rendered":"<p>Os empregados da Caixa que se sentirem pressionados a aderirem ao\u00a0<a href=\"https:\/\/contrafcut.com.br\/noticias\/contraf-cut-cobra-a-reposicao-do-quadro-de-empregados-da-caixa\/\" target=\"_blank\" rel=\"noopener noreferrer\">Plano de Demiss\u00e3o Volunt\u00e1ria (PDV), aberto pelo banco em maio e que termina na pr\u00f3xima sexta-feira (7)<\/a>, devem procurar seus sindicatos. O alerta \u00e9 v\u00e1lido porque\u00a0<a href=\"https:\/\/www.fenae.org.br\/portal\/fenae-portal\/noticias\/com-novo-pdv-caixa-precisara-de-mais-funcionarios-para-manter-se-como-um-banco-publico-forte-8A19A3046AB6EDB0016AC82E05913958.htm\" target=\"_blank\" rel=\"noopener noreferrer\">as condi\u00e7\u00f5es do plano atual, s\u00e3o muito parecidas com as dos dois lan\u00e7ados em 2017 e que n\u00e3o atingiram seus objetivos<\/a>. No primeiro, em\u00a0<a href=\"https:\/\/contrafcut.com.br\/noticias\/caixa-anuncia-programa-de-demissao-voluntaria-ec5d\/\" target=\"_blank\" rel=\"noopener noreferrer\">2017<\/a>, o alvo eram os empregados aposentados pelo INSS ou que poderiam se aposentar at\u00e9 30 de junho daquele ano.\u00a0<a href=\"https:\/\/contrafcut.com.br\/noticias\/caixa-divulga-volta-do-pdve-cc53\/\" target=\"_blank\" rel=\"noopener noreferrer\">Em Julho<\/a>, o banco anunciou a reabertura para completar a meta de 10 mil que n\u00e3o foi cumprida inicialmente.<\/p>\n<p>\u201cN\u00f3s sabemos como funciona o dia a dia no banco. Os gestores podem chegar a assediar moralmente os trabalhadores para que eles cumpram as metas de dispensas. Os empregados precisam saber que os sindicatos est\u00e3o preparados para respald\u00e1-los e orient\u00e1-los para tomar a melhor decis\u00e3o para a sua vida\u201d, afirmou Fabiana Uehara Proscholdt, secret\u00e1ria da Cultura da Confedera\u00e7\u00e3o Nacional dos Trabalhadores no Ramo Financeiro (Contraf-CUT) e representante da Confedera\u00e7\u00e3o nas negocia\u00e7\u00f5es com o Banco. Nesta semana,\u00a0<a href=\"https:\/\/contrafcut.com.br\/noticias\/anuncio-de-reestruturacao-na-caixa-causa-medo-e-inseguranca-em-empregados\/\" target=\"_blank\" rel=\"noopener noreferrer\">a Caixa deve anunciar uma nova reestrutura\u00e7\u00e3o do banco.<\/a><\/p>\n<h3>Conhe\u00e7a o PDV<\/h3>\n<p>O limite m\u00e1ximo de desligamentos do PDV \u00e9 de 2500 empregados. No caso de superar o limite, ser\u00e3o seguidos crit\u00e9rios de desempate, como aposentadoria, maior remunera\u00e7\u00e3o, maior idade e maior tempo efetivo de Caixa.<\/p>\n<p>Os desligamentos acontecer\u00e3o em dois per\u00edodos: de 10 de junho a 5 de julho nas unidades da Matriz, Centralizadoras e filiais, e de 5 de agosto a 30 de setembro nas SR e rede de ag\u00eancias.<\/p>\n<p>O apoio financeiro, pago em parcela \u00fanica, ser\u00e1 de 9,7 remunera\u00e7\u00f5es base do empregado, limitado a R$ 480 mil, considerando como refer\u00eancia a data de 31\/12\/2018. A quantia n\u00e3o ter\u00e1 incid\u00eancia de Imposto de Renda e recolhimento de cargos sociais.<\/p>\n<p>Os empregados afastados e os cedidos dever\u00e3o solicitar ades\u00e3o \u00e0 Centralizadora Nacional de Gest\u00e3o de Pessoas (CEPES). Esclarecimentos adicionais poder\u00e3o ser obtidos por meio da caixa postal\u00a0<a href=\"mailto:cepes@caixa.gov.br\">cepes@caixa.gov.br<\/a>.<\/p>\n<p><strong>Fonte: Contraf-CUT<\/strong><\/p>\n","protected":false},"excerpt":{"rendered":"<p>Os empregados da Caixa que se sentirem pressionados a aderirem ao\u00a0Plano de Demiss\u00e3o Volunt\u00e1ria (PDV), aberto pelo banco em maio e que termina na pr\u00f3xima sexta-feira (7), devem procurar seus sindicatos. O alerta \u00e9 v\u00e1lido porque\u00a0as condi\u00e7\u00f5es do plano atual, s\u00e3o muito parecidas com as dos dois lan\u00e7ados em 2017 e que n\u00e3o atingiram seus [&hellip;]<\/p>\n","protected":false},"author":2,"featured_media":6820,"comment_status":"","ping_status":"","sticky":false,"template":"","format":"standard","meta":{"footnotes":""},"categories":[3],"tags":[],"class_list":["post-6821","post","type-post","status-publish","format-standard","has-post-thumbnail","hentry","category-noticias"],"_links":{"self":[{"href":"https:\/\/hostnetart.com.br\/baixada\/wp-json\/wp\/v2\/posts\/6821","targetHints":{"allow":["GET"]}}],"collection":[{"href":"https:\/\/hostnetart.com.br\/baixada\/wp-json\/wp\/v2\/posts"}],"about":[{"href":"https:\/\/hostnetart.com.br\/baixada\/wp-json\/wp\/v2\/types\/post"}],"author":[{"embeddable":true,"href":"https:\/\/hostnetart.com.br\/baixada\/wp-json\/wp\/v2\/users\/2"}],"replies":[{"embeddable":true,"href":"https:\/\/hostnetart.com.br\/baixada\/wp-json\/wp\/v2\/comments?post=6821"}],"version-history":[{"count":0,"href":"https:\/\/hostnetart.com.br\/baixada\/wp-json\/wp\/v2\/posts\/6821\/revisions"}],"wp:featuredmedia":[{"embeddable":true,"href":"https:\/\/hostnetart.com.br\/baixada\/wp-json\/wp\/v2\/media\/6820"}],"wp:attachment":[{"href":"https:\/\/hostnetart.com.br\/baixada\/wp-json\/wp\/v2\/media?parent=6821"}],"wp:term":[{"taxonomy":"category","embeddable":true,"href":"https:\/\/hostnetart.com.br\/baixada\/wp-json\/wp\/v2\/categories?post=6821"},{"taxonomy":"post_tag","embeddable":true,"href":"https:\/\/hostnetart.com.br\/baixada\/wp-json\/wp\/v2\/tags?post=6821"}],"curies":[{"name":"wp","href":"https:\/\/api.w.org\/{rel}","templated":true}]}}