{"id":6817,"date":"2019-05-31T23:25:15","date_gmt":"2019-06-01T02:25:15","guid":{"rendered":"https:\/\/hostnetart.com.br\/baixada\/anuncio-de-reestruturacao-na-caixa-causa-medo-e-inseguranca-em-empregados\/"},"modified":"2019-05-31T23:25:15","modified_gmt":"2019-06-01T02:25:15","slug":"anuncio-de-reestruturacao-na-caixa-causa-medo-e-inseguranca-em-empregados","status":"publish","type":"post","link":"https:\/\/hostnetart.com.br\/baixada\/anuncio-de-reestruturacao-na-caixa-causa-medo-e-inseguranca-em-empregados\/","title":{"rendered":"An\u00fancio de reestrutura\u00e7\u00e3o na Caixa causa medo e inseguran\u00e7a em empregados"},"content":{"rendered":"<p class=\"post-title-noticia\" style=\"color: #5f5f5f; font-size: 0.875em; font-style: italic; line-height: 20px;\">Presidente do banco, Pedro Guimar\u00e3es, far\u00e1 videoconfer\u00eancia determinando transfer\u00eancia de trabalhadores de \u00e1reas meio para ag\u00eancias, sem resolver a falta de empregados<\/p>\n<div class=\"post-content-noticia\">\n<p>A dire\u00e7\u00e3o da Caixa Econ\u00f4mica Federal pretendente anunciar uma nova reestrutura\u00e7\u00e3o do banco na pr\u00f3xima segunda- feira (3). Desta vez, todos os banc\u00e1rios sem fun\u00e7\u00e3o\u00a0da Matriz e filiais, vinculados a algumas vice- presid\u00eancias, o que corresponde a um pouco mais de 800 trabalhadores, ser\u00e3o transferidos para ag\u00eancias. A medida tomada, unilateralmente, sem debate n\u00e3o resolve a car\u00eancia de pessoal existente nas ag\u00eancias e pode, junto com o Plano de Demiss\u00e3o Volunt\u00e1ria (PDV), criar uma sobrecarga maior nas \u00e1reas meio.<\/p>\n<p>Dezenas de empregados Caixa entraram em contato com sindicatos e federa\u00e7\u00e3o para relatar o clima de inseguran\u00e7a nas unidades do banco. \u201cEssa situa\u00e7\u00e3o est\u00e1 causando pavor entre os trabalhadores da matriz e filiais. Isso \u00e9 um desrespeito com os empregados da Caixa que est\u00e3o sem saber para onde ser\u00e3o transferidos e com seus nomes j\u00e1 constando em listas. Isso \u00e9 mais uma press\u00e3o para obrigar as pessoas a sa\u00edrem no PDV? N\u00e3o se faz uma pol\u00edtica de recursos humanos dessa forma\u201d, ressalta o presidente da Federa\u00e7\u00e3o Nacional das Associa\u00e7\u00f5es do Pessoal da Caixa (Fenae), Jair Ferreira.<\/p>\n<p>O coordenador da Comiss\u00e3o Executiva dos Empregados (CEE\/Caixa) e diretor da Fenae, Dion\u00edsio Reis, alerta que n\u00e3o houve qualquer debate. \u201cCobramos respeito aos trabalhadores e \u00e0s suas vidas. N\u00e3o podemos admitir que medidas dessa natureza sejam tomadas sem amplo debate com os empregados\u201d.<\/p>\n<p>Segundo o dirigente, a falta de pessoal n\u00e3o afeta apenas a rede, mas tamb\u00e9m \u00e1reas meio da Caixa. \u201cO que n\u00f3s defendemos e cobramos da empresa \u00e9 a contrata\u00e7\u00e3o de mais empregados para suprir a falta de pessoal\u201d, acrescenta Dion\u00edsio.<\/p>\n<p><strong>Caixa perdeu 17 mil postos de trabalho<\/strong><\/p>\n<p>Em 2014, a Caixa chegou a ter 101 mil empregados e a demanda das entidades assinada em acordo era contratar mais dois mil trabalhadores, elevando o quadro de pessoal para 103 mil. \u201cNos \u00faltimos tr\u00eas anos o banco perdeu quase 17 mil postos de trabalho. Isso vem afetando as condi\u00e7\u00f5es de trabalho, provocando adoecimento dos trabalhadores e comprometendo a qualidade do atendimento \u00e0 popula\u00e7\u00e3o\u201d, enfatiza o presidente da Fenae.<\/p>\n<p>Para o coordenador da CEE o processo de reestrutura\u00e7\u00e3o n\u00e3o pode servir para discriminar ou perseguir trabalhadores. Pelo Acordo Coletivo de Trabalho (ACT) em vigor, delegados e membros de Cipas tamb\u00e9m n\u00e3o podem ser realocados. A dire\u00e7\u00e3o do banco tamb\u00e9m n\u00e3o poder\u00e1 remover empregados que estejam com problemas de sa\u00fade ou de licen\u00e7a para tratamento.<\/p>\n<p>\u201cAs entidades sindicais e associativas est\u00e3o acompanhando esse processo. N\u00e3o admitiremos falta de bom senso com remo\u00e7\u00f5es de munic\u00edpio\u00a0e qualquer tipo de\u00a0ass\u00e9dio de trabalhadores para aderirem ao PDV deve ser denunciado\u201d, finalizou Dion\u00edsio Reis.<\/p>\n<p><span style=\"text-decoration: underline;\"><strong>Fonte: Fenae<\/strong><\/span><\/p>\n<\/div>\n","protected":false},"excerpt":{"rendered":"<p>Presidente do banco, Pedro Guimar\u00e3es, far\u00e1 videoconfer\u00eancia determinando transfer\u00eancia de trabalhadores de \u00e1reas meio para ag\u00eancias, sem resolver a falta de empregados A dire\u00e7\u00e3o da Caixa Econ\u00f4mica Federal pretendente anunciar uma nova reestrutura\u00e7\u00e3o do banco na pr\u00f3xima segunda- feira (3). Desta vez, todos os banc\u00e1rios sem fun\u00e7\u00e3o\u00a0da Matriz e filiais, vinculados a algumas vice- presid\u00eancias, [&hellip;]<\/p>\n","protected":false},"author":2,"featured_media":6816,"comment_status":"","ping_status":"","sticky":false,"template":"","format":"standard","meta":{"footnotes":""},"categories":[3],"tags":[],"class_list":["post-6817","post","type-post","status-publish","format-standard","has-post-thumbnail","hentry","category-noticias"],"_links":{"self":[{"href":"https:\/\/hostnetart.com.br\/baixada\/wp-json\/wp\/v2\/posts\/6817","targetHints":{"allow":["GET"]}}],"collection":[{"href":"https:\/\/hostnetart.com.br\/baixada\/wp-json\/wp\/v2\/posts"}],"about":[{"href":"https:\/\/hostnetart.com.br\/baixada\/wp-json\/wp\/v2\/types\/post"}],"author":[{"embeddable":true,"href":"https:\/\/hostnetart.com.br\/baixada\/wp-json\/wp\/v2\/users\/2"}],"replies":[{"embeddable":true,"href":"https:\/\/hostnetart.com.br\/baixada\/wp-json\/wp\/v2\/comments?post=6817"}],"version-history":[{"count":0,"href":"https:\/\/hostnetart.com.br\/baixada\/wp-json\/wp\/v2\/posts\/6817\/revisions"}],"wp:featuredmedia":[{"embeddable":true,"href":"https:\/\/hostnetart.com.br\/baixada\/wp-json\/wp\/v2\/media\/6816"}],"wp:attachment":[{"href":"https:\/\/hostnetart.com.br\/baixada\/wp-json\/wp\/v2\/media?parent=6817"}],"wp:term":[{"taxonomy":"category","embeddable":true,"href":"https:\/\/hostnetart.com.br\/baixada\/wp-json\/wp\/v2\/categories?post=6817"},{"taxonomy":"post_tag","embeddable":true,"href":"https:\/\/hostnetart.com.br\/baixada\/wp-json\/wp\/v2\/tags?post=6817"}],"curies":[{"name":"wp","href":"https:\/\/api.w.org\/{rel}","templated":true}]}}