{"id":6815,"date":"2019-05-31T15:27:10","date_gmt":"2019-05-31T18:27:10","guid":{"rendered":"https:\/\/hostnetart.com.br\/baixada\/sindbaixada-presente-na-4-conferencia-nacional-de-formacao-da-cut-em-minas-gerais\/"},"modified":"2019-05-31T15:27:10","modified_gmt":"2019-05-31T18:27:10","slug":"sindbaixada-presente-na-4-conferencia-nacional-de-formacao-da-cut-em-minas-gerais","status":"publish","type":"post","link":"https:\/\/hostnetart.com.br\/baixada\/sindbaixada-presente-na-4-conferencia-nacional-de-formacao-da-cut-em-minas-gerais\/","title":{"rendered":"SindBaixada presente na 4\u00aa Confer\u00eancia Nacional de Forma\u00e7\u00e3o da CUT em Minas Gerais"},"content":{"rendered":"<p>Do dia 27 a 31 de maio, ocorreu a 4\u00aa Confer\u00eancia Nacional de Forma\u00e7\u00e3o da CUT, em Belo Horizonte, Minas Gerais.<\/p>\n<p>A Confer\u00eancia teve como objetivo principal reorganizar a CUT e apontar caminhos para o futuro mundo do trabalho. E o Sindicato dos Banc\u00e1rios da Baixada Fluminense esteve presente, representado pela Diretora de Forma\u00e7\u00e3o, Renata Soeiro.<\/p>\n<p>Foram debatidas as transforma\u00e7\u00f5es do mundo do trabalho, a reorganiza\u00e7\u00e3o do capital financeiro e o impacto que as medidas de retirada de direitos do governo de extrema direita de Jair Bolsonaro (PSL) pode provocar na vida dos trabalhadores e trabalhadoras.<\/p>\n<p>O mote da Confer\u00eancia foi \u2018Somos e Fazemos o Trem da Hist\u00f3ria\u2019 e um dos principais objetivos dos dirigentes e militantes CUTistas foi construir uma proposta base para a Pol\u00edtica Nacional de Forma\u00e7\u00e3o (PNF) da CUT, que ser\u00e1 definida e aprovada no Congresso da Central, em outubro deste ano.<\/p>\n<p>A ideia nasceu da Rede Nacional de Forma\u00e7\u00e3o, formada pelas Escolas Sindicais e secretarias de Forma\u00e7\u00e3o e a equipe da CUT Nacional, portanto, \u00e9 uma atividade constru\u00edda com v\u00e1rios sujeitos e v\u00e1rias m\u00e3os.<\/p>\n<p>Os movimentos sociais, a academia, especialistas e convidados do exterior tamb\u00e9m participaram dos processos da Confer\u00eancia. Assim como regi\u00f5es que tamb\u00e9m fizeram etapas tem\u00e1ticas, como\u00a0 mulheres, negros, entre outras.<\/p>\n","protected":false},"excerpt":{"rendered":"<p>Do dia 27 a 31 de maio, ocorreu a 4\u00aa Confer\u00eancia Nacional de Forma\u00e7\u00e3o da CUT, em Belo Horizonte, Minas Gerais. A Confer\u00eancia teve como objetivo principal reorganizar a CUT e apontar caminhos para o futuro mundo do trabalho. E o Sindicato dos Banc\u00e1rios da Baixada Fluminense esteve presente, representado pela Diretora de Forma\u00e7\u00e3o, Renata [&hellip;]<\/p>\n","protected":false},"author":2,"featured_media":6814,"comment_status":"","ping_status":"","sticky":false,"template":"","format":"standard","meta":{"footnotes":""},"categories":[3],"tags":[],"class_list":["post-6815","post","type-post","status-publish","format-standard","has-post-thumbnail","hentry","category-noticias"],"_links":{"self":[{"href":"https:\/\/hostnetart.com.br\/baixada\/wp-json\/wp\/v2\/posts\/6815","targetHints":{"allow":["GET"]}}],"collection":[{"href":"https:\/\/hostnetart.com.br\/baixada\/wp-json\/wp\/v2\/posts"}],"about":[{"href":"https:\/\/hostnetart.com.br\/baixada\/wp-json\/wp\/v2\/types\/post"}],"author":[{"embeddable":true,"href":"https:\/\/hostnetart.com.br\/baixada\/wp-json\/wp\/v2\/users\/2"}],"replies":[{"embeddable":true,"href":"https:\/\/hostnetart.com.br\/baixada\/wp-json\/wp\/v2\/comments?post=6815"}],"version-history":[{"count":0,"href":"https:\/\/hostnetart.com.br\/baixada\/wp-json\/wp\/v2\/posts\/6815\/revisions"}],"wp:featuredmedia":[{"embeddable":true,"href":"https:\/\/hostnetart.com.br\/baixada\/wp-json\/wp\/v2\/media\/6814"}],"wp:attachment":[{"href":"https:\/\/hostnetart.com.br\/baixada\/wp-json\/wp\/v2\/media?parent=6815"}],"wp:term":[{"taxonomy":"category","embeddable":true,"href":"https:\/\/hostnetart.com.br\/baixada\/wp-json\/wp\/v2\/categories?post=6815"},{"taxonomy":"post_tag","embeddable":true,"href":"https:\/\/hostnetart.com.br\/baixada\/wp-json\/wp\/v2\/tags?post=6815"}],"curies":[{"name":"wp","href":"https:\/\/api.w.org\/{rel}","templated":true}]}}