{"id":6813,"date":"2019-05-31T15:25:59","date_gmt":"2019-05-31T18:25:59","guid":{"rendered":"https:\/\/hostnetart.com.br\/baixada\/reforma-da-previdencia-e-ainda-mais-cruel-com-as-mulheres\/"},"modified":"2019-05-31T15:25:59","modified_gmt":"2019-05-31T18:25:59","slug":"reforma-da-previdencia-e-ainda-mais-cruel-com-as-mulheres","status":"publish","type":"post","link":"https:\/\/hostnetart.com.br\/baixada\/reforma-da-previdencia-e-ainda-mais-cruel-com-as-mulheres\/","title":{"rendered":"Reforma da Previd\u00eancia \u00e9 ainda mais cruel com as mulheres"},"content":{"rendered":"<p>Audi\u00eancia P\u00fablica realizada na Assembleia Legislativa do Estado de S\u00e3o Paulo (Alesp) sobre \u201cOs impactos da reforma da Previd\u00eancia para as mulheres\u201d mostrou que a Proposta de Emenda Constitucional 06\/2019, com a qual o governo Jair Bolsonaro quer mudar o modelo de aposentadorias, pens\u00f5es e benef\u00edcios pagos pelo Instituto Nacional do Seguro Social (INSS), \u00e9 cruel com toda a classe trabalhadora, mas ainda mais com as mulheres, ressaltou o ex-ministro da Sa\u00fade e atual deputado federal Alexandre Padilha (PT-SP), que presidiu a mesa.<\/p>\n<p>\u201cNo caso das professoras, por exemplo, equipara a idade m\u00ednima pra se aposentar entre homens e mulheres. Sendo que as professoras trabalham n\u00e3o s\u00f3 nas escolas, mas t\u00eam o trabalho dom\u00e9stico, tem que corrigir as provas e trabalhos dos alunos em casa\u2026 A proposta desconsidera a jornada quase qu\u00e1drupla das professoras\u201d, afirmou.<\/p>\n<p>Padilha disse ainda que h\u00e1 necessidade de se fazer uma reforma da Previd\u00eancia, mas, para ele, a proposta do governo Bolsonaro, n\u00e3o apenas reforma, mas sim \u201cdestr\u00f3i a Previd\u00eancia P\u00fablica\u201d. Padilha afirmou que a proposta n\u00e3o retira privil\u00e9gios e prejudica, principalmente, trabalhadores e trabalhadoras da iniciativa privada, do regime geral.<\/p>\n<p>A presidenta da Confedera\u00e7\u00e3o Nacional dos Trabalhadores do Ramo Financeiro (Contraf-CUT), Juvandia Moreira, que representou a Executiva Nacional da Central \u00danica dos Trabalhadores (CUT) na audi\u00eancia, lembrou que essa reforma se d\u00e1 em um contexto de desmonte do papel social do Estado. \u201cCongelaram todos os investimentos sociais com a PEC do Teto dos Gastos, retiraram diversos direitos dos trabalhadores com a reforma trabalhista, agora querem fazer essa reforma que prejudica ainda mais a classe trabalhadora\u201d, disse Juvandia, relacionando os diversos pontos de redu\u00e7\u00e3o do papel do Estado na sociedade.<\/p>\n<p>Para Juvandia, a reforma proposta pelo governo Bolsonaro vai transferir recursos do trabalhador para o mercado financeiro. \u201cTodos os bancos apoiam essa reforma. Por que ser\u00e1? Querem criar um regime de capitaliza\u00e7\u00e3o das aposentadorias que aumentar\u00e1 ainda mais o lucro dos bancos\u201d, observou.<\/p>\n<p>Juvandia ainda disse que as regras impostas pela proposta de reforma da Previd\u00eancia do governo Bolsonaro refor\u00e7am a desigualdade existente entre mulheres e homens no mercado de trabalho.<\/p>\n<p>\u201cAs mulheres, de maneira geral, ficam mais tempo desempregadas, mais tempo cuidando dos filhos, mais tempo cuidando do idoso. Precisam sair do trabalho e voltam com sal\u00e1rios menores\u201d, explicou. \u201cPor isso, a cria\u00e7\u00e3o de um modelo \u00fanico de aposentadoria com exig\u00eancia de 20 anos de contribui\u00e7\u00e3o e idade m\u00ednima imporia um limite ainda mais complicado para as mulheres. A maioria delas n\u00e3o conseguiria se aposentar. Digo n\u00e3o conseguiria por que n\u00e3o podemos deixar essa proposta passar\u201d, disse a presidenta da Contraf-CUT, lembrando da greve geral do dia 14 de junho, contra a reforma da Previd\u00eancia.<\/p>\n<p>A ex-ministra da Secretaria Especial das Mulheres, no governo Dilma Rousseff, Eleonora Menicucci de Oliveira, observou que as mulheres representam 51% da for\u00e7a de trabalho de trabalho do pa\u00eds e que \u00e9 desta maioria que a reforma proposta pelo governo quer retirar direitos que garantidos na Constitui\u00e7\u00e3o.<\/p>\n<p>A vereadora Juliana Cardoso (PT-SP) e a coordenadora de pesquisas do Departamento Intersindical de Estat\u00edsticas e Estudos Socioecon\u00f4micos (Dieese), Patr\u00edcia Pelatieri, tamb\u00e9m fizeram parte da mesa de debates e contribu\u00edram com a reflex\u00e3o.<\/p>\n<p> <strong>Fonte: Contraf-CUT<\/strong><\/p>\n","protected":false},"excerpt":{"rendered":"<p>Audi\u00eancia P\u00fablica realizada na Assembleia Legislativa do Estado de S\u00e3o Paulo (Alesp) sobre \u201cOs impactos da reforma da Previd\u00eancia para as mulheres\u201d mostrou que a Proposta de Emenda Constitucional 06\/2019, com a qual o governo Jair Bolsonaro quer mudar o modelo de aposentadorias, pens\u00f5es e benef\u00edcios pagos pelo Instituto Nacional do Seguro Social (INSS), \u00e9 [&hellip;]<\/p>\n","protected":false},"author":2,"featured_media":6812,"comment_status":"","ping_status":"","sticky":false,"template":"","format":"standard","meta":{"footnotes":""},"categories":[3],"tags":[],"class_list":["post-6813","post","type-post","status-publish","format-standard","has-post-thumbnail","hentry","category-noticias"],"_links":{"self":[{"href":"https:\/\/hostnetart.com.br\/baixada\/wp-json\/wp\/v2\/posts\/6813","targetHints":{"allow":["GET"]}}],"collection":[{"href":"https:\/\/hostnetart.com.br\/baixada\/wp-json\/wp\/v2\/posts"}],"about":[{"href":"https:\/\/hostnetart.com.br\/baixada\/wp-json\/wp\/v2\/types\/post"}],"author":[{"embeddable":true,"href":"https:\/\/hostnetart.com.br\/baixada\/wp-json\/wp\/v2\/users\/2"}],"replies":[{"embeddable":true,"href":"https:\/\/hostnetart.com.br\/baixada\/wp-json\/wp\/v2\/comments?post=6813"}],"version-history":[{"count":0,"href":"https:\/\/hostnetart.com.br\/baixada\/wp-json\/wp\/v2\/posts\/6813\/revisions"}],"wp:featuredmedia":[{"embeddable":true,"href":"https:\/\/hostnetart.com.br\/baixada\/wp-json\/wp\/v2\/media\/6812"}],"wp:attachment":[{"href":"https:\/\/hostnetart.com.br\/baixada\/wp-json\/wp\/v2\/media?parent=6813"}],"wp:term":[{"taxonomy":"category","embeddable":true,"href":"https:\/\/hostnetart.com.br\/baixada\/wp-json\/wp\/v2\/categories?post=6813"},{"taxonomy":"post_tag","embeddable":true,"href":"https:\/\/hostnetart.com.br\/baixada\/wp-json\/wp\/v2\/tags?post=6813"}],"curies":[{"name":"wp","href":"https:\/\/api.w.org\/{rel}","templated":true}]}}