{"id":6811,"date":"2019-05-31T15:21:58","date_gmt":"2019-05-31T18:21:58","guid":{"rendered":"https:\/\/hostnetart.com.br\/baixada\/atos-em-defesa-da-educacao-e-da-aposentadoria-tomam-as-ruas-do-pais\/"},"modified":"2019-05-31T15:21:58","modified_gmt":"2019-05-31T18:21:58","slug":"atos-em-defesa-da-educacao-e-da-aposentadoria-tomam-as-ruas-do-pais","status":"publish","type":"post","link":"https:\/\/hostnetart.com.br\/baixada\/atos-em-defesa-da-educacao-e-da-aposentadoria-tomam-as-ruas-do-pais\/","title":{"rendered":"Atos em defesa da educa\u00e7\u00e3o e da aposentadoria tomam as ruas do pa\u00eds"},"content":{"rendered":"<div class=\"elementor-element elementor-element-194680ec elementor-widget elementor-widget-theme-post-content\" data-id=\"194680ec\" data-element_type=\"widget\" data-widget_type=\"theme-post-content.default\">\n<div class=\"elementor-widget-container\">\n<p><a href=\"https:\/\/contrafcut.com.br\/noticias\/contraf-cut-se-junta-a-luta-em-defesa-da-educacao-nesta-quinta-30\/\" target=\"_blank\" rel=\"noopener noreferrer\">Banc\u00e1rios se juntaram aos estudantes e trabalhadores da educa\u00e7\u00e3o<\/a>, nesta quinta-feira (30), para mais um <a href=\"https:\/\/contrafcut.com.br\/noticias\/bancarios-participam-do-dia-nacional-de-greve-pela-educacao\/\" target=\"_blank\" rel=\"noopener noreferrer\">Dia Nacional de Mobiliza\u00e7\u00e3o contra o corte de verbas na educa\u00e7\u00e3o<\/a> e a <a href=\"https:\/\/contrafcut.com.br\/noticias\/contraf-cut-produz-cartilha-sobre-reforma-da-previdencia\/\" target=\"_blank\" rel=\"noopener noreferrer\">reforma da Previd\u00eancia<\/a>, propostos pelo governo de Jair Bolsonaro. A atividade contou com milhares de brasileiros, que foram \u00e0s ruas em defesa do ensino p\u00fablico e da aposentadoria, rumo \u00e0 Greve Geral de 14 de junho.<\/p>\n<p>Convocada pela <a href=\"https:\/\/une.org.br\/noticias\/atos-do-30m-tomam-as-ruas-de-diversas-cidades-nesta-manha\/\" target=\"_blank\" rel=\"noopener noreferrer\">Uni\u00e3o Nacional dos Estudantes (UNE<\/a>) e a Uni\u00e3o Brasileira dos Estudantes Secundaristas (UBES), a mobiliza\u00e7\u00e3o contou com o apoio da Central \u00danica dos Trabalhadores (CUT) e de entidades filiadas \u00e0 Central, como a Confedera\u00e7\u00e3o Nacional dos Trabalhadores do Ramo Financeiro (Contraf-CUT), a Confedera\u00e7\u00e3o Nacional dos Trabalhadores em Educa\u00e7\u00e3o (CNTE), a Confedera\u00e7\u00e3o dos Trabalhadores no Servi\u00e7o P\u00fablico Municipal (Confetam) e a Federa\u00e7\u00e3o \u00danica dos Petroleiros (FUP). <\/p>\n<p>\u201cVamos \u00e0s ruas para defender os investimentos em educa\u00e7\u00e3o. Um pa\u00eds que n\u00e3o investe em educa\u00e7\u00e3o \u00e9 um pa\u00eds sem futuro\u201d, disse a presidenta da <a href=\"https:\/\/contrafcut.com.br\/\" target=\"_blank\" rel=\"noopener noreferrer\">Confedera\u00e7\u00e3o Nacional dos Trabalhadores do Ramo Financeiro (Contraf-CUT)<\/a>, Juvandia Moreira.<\/p>\n<p>De acordo com a presidenta da UNE, Marianna Dias, os protestos s\u00e3o em resposta \u00e0 falta de considera\u00e7\u00e3o do governo com a educa\u00e7\u00e3o dos brasileiros. \u201cNossa mobiliza\u00e7\u00e3o segue contra os cortes no or\u00e7amento da educa\u00e7\u00e3o e os ataques \u00e0 autonomia das universidades. A resposta dos estudantes \u00e0 falta do di\u00e1logo do governo e a forma como trata a educa\u00e7\u00e3o e a pesquisa est\u00e1 nesse grande movimento nas ruas\u201d, avaliou. <\/p>\n<p>O dia come\u00e7ou com manifesta\u00e7\u00f5es pela internet. A tag <a href=\"https:\/\/twitter.com\/search?q=%2330MpelaEducacao&amp;src=tyah\" target=\"_blank\" rel=\"noopener noreferrer\">#30MpelaEducacao<\/a> come\u00e7ou a circular desde o in\u00edcio da semana e alcan\u00e7ou, nesta quinta (30), a primeira posi\u00e7\u00e3o da rede social, Twitter, no Brasil, e a quarta posi\u00e7\u00e3o no ranking mundial. \u00a0<\/p>\n<p>Nas ruas, milhares de pessoas se manifestaram com cartazes dizendo: \u201cEduca\u00e7\u00e3o n\u00e3o \u00e9 gasto, \u00e9 investimento\u201d, \u201cA crise na educa\u00e7\u00e3o n\u00e3o \u00e9 crise \u00e9 projeto\u201d, \u201cEduca\u00e7\u00e3o n\u00e3o \u00e9 esmola\u201d. De acordo com a UNE, em Salvador, 30 mil pessoas foram \u00e0s ruas. O mesmo n\u00famero tamb\u00e9m foi registrado no Distrito Federal. \u00a0<\/p>\n<h3><strong>Atividades pelo pa\u00eds<\/strong><\/h3>\n<p>A UNE informou em seu site, que dessa vez, munic\u00edpios com menor n\u00famero de habitantes tamb\u00e9m organizaram manifesta\u00e7\u00f5es. <\/p>\n<p>No estado da Bahia,\u00a0Vit\u00f3ria da Conquista, Serrinha, Feira de Santana, Ilh\u00e9us, Nazar\u00e9, Planalto, Guanambi e Juazeiro registraram manifesta\u00e7\u00f5es. Em Pernambuco, Vit\u00f3ria de Santo Ant\u00e3o, Araripina, Caruaru, Garanhuns, S\u00e3o Jos\u00e9 do Egito, Flores e Peje\u00fa foram alguns dos munic\u00edpios que tiveram suas ruas tomadas por manifestantes. Sergipe, Para\u00edba, Cear\u00e1 Alagoas e Rio Grande do Norte tamb\u00e9m registraram atos em diversas cidades do interior. <\/p>\n<p>No norte do pa\u00eds, a capital do Acre, Rio Branco e a cidade de Marab\u00e1, no Par\u00e1, tamb\u00e9m realizaram manifesta\u00e7\u00e3o. <\/p>\n<p>Nas regi\u00f5es sul e sudeste foram registrados atos em Ponta Grossa, no Paran\u00e1, Curvelo e Visconde do Rio Branco, em Minas Gerais, na capital do Esp\u00edrito Santo, Santa Rosa, no Rio Grande Do Sul e diversas cidades do interior de S\u00e3o Paulo e Rio de Janeiro.<\/p>\n<p>Rondon\u00f3polis e Tangar\u00e1 da Serra no Mato Grosso, e o munic\u00edpio de C\u00e9res, em Goi\u00e1s, realizaram atos.<br \/>A UNE informou que ao final da tarde grandes manifesta\u00e7\u00f5es ainda devem acontecer tamb\u00e9m no Rio de Janeiro, na Cinel\u00e2ndia, e em S\u00e3o Paulo, no Largo da Batata.<\/p>\n<h3><strong>Atividades internacionais<\/strong><\/h3>\n<p>A voz dos estudantes e trabalhadores ultrapassou fronteiras e alcan\u00e7ou territ\u00f3rios internacionais. Na Espanha, Inglaterra, Portugal, Holanda, Su\u00ed\u00e7a, Irlanda e nos Estados Unidos, manifestantes foram \u00e0s ruas em defesa da educa\u00e7\u00e3o.<\/p>\n<h3><strong>Greve Geral de 14 de junho<\/strong><\/h3>\n<p>A mobiliza\u00e7\u00e3o tamb\u00e9m \u00e9 um \u201cesquenta\u201d para a greve geral, que ser\u00e1 realizada pela CUT e demais centrais sindicais (For\u00e7a, UGT, CTB, CGTB, Intersindical, CSP-Conlutas, Nova Central), no dia 14 de junho, em todo o pa\u00eds.\u00a0<\/p>\n<p> De acordo com Vagner Freitas, presidente da Central \u00danica dos Trabalhadores (CUT), os trabalhadores v\u00e3o \u00e0s ruas porque n\u00e3o admitem ter de trabalhar por 40 anos para acessar a aposentadoria integral. \u201cOs trabalhadores n\u00e3o aceitam um sistema de capitaliza\u00e7\u00e3o que s\u00f3 aumentar\u00e1 os j\u00e1 escorchantes lucros dos banqueiros. N\u00e3o admitem ser prejudicados por uma proposta que piora a vida da maioria da popula\u00e7\u00e3o, mas, principalmente, pune as mulheres e os mais pobres. N\u00e3o querem os professores nas salas de aula at\u00e9 os 60 anos nem trabalhadores do campo sem direito de se aposentar\u201d, afirmou.\u00a0<\/p>\n<p><a href=\"https:\/\/www.cut.org.br\/noticias\/amanha-e-dia-de-ir-para-as-ruas-lutar-por-educacao-e-aposentadoria-30m-447f\">Segundo levantamento feito pelas CUTs e pela UNE<\/a>, 24 capitais, Distrito Federal e mais de 150 cidades das Regi\u00f5es Metropolitanas e do Interior dos estados j\u00e1 t\u00eam atos confirmados para o dia 14 de junho. Na data, ser\u00e3o realizadas assembleias, atos, mobiliza\u00e7\u00f5es e panfletagens nas pra\u00e7as, nos locais de trabalho, nas ruas da cidade, com objetivo de explicar como a reforma da Previd\u00eancia do governo Bolsonaro impactar\u00e1 na vida da classe trabalhadora.<\/p>\n<p><strong>Fonte: Contraf-CUT<\/strong><\/p>\n<\/div>\n<\/div>\n","protected":false},"excerpt":{"rendered":"<p>Banc\u00e1rios se juntaram aos estudantes e trabalhadores da educa\u00e7\u00e3o, nesta quinta-feira (30), para mais um Dia Nacional de Mobiliza\u00e7\u00e3o contra o corte de verbas na educa\u00e7\u00e3o e a reforma da Previd\u00eancia, propostos pelo governo de Jair Bolsonaro. A atividade contou com milhares de brasileiros, que foram \u00e0s ruas em defesa do ensino p\u00fablico e da [&hellip;]<\/p>\n","protected":false},"author":2,"featured_media":6810,"comment_status":"","ping_status":"","sticky":false,"template":"","format":"standard","meta":{"footnotes":""},"categories":[3],"tags":[],"class_list":["post-6811","post","type-post","status-publish","format-standard","has-post-thumbnail","hentry","category-noticias"],"_links":{"self":[{"href":"https:\/\/hostnetart.com.br\/baixada\/wp-json\/wp\/v2\/posts\/6811","targetHints":{"allow":["GET"]}}],"collection":[{"href":"https:\/\/hostnetart.com.br\/baixada\/wp-json\/wp\/v2\/posts"}],"about":[{"href":"https:\/\/hostnetart.com.br\/baixada\/wp-json\/wp\/v2\/types\/post"}],"author":[{"embeddable":true,"href":"https:\/\/hostnetart.com.br\/baixada\/wp-json\/wp\/v2\/users\/2"}],"replies":[{"embeddable":true,"href":"https:\/\/hostnetart.com.br\/baixada\/wp-json\/wp\/v2\/comments?post=6811"}],"version-history":[{"count":0,"href":"https:\/\/hostnetart.com.br\/baixada\/wp-json\/wp\/v2\/posts\/6811\/revisions"}],"wp:featuredmedia":[{"embeddable":true,"href":"https:\/\/hostnetart.com.br\/baixada\/wp-json\/wp\/v2\/media\/6810"}],"wp:attachment":[{"href":"https:\/\/hostnetart.com.br\/baixada\/wp-json\/wp\/v2\/media?parent=6811"}],"wp:term":[{"taxonomy":"category","embeddable":true,"href":"https:\/\/hostnetart.com.br\/baixada\/wp-json\/wp\/v2\/categories?post=6811"},{"taxonomy":"post_tag","embeddable":true,"href":"https:\/\/hostnetart.com.br\/baixada\/wp-json\/wp\/v2\/tags?post=6811"}],"curies":[{"name":"wp","href":"https:\/\/api.w.org\/{rel}","templated":true}]}}