{"id":6809,"date":"2019-05-30T17:02:16","date_gmt":"2019-05-30T20:02:16","guid":{"rendered":"https:\/\/hostnetart.com.br\/baixada\/atos-em-defesa-da-educacao-sao-como-aulas-de-cidadania\/"},"modified":"2019-05-30T17:02:16","modified_gmt":"2019-05-30T20:02:16","slug":"atos-em-defesa-da-educacao-sao-como-aulas-de-cidadania","status":"publish","type":"post","link":"https:\/\/hostnetart.com.br\/baixada\/atos-em-defesa-da-educacao-sao-como-aulas-de-cidadania\/","title":{"rendered":"Atos em defesa da educa\u00e7\u00e3o s\u00e3o como \u201caulas de cidadania\u201d"},"content":{"rendered":"<p>\u201cUm dia fundamental.\u201d Assim Catarina de Almeida Santos, professora-adjunta da Faculdade de Educa\u00e7\u00e3o da Universidade de Bras\u00edlia (UNB), define os\u00a0<a href=\"https:\/\/www.redebrasilatual.com.br\/destaques\/2019\/05\/o-30-de-maio-e-a-greve-geral-por-que-educacao-e-previdencia-mobilizam\/\" target=\"_blank\" rel=\"noopener noreferrer\">atos que s\u00e3o realizados neste dia 30<\/a>\u00a0em todo o Brasil, em defesa da educa\u00e7\u00e3o. Ao destacar que o direito \u00e0 educa\u00e7\u00e3o \u00e9 garantido na Constitui\u00e7\u00e3o, mas que ainda precisa ser efetivado na pr\u00e1tica, ela pondera que\u00a0<a href=\"https:\/\/www.redebrasilatual.com.br\/destaques\/2019\/05\/estudantes-manifestacoes-em-150-cidades-no-30-de-maio-agenda\/\" target=\"_blank\" rel=\"noopener noreferrer\">a sociedade precisa se mobilizar<\/a>\u00a0para deter as amea\u00e7as que t\u00eam sido feitas pelo governo de Jair Bolsonaro (PSL). \u201c\u00c0 medida em que esse direito est\u00e1 amea\u00e7ado, cabe \u00e0 popula\u00e7\u00e3o ir \u00e0s ruas, ir aos espa\u00e7os de debate, e fazer com que esse direito seja garantido\u201d, afirma Catarina, em entrevista \u00e0 jornalista Marilu Caba\u00f1as, na\u00a0<a href=\"https:\/\/www.redebrasilatual.com.br\/radio\/\" target=\"_blank\" rel=\"noopener noreferrer\"><strong>R\u00e1dio Brasil Atual<\/strong><\/a>.<\/p>\n<p>Para a professora da UNB, os atos deste dia 30 s\u00e3o como \u201caulas de cidadania\u201d, com o importante protagonismo dos estudantes \u2013\u00a0 e tamb\u00e9m de professores e trabalhadores \u2013 nas manifesta\u00e7\u00f5es e na luta pela democracia na hist\u00f3ria do Brasil. \u201cA gente fica muito feliz que os estudantes estejam percebendo isso e lutando por isso. E todos n\u00f3s, n\u00e3o s\u00f3 educadores, mas a popula\u00e7\u00e3o brasileira precisa apoiar esse ato e ir pra rua com a gente.\u201d<\/p>\n<p>Al\u00e9m do direito \u00e0 educa\u00e7\u00e3o, Catarina pondera que todos os direitos sociais garantidos na Constitui\u00e7\u00e3o Federal est\u00e3o amea\u00e7ados sob o governo Bolsonaro. \u201cA Constitui\u00e7\u00e3o cidad\u00e3 de 1988 est\u00e1 sob amea\u00e7a, e a gente precisa lutar para que a Constitui\u00e7\u00e3o e o Estado democr\u00e1tico de direito seja garantido no Brasil\u201d, afirma.<span class=\"Apple-converted-space\">\u00a0<\/span><\/p>\n<p>\u201cHoje a gente luta para manter os direitos conquistados, ao inv\u00e9s de lutar para que eles sejam ampliados. \u00c9 dif\u00edcil encontrar um ato no governo do Bolsonaro que seja de constru\u00e7\u00e3o, porque todos eles s\u00e3o no sentido de destruir a educa\u00e7\u00e3o brasileira e os direitos sociais no Brasil.\u201d<\/p>\n<p><strong>Fonte: Rede Brasil Atual<\/strong><\/p>\n","protected":false},"excerpt":{"rendered":"<p>\u201cUm dia fundamental.\u201d Assim Catarina de Almeida Santos, professora-adjunta da Faculdade de Educa\u00e7\u00e3o da Universidade de Bras\u00edlia (UNB), define os\u00a0atos que s\u00e3o realizados neste dia 30\u00a0em todo o Brasil, em defesa da educa\u00e7\u00e3o. Ao destacar que o direito \u00e0 educa\u00e7\u00e3o \u00e9 garantido na Constitui\u00e7\u00e3o, mas que ainda precisa ser efetivado na pr\u00e1tica, ela pondera que\u00a0a [&hellip;]<\/p>\n","protected":false},"author":2,"featured_media":6808,"comment_status":"","ping_status":"","sticky":false,"template":"","format":"standard","meta":{"footnotes":""},"categories":[3],"tags":[],"class_list":["post-6809","post","type-post","status-publish","format-standard","has-post-thumbnail","hentry","category-noticias"],"_links":{"self":[{"href":"https:\/\/hostnetart.com.br\/baixada\/wp-json\/wp\/v2\/posts\/6809","targetHints":{"allow":["GET"]}}],"collection":[{"href":"https:\/\/hostnetart.com.br\/baixada\/wp-json\/wp\/v2\/posts"}],"about":[{"href":"https:\/\/hostnetart.com.br\/baixada\/wp-json\/wp\/v2\/types\/post"}],"author":[{"embeddable":true,"href":"https:\/\/hostnetart.com.br\/baixada\/wp-json\/wp\/v2\/users\/2"}],"replies":[{"embeddable":true,"href":"https:\/\/hostnetart.com.br\/baixada\/wp-json\/wp\/v2\/comments?post=6809"}],"version-history":[{"count":0,"href":"https:\/\/hostnetart.com.br\/baixada\/wp-json\/wp\/v2\/posts\/6809\/revisions"}],"wp:featuredmedia":[{"embeddable":true,"href":"https:\/\/hostnetart.com.br\/baixada\/wp-json\/wp\/v2\/media\/6808"}],"wp:attachment":[{"href":"https:\/\/hostnetart.com.br\/baixada\/wp-json\/wp\/v2\/media?parent=6809"}],"wp:term":[{"taxonomy":"category","embeddable":true,"href":"https:\/\/hostnetart.com.br\/baixada\/wp-json\/wp\/v2\/categories?post=6809"},{"taxonomy":"post_tag","embeddable":true,"href":"https:\/\/hostnetart.com.br\/baixada\/wp-json\/wp\/v2\/tags?post=6809"}],"curies":[{"name":"wp","href":"https:\/\/api.w.org\/{rel}","templated":true}]}}