{"id":6803,"date":"2019-05-30T13:04:36","date_gmt":"2019-05-30T16:04:36","guid":{"rendered":"https:\/\/hostnetart.com.br\/baixada\/contraf-cut-se-junta-a-luta-em-defesa-da-educacao-nesta-quinta-30\/"},"modified":"2019-05-30T13:04:36","modified_gmt":"2019-05-30T16:04:36","slug":"contraf-cut-se-junta-a-luta-em-defesa-da-educacao-nesta-quinta-30","status":"publish","type":"post","link":"https:\/\/hostnetart.com.br\/baixada\/contraf-cut-se-junta-a-luta-em-defesa-da-educacao-nesta-quinta-30\/","title":{"rendered":"Contraf-CUT se junta \u00e0 luta em defesa da educa\u00e7\u00e3o nesta quinta (30)"},"content":{"rendered":"<div class=\"elementor-element elementor-element-194680ec elementor-widget elementor-widget-theme-post-content\" data-id=\"194680ec\" data-element_type=\"widget\" data-widget_type=\"theme-post-content.default\">\n<div class=\"elementor-widget-container\">\n<p>Os banc\u00e1rios se unir\u00e3o aos estudantes e trabalhadores da educa\u00e7\u00e3o, nesta quinta-feira (30), para, mais uma vez, lutar contra o corte nas verbas da educa\u00e7\u00e3o, anunciado pelo Ministro da Educa\u00e7\u00e3o, Abraham Weintraub, e contra a reforma da Previd\u00eancia, do governo Bolsonaro. A <a href=\"https:\/\/contrafcut.com.br\/noticias\/contraf-cut-apoia-greve-dos-trabalhadores-da-educacao\/\" target=\"_blank\" rel=\"noopener noreferrer\">mobiliza\u00e7\u00e3o<\/a>, que levou mais de dois milh\u00f5es de pessoas \u00e0s ruas no dia 15 de maio, de acordo com a Uni\u00e3o Nacional dos Estudantes (UNE), promete ser ainda maior e est\u00e1 programada para acontecer em todo o pa\u00eds. <\/p>\n<p>A Confedera\u00e7\u00e3o Nacional dos Trabalhadores do Ramo Financeiro (Contraf-CUT) apoia a mobiliza\u00e7\u00e3o, <a href=\"https:\/\/une.org.br\/noticias\/30-de-maio-nas-ruas-de-novo-defendendo-a-educacao\/\" target=\"_blank\" rel=\"noopener noreferrer\">convocada pela UNE<\/a>. \u201cVamos \u00e0s ruas para defender os investimentos em educa\u00e7\u00e3o. Um pa\u00eds que n\u00e3o investe em educa\u00e7\u00e3o \u00e9 um pa\u00eds sem futuro\u201d, disse a presidenta da Confedera\u00e7\u00e3o Nacional dos Trabalhadores do Ramo Financeiro (Contraf-CUT), Juvandia Moreira.<\/p>\n<p>O <a href=\"https:\/\/contrafcut.com.br\/noticias\/bancarios-participam-do-dia-nacional-de-greve-pela-educacao\/\" target=\"_blank\" rel=\"noopener noreferrer\">corte de 30 % da verba destinada \u00e0s universidades e institutos federais<\/a>, anunciado pelo Governo Federal, no dia 30 de abril, precariza o sistema de educa\u00e7\u00e3o do pa\u00eds e impede a realiza\u00e7\u00e3o de pesquisas, projetos e servi\u00e7os acad\u00eamicos, al\u00e9m de colocar em risco servi\u00e7os b\u00e1sicos como abastecimento de \u00e1gua, energia el\u00e9trica, limpeza e seguran\u00e7a. <\/p>\n<p>Para a presidenta da Contraf-CUT o futuro tamb\u00e9m \u00e9 sombrio devido \u00e0 reforma da Previd\u00eancia proposta pelo governo Bolsonaro. \u201cOs jovens, que est\u00e3o sendo tolhidos de seu direito de receber uma educa\u00e7\u00e3o p\u00fablica de qualidade, tamb\u00e9m correm o risco de ficar sem o direito \u00e0 aposentadoria\u201d, disse Juvandia. <\/p>\n<p>As manifesta\u00e7\u00f5es organizadas para este 30 de maio tamb\u00e9m s\u00e3o contra a <a href=\"https:\/\/contrafcut.com.br\/videos\/reforma-da-previdencia-torna-sonho-da-aposentadoria-impossivel\/\" target=\"_blank\" rel=\"noopener noreferrer\">Reforma da Previd\u00eancia (PEC 06\/2019)<\/a>. A proposta institui a obrigatoriedade da idade m\u00ednima para a aposentadoria de 65 anos para homens e 62 anos para mulheres, tanto do setor p\u00fablico como do setor privado. Para o trabalhador conseguir se aposentar, ele precisar\u00e1 obrigatoriamente atingir a idade m\u00ednima. <\/p>\n<p>Al\u00e9m disso, o governo quer aumentar o tempo de contribui\u00e7\u00e3o. Se a proposta for aprovada, o trabalhador ter\u00e1 que contribuir por, no m\u00ednimo, 20 anos para receber apenas 60% do benef\u00edcio. Hoje a contribui\u00e7\u00e3o m\u00ednima \u00e9 de 15 anos e a pessoa recebe o benef\u00edcio integral. Pela proposta do governo, o benef\u00edcio integral ser\u00e1 pago somente para quem contribuir por 40 anos. Ainda assim o valor ser\u00e1 menor, pois ser\u00e1 calculado a partir da m\u00e9dia de todas as contribui\u00e7\u00f5es. Hoje o c\u00e1lculo \u00e9 feito ap\u00f3s o descarte das menores contribui\u00e7\u00f5es.<\/p>\n<p>\u201cA obrigatoriedade de contribuir por 40 anos somada a de ter idade m\u00ednima de 65 anos far\u00e1 com que muitos morram antes de se aposentar. Com a proposta de capitaliza\u00e7\u00e3o, aqueles que conseguirem se aposentar v\u00e3o receber valores reduzidos e v\u00e3o compor uma popula\u00e7\u00e3o de idosos miser\u00e1veis. J\u00e1 vimos essa hist\u00f3ria no Chile\u201d, completou.<\/p>\n<h3><strong>Atividades em todo o mundo \u00a0<\/strong><\/h3>\n<p>Cerca de<a href=\"https:\/\/www.redebrasilatual.com.br\/educacao\/2019\/05\/estudantes-manifestacoes-em-150-cidades-no-30-de-maio-agenda\/\" target=\"_blank\" rel=\"noopener noreferrer\"> 150 cidades do Brasil<\/a> possuem programa\u00e7\u00e3o para este 30 de maio. Em S\u00e3o Paulo, o ato est\u00e1 marcado para o Largo da Batata, zona oeste, a partir das 17h. J\u00e1 no Rio de Janeiro, o movimento estudantil se concentrar\u00e1 na Candel\u00e1ria, centro da cidade, a partir das 15h. Manifesta\u00e7\u00f5es em defesa da educa\u00e7\u00e3o tamb\u00e9m est\u00e3o marcadas ao redor do mundo, como em Nova Iorque (Estados Unidos), Genebra (Su\u00ed\u00e7a), Lisboa (Portugual) e Dublin (Irlanda).<\/p>\n<h3><strong>Greve Geral <\/strong><\/h3>\n<p>A mobiliza\u00e7\u00e3o tamb\u00e9m \u00e9 um \u201cesquenta\u201d para a greve geral, que ser\u00e1 realizada pela CUT e demais centrais sindicais (For\u00e7a, UGT, CTB, CGTB, Intersindical, CSP-Conlutas, Nova Central), no dia 14 de junho, em todo o pa\u00eds. <\/p>\n<p>De acordo com Vagner Freitas, presidente da Central \u00danica dos Trabalhadores (CUT), os trabalhadores v\u00e3o \u00e0s ruas porque n\u00e3o admitem ter de trabalhar por 40 anos para acessar a aposentadoria integral. \u201cOs trabalhadores n\u00e3o aceitam um sistema de capitaliza\u00e7\u00e3o que s\u00f3 aumentar\u00e1 os j\u00e1 escorchantes lucros dos banqueiros. N\u00e3o admitem ser prejudicados por uma proposta que piora a vida da maioria da popula\u00e7\u00e3o, mas, principalmente, pune as mulheres e os mais pobres. N\u00e3o querem os professores nas salas de aula at\u00e9 os 60 anos nem trabalhadores do campo sem direito de se aposentar\u201d, afirmou. <\/p>\n<p><a href=\"https:\/\/www.cut.org.br\/noticias\/amanha-e-dia-de-ir-para-as-ruas-lutar-por-educacao-e-aposentadoria-30m-447f\">Segundo levantamento feito pelas CUTs e pela UNE<\/a>, 24 capitais, Distrito Federal e mais de 150 cidades das Regi\u00f5es Metropolitanas e do Interior dos estados j\u00e1 t\u00eam atos confirmados para o dia 14 de junho. Na data, ser\u00e3o realizadas assembleias, atos, mobiliza\u00e7\u00f5es e panfletagens nas pra\u00e7as, nos locais de trabalho, nas ruas da cidade, com objetivo de explicar como a reforma da Previd\u00eancia do governo Bolsonaro impactar\u00e1 na vida da classe trabalhadora.<\/p>\n<p><strong>Fonte: Contraf-CUT<\/strong><\/p>\n<\/div>\n<\/div>\n","protected":false},"excerpt":{"rendered":"<p>Os banc\u00e1rios se unir\u00e3o aos estudantes e trabalhadores da educa\u00e7\u00e3o, nesta quinta-feira (30), para, mais uma vez, lutar contra o corte nas verbas da educa\u00e7\u00e3o, anunciado pelo Ministro da Educa\u00e7\u00e3o, Abraham Weintraub, e contra a reforma da Previd\u00eancia, do governo Bolsonaro. A mobiliza\u00e7\u00e3o, que levou mais de dois milh\u00f5es de pessoas \u00e0s ruas no dia [&hellip;]<\/p>\n","protected":false},"author":2,"featured_media":6802,"comment_status":"","ping_status":"","sticky":false,"template":"","format":"standard","meta":{"footnotes":""},"categories":[3],"tags":[],"class_list":["post-6803","post","type-post","status-publish","format-standard","has-post-thumbnail","hentry","category-noticias"],"_links":{"self":[{"href":"https:\/\/hostnetart.com.br\/baixada\/wp-json\/wp\/v2\/posts\/6803","targetHints":{"allow":["GET"]}}],"collection":[{"href":"https:\/\/hostnetart.com.br\/baixada\/wp-json\/wp\/v2\/posts"}],"about":[{"href":"https:\/\/hostnetart.com.br\/baixada\/wp-json\/wp\/v2\/types\/post"}],"author":[{"embeddable":true,"href":"https:\/\/hostnetart.com.br\/baixada\/wp-json\/wp\/v2\/users\/2"}],"replies":[{"embeddable":true,"href":"https:\/\/hostnetart.com.br\/baixada\/wp-json\/wp\/v2\/comments?post=6803"}],"version-history":[{"count":0,"href":"https:\/\/hostnetart.com.br\/baixada\/wp-json\/wp\/v2\/posts\/6803\/revisions"}],"wp:featuredmedia":[{"embeddable":true,"href":"https:\/\/hostnetart.com.br\/baixada\/wp-json\/wp\/v2\/media\/6802"}],"wp:attachment":[{"href":"https:\/\/hostnetart.com.br\/baixada\/wp-json\/wp\/v2\/media?parent=6803"}],"wp:term":[{"taxonomy":"category","embeddable":true,"href":"https:\/\/hostnetart.com.br\/baixada\/wp-json\/wp\/v2\/categories?post=6803"},{"taxonomy":"post_tag","embeddable":true,"href":"https:\/\/hostnetart.com.br\/baixada\/wp-json\/wp\/v2\/tags?post=6803"}],"curies":[{"name":"wp","href":"https:\/\/api.w.org\/{rel}","templated":true}]}}