{"id":6801,"date":"2019-05-30T13:00:57","date_gmt":"2019-05-30T16:00:57","guid":{"rendered":"https:\/\/hostnetart.com.br\/baixada\/comando-cobra-solucoes-para-questoes-de-saude-do-trabalhador\/"},"modified":"2019-05-30T13:00:57","modified_gmt":"2019-05-30T16:00:57","slug":"comando-cobra-solucoes-para-questoes-de-saude-do-trabalhador","status":"publish","type":"post","link":"https:\/\/hostnetart.com.br\/baixada\/comando-cobra-solucoes-para-questoes-de-saude-do-trabalhador\/","title":{"rendered":"Comando cobra solu\u00e7\u00f5es para quest\u00f5es de sa\u00fade do trabalhador"},"content":{"rendered":"<div class=\"elementor-element elementor-element-194680ec elementor-widget elementor-widget-theme-post-content\" data-id=\"194680ec\" data-element_type=\"widget\" data-widget_type=\"theme-post-content.default\">\n<div class=\"elementor-widget-container\">\n<p>Em reuni\u00e3o realizada nesta quarta-feira (29), em S\u00e3o Paulo, o Comando Nacional dos Banc\u00e1rios apresentou \u00e0 Federa\u00e7\u00e3o Nacional dos Bancos (Fenaban) diversos casos que mostram que os bancos est\u00e3o descumprindo cl\u00e1usulas da <a href=\"https:\/\/contrafcut.com.br\/wp-content\/uploads\/anexos\/convenios\/2b2f727bc33ea8bfb0c4ea349ed3bbea\/file\/cct-geral.PDF\" target=\"_blank\" rel=\"noopener noreferrer\">Conven\u00e7\u00e3o Coletiva de Trabalho (CCT) da categori<\/a>a. Tamb\u00e9m foram apresentados os casos que prejudicam fluxo de afastamento para tratamento de sa\u00fade, recebimento de benef\u00edcios e retorno ao trabalho.<\/p>\n<p>\u201cMuitos banc\u00e1rios trabalham doentes por receio de perdas de remunera\u00e7\u00f5es ou de prest\u00edgio junto aos gestores. Precisamos encontrar a solu\u00e7\u00e3o para evitar problemas, tanto para as empresas quanto para os trabalhadores, que, muitas vezes, quando decidem se afastar, a doen\u00e7a j\u00e1 est\u00e1 mais avan\u00e7ada. Queremos criar um ambiente favor\u00e1vel para que isso deixe de acontecer\u201d, disse o secret\u00e1rio de Sa\u00fade do Trabalhador da Confedera\u00e7\u00e3o Nacional dos Trabalhadores do Ramo Financeiro (Contraf-CUT), Mauro Salles.<\/p>\n<p>Mauro apresentou alguns exemplos de descumprindo pelos bancos do que determina a CCT da categoria.<\/p>\n<p>A Fenaban vai levar os questionamentos com rela\u00e7\u00e3o ao descumprimento da CCT aos bancos, que analisar\u00e3o os casos e dar\u00e1 uma posi\u00e7\u00e3o na pr\u00f3xima reuni\u00e3o.<\/p>\n<p>S\u00e3o quest\u00f5es que envolvem o vale alimenta\u00e7\u00e3o, o adiantamento salarial nos casos de afastamento para tratamento de sa\u00fade e sobre a indica\u00e7\u00e3o dos locais para a realiza\u00e7\u00e3o de per\u00edcia m\u00e9dica.<\/p>\n<h3><strong>Pontos divergentes<\/strong><\/h3>\n<p>Os representantes dos trabalhadores tamb\u00e9m apresentaram durante a reuni\u00e3o casos em que os bancos n\u00e3o fornecem a <a href=\"https:\/\/www.inss.gov.br\/servicos-do-inss\/comunicacao-de-acidente-de-trabalho-cat\/\" target=\"_blank\" rel=\"noopener noreferrer\">Comunica\u00e7\u00e3o de Acidente de Trabalho (CAT)<\/a> e a Declara\u00e7\u00e3o de \u00daltimo Dia de Trabalho (DUT). Tamb\u00e9m disseram que existem m\u00e9dicos do trabalho que realizam seus laudos levando em conta os interesses dos bancos, desconsiderando a situa\u00e7\u00e3o de sa\u00fade do trabalhador.<\/p>\n<p>\u201cCom rela\u00e7\u00e3o a estes pontos tivemos que firmar nossa posi\u00e7\u00e3o, pois n\u00e3o houve concord\u00e2ncia com o que defende os bancos\u201d, observou o dirigente da Contraf-CUT. \u201cMas, vamos continuar insistindo na busca de uma solu\u00e7\u00e3o para este problema que, em nossa opini\u00e3o, s\u00e3o irregulares\u201d, completou.<\/p>\n<p>Para a presidenta da Contraf-CUT, Juvandia Moreira, talvez seja o caso de debater o tema em reuni\u00f5es com cada banco em espec\u00edfico.<\/p>\n<p>\u201cQueremos discutir como previnir os adoecimentos, mas enquanto isso n\u00e3o ocorre temos que garantir que os que est\u00e3o doentes tenham o direito de se tratar, tenham seus direitos assegurados e n\u00e3o sejam descartados pelos bancos\u201d, disse.<\/p>\n<p>As <a href=\"https:\/\/contrafcut.com.br\/noticias\/comando-nacional-debate-sobre-questoes-de-saude\/\" target=\"_blank\" rel=\"noopener noreferrer\">negocia\u00e7\u00f5es sobre a Sa\u00fade do Trabalhador voltam a acontecer<\/a> no dia 11 de julho, \u00e0s 14h, em S\u00e3o Paulo, quando acontecer\u00e1 a pr\u00f3xima reuni\u00e3o da mesa tem\u00e1tica.<\/p>\n<p> <strong>Fonte:<\/strong> <strong>Contraf-CUT<\/strong><\/p>\n<\/div>\n<\/div>\n","protected":false},"excerpt":{"rendered":"<p>Em reuni\u00e3o realizada nesta quarta-feira (29), em S\u00e3o Paulo, o Comando Nacional dos Banc\u00e1rios apresentou \u00e0 Federa\u00e7\u00e3o Nacional dos Bancos (Fenaban) diversos casos que mostram que os bancos est\u00e3o descumprindo cl\u00e1usulas da Conven\u00e7\u00e3o Coletiva de Trabalho (CCT) da categoria. Tamb\u00e9m foram apresentados os casos que prejudicam fluxo de afastamento para tratamento de sa\u00fade, recebimento de [&hellip;]<\/p>\n","protected":false},"author":2,"featured_media":6800,"comment_status":"","ping_status":"","sticky":false,"template":"","format":"standard","meta":{"footnotes":""},"categories":[3],"tags":[],"class_list":["post-6801","post","type-post","status-publish","format-standard","has-post-thumbnail","hentry","category-noticias"],"_links":{"self":[{"href":"https:\/\/hostnetart.com.br\/baixada\/wp-json\/wp\/v2\/posts\/6801","targetHints":{"allow":["GET"]}}],"collection":[{"href":"https:\/\/hostnetart.com.br\/baixada\/wp-json\/wp\/v2\/posts"}],"about":[{"href":"https:\/\/hostnetart.com.br\/baixada\/wp-json\/wp\/v2\/types\/post"}],"author":[{"embeddable":true,"href":"https:\/\/hostnetart.com.br\/baixada\/wp-json\/wp\/v2\/users\/2"}],"replies":[{"embeddable":true,"href":"https:\/\/hostnetart.com.br\/baixada\/wp-json\/wp\/v2\/comments?post=6801"}],"version-history":[{"count":0,"href":"https:\/\/hostnetart.com.br\/baixada\/wp-json\/wp\/v2\/posts\/6801\/revisions"}],"wp:featuredmedia":[{"embeddable":true,"href":"https:\/\/hostnetart.com.br\/baixada\/wp-json\/wp\/v2\/media\/6800"}],"wp:attachment":[{"href":"https:\/\/hostnetart.com.br\/baixada\/wp-json\/wp\/v2\/media?parent=6801"}],"wp:term":[{"taxonomy":"category","embeddable":true,"href":"https:\/\/hostnetart.com.br\/baixada\/wp-json\/wp\/v2\/categories?post=6801"},{"taxonomy":"post_tag","embeddable":true,"href":"https:\/\/hostnetart.com.br\/baixada\/wp-json\/wp\/v2\/tags?post=6801"}],"curies":[{"name":"wp","href":"https:\/\/api.w.org\/{rel}","templated":true}]}}