{"id":6793,"date":"2019-05-29T14:29:56","date_gmt":"2019-05-29T17:29:56","guid":{"rendered":"https:\/\/hostnetart.com.br\/baixada\/estudantes-confirmam-manifestacoes-ja-programadas-em-150-cidades-no-30-de-maio-confira-a-agenda\/"},"modified":"2019-05-29T14:29:56","modified_gmt":"2019-05-29T17:29:56","slug":"estudantes-confirmam-manifestacoes-ja-programadas-em-150-cidades-no-30-de-maio-confira-a-agenda","status":"publish","type":"post","link":"https:\/\/hostnetart.com.br\/baixada\/estudantes-confirmam-manifestacoes-ja-programadas-em-150-cidades-no-30-de-maio-confira-a-agenda\/","title":{"rendered":"Estudantes confirmam manifesta\u00e7\u00f5es j\u00e1 programadas em 150 cidades no 30 de maio. Confira a agenda"},"content":{"rendered":"<p>Estudantes, professores e trabalhadores ligados \u00e0 educa\u00e7\u00e3o ocupar\u00e3o as ruas do Brasil,\u00a0<a href=\"https:\/\/www.redebrasilatual.com.br\/destaques\/2019\/05\/tsunamidaeducacao-manifestacoes-30-de-maio\/\">nesta quinta-feira (30)<\/a>, contra\u00a0<strong>corte de verbas\u00a0<\/strong>nas\u00a0universidades e institutos federais, pretendidos pelo governo Jair Bolsonaro. De acordo com um levantamento da Uni\u00e3o Nacional dos Estudantes (UNE) e da CUT, s\u00e3o cerca de 150 cidades com manifesta\u00e7\u00f5es marcadas, seja por secundaristas, universit\u00e1rios, p\u00f3s-graduandos, professores ou trabalhadores.<\/p>\n<p>Apesar da\u00a0<a href=\"https:\/\/www.redebrasilatual.com.br\/educacao\/2019\/05\/e-o-poder-transformador-da-educacao-uniu-o-brasil\/\">for\u00e7a apresentada no \u00faltimo dia 15 de maio<\/a>, quando 200 cidades pararam contra Bolsonaro, os estudantes afirmam que a educa\u00e7\u00e3o ainda est\u00e1 sob ataque. \u201cEstive na C\u00e2mara dos Deputados em uma audi\u00eancia p\u00fablica, na \u00faltima semana, para tentar argumentar com\u00a0<a href=\"https:\/\/www.redebrasilatual.com.br\/educacao\/2019\/05\/ministro-da-educacao-e-convocado-a-explicar-cortes-nas-universidades\/\">o ministro da Educa\u00e7\u00e3o contra os cortes<\/a>, mas ele se recusa a nos ouvir. Ent\u00e3o ser\u00e1 pelas ruas que ele vai ter que entender. No dia 15 levamos mais de dois milh\u00f5es de pessoas para as ruas e o pr\u00f3ximo dia 30 tem tudo para repetir esse p\u00fablico\u201d, disse a presidenta da UNE, Marianna Dias.<\/p>\n<p>As manifesta\u00e7\u00f5es deste 30 de maio tamb\u00e9m colocam em pauta a<a href=\"https:\/\/www.redebrasilatual.com.br\/trabalho\/2019\/05\/sindicalistas-se-reunem-com-relator-da-previdencia\/\">\u00a0reforma da Previd\u00eancia<\/a>\u00a0e a greve geral, marcada pelas centrais sindicais, no dia 14 de junho.\u00a0A CUT e entidades filiadas, como a Confedera\u00e7\u00e3o Nacional dos Trabalhadores em Educa\u00e7\u00e3o (CNTE), a Federa\u00e7\u00e3o \u00danica dos Petroleiros (FUP) e Confedera\u00e7\u00e3o dos Trabalhadores no Servi\u00e7o P\u00fablico Municipal (Confetam)\u00a0<a href=\"https:\/\/www.cut.org.br\/noticias\/30m-de-luta-ja-tem-atos-marcados-em-24-capitais-df-e-mais-de-50-cidades-8948\">aderiram \u00e0 mobiliza\u00e7\u00e3o<\/a>.<\/p>\n<p>Na capital paulista, o ato est\u00e1 marcado para o Largo da Batata, zona oeste, a partir das 17h. J\u00e1 no Rio de Janeiro, o movimento estudantil se concentrar\u00e1 na Candel\u00e1ria, centro da cidade, a partir das 15h.\u00a0Manifesta\u00e7\u00f5es em defesa da educa\u00e7\u00e3o tamb\u00e9m est\u00e3o marcadas ao redor do mundo, como em Nova Iorque (Estados Unidos), Genebra (Su\u00ed\u00e7a), Lisboa (Portugual) e Dublin (Irlanda).<\/p>\n<p><a href=\"https:\/\/une.org.br\/noticias\/30-de-maio-nas-ruas-de-novo-defendendo-a-educacao\/\" target=\"_blank\" rel=\"noopener noreferrer\">Confira aqui a lista completa da programa\u00e7\u00e3o da UNE<\/a><\/p>\n<h3>A programa\u00e7\u00e3o de todos atos nas capitais:<\/h3>\n<p><strong>\u2013 Rio Branco-AC:<\/strong>\u00a0Pra\u00e7a da Revolu\u00e7\u00e3o, centro, a partir das 11h<br \/>\u2013\u00a0<strong>Macei\u00f3-AL:\u00a0<\/strong>Pra\u00e7a do Centen\u00e1rio, bairro do Farol, a partir das 13h<br \/>\u2013\u00a0<strong>Macap\u00e1-AP:\u00a0<\/strong>Pra\u00e7a da Bandeira, no centro, a partir das 15h<br \/>\u2013\u00a0<strong>Manaus-AM:\u00a0<\/strong>Pra\u00e7a da Saudade,<span class=\"w8qArf\">\u00a0<\/span><span class=\"LrzXr\">no centro, a partir das<\/span>\u00a015h<br \/>\u2013\u00a0<strong>Salvador-BA:\u00a0<\/strong>Pra\u00e7a do Campo Grande, pr\u00f3ximo ao Teatro Castro Alves, a partir das 10h<br \/>\u2013\u00a0<strong>Fortaleza-CE:\u00a0<\/strong>Pra\u00e7a da Gentil\u00e2ndia, bairro Benfica, \u00e0s 14h<br \/>\u2013\u00a0<strong>Bras\u00edlia-DF:<\/strong>\u00a0Museu Nacional da Rep\u00fablica, a partir das 10h<br \/>\u2013\u00a0<strong>Vit\u00f3ria-ES:<\/strong>\u00a0Teatro da Universidade Federal do Esp\u00edrito Santo,\u00a0 na Avenida Fernando Ferrari, \u00e0s 16h30<br \/>\u2013\u00a0<strong>Goi\u00e2nia-GO:\u00a0<\/strong>Pra\u00e7a Universit\u00e1ria, Setor Leste Universit\u00e1rio, a partir das 15h<br \/>\u2013\u00a0<strong>S\u00e3o Lu\u00eds-MA<\/strong>:\u00a0Pra\u00e7a Deodoro, centro, a partir das 15h<br \/>\u2013\u00a0<strong>Cuiab\u00e1-MT:\u00a0<\/strong>Pra\u00e7a Alencastro, no Centro Norte, \u00e0s 14h<br \/>\u2013\u00a0<strong>Campo Grande-MS:\u00a0<\/strong>Pra\u00e7a Ary Coelho, no centro, a partir das 15h<br \/>\u2013\u00a0<strong>Belo Horizonte-MG:\u00a0<\/strong>Pra\u00e7a Afonso Arinos, no centro , \u00e0s 17h<br \/>\u2013\u00a0<strong>Bel\u00e9m-PA:\u00a0<\/strong>Pra\u00e7a da Rep\u00fablica, no bairro Campina, \u00e0s 16h<br \/>\u2013\u00a0<strong>Jo\u00e3o Pessoa-PB:<\/strong>\u00a0\u00a0Centro de Ci\u00eancias Humanas, Letras e Artes da Universidade Federal da Para\u00edba (UFPB), a partir das 15h<br \/>\u2013\u00a0<strong>Curitiba-PR:\u00a0<\/strong>Pra\u00e7a Santos Antrade, no centro, \u00e0s 18h<br \/>\u2013\u00a0<strong>Recife-PE:\u00a0<\/strong>\u00a0Rua Aurora, em Santo Amaro, a partir das 15h<br \/>\u2013\u00a0<strong>Teresina-PI:\u00a0<\/strong>Pra\u00e7a da Liberdade, no centro, \u00e0s 8h<br \/><strong>\u2013 Rio de Janeiro-RJ:\u00a0<\/strong>Na Candel\u00e1ria, regi\u00e3o central, a partir das 15h<br \/><strong>\u2013 Natal-RN:\u00a0<\/strong>Pra\u00e7a C\u00edvica, no bairro Petr\u00f3polis, \u00e0s 15h<br \/><strong>\u2013 Porto Alegre-RS:\u00a0<\/strong>Esquina Democr\u00e1tica, no centro hist\u00f3rico, \u00e0s 18h<br \/><strong>\u2013 Porto Velho-RO:\u00a0<\/strong>Universidade Federal de Rond\u00f4nia (UNIR), no centro, \u00e0s 16h<br \/><strong>\u2013 Boa Vista-RR:\u00a0<\/strong>Centro C\u00edvico, a partir das 16h<br \/><strong>\u2013 Florian\u00f3polis-SC:\u00a0<\/strong>Pra\u00e7a XV de Novembro, no centro, a partir das 15h.<br \/><strong>\u2013 S\u00e3o Paulo-SP:\u00a0<\/strong>Largo da Batata, em Pinheiros, a partir das 17h<br \/><strong>\u2013 Aracaju-SE:\u00a0<\/strong>Pra\u00e7a General Valad\u00e3o, regi\u00e3o central, a partir das 15h<br \/><strong>\u2013 Palmas-TO:\u00a0<\/strong>Universidade Federal do Tocantins (UFT), \u00e0s 18h<\/p>\n<p>\u00a0<\/p>\n<p><span style=\"text-decoration: underline;\"><strong>Fonte: Rede Brasil Atual<\/strong><\/span><\/p>\n","protected":false},"excerpt":{"rendered":"<p>Estudantes, professores e trabalhadores ligados \u00e0 educa\u00e7\u00e3o ocupar\u00e3o as ruas do Brasil,\u00a0nesta quinta-feira (30), contra\u00a0corte de verbas\u00a0nas\u00a0universidades e institutos federais, pretendidos pelo governo Jair Bolsonaro. De acordo com um levantamento da Uni\u00e3o Nacional dos Estudantes (UNE) e da CUT, s\u00e3o cerca de 150 cidades com manifesta\u00e7\u00f5es marcadas, seja por secundaristas, universit\u00e1rios, p\u00f3s-graduandos, professores ou trabalhadores. [&hellip;]<\/p>\n","protected":false},"author":2,"featured_media":6792,"comment_status":"","ping_status":"","sticky":false,"template":"","format":"standard","meta":{"footnotes":""},"categories":[3],"tags":[],"class_list":["post-6793","post","type-post","status-publish","format-standard","has-post-thumbnail","hentry","category-noticias"],"_links":{"self":[{"href":"https:\/\/hostnetart.com.br\/baixada\/wp-json\/wp\/v2\/posts\/6793","targetHints":{"allow":["GET"]}}],"collection":[{"href":"https:\/\/hostnetart.com.br\/baixada\/wp-json\/wp\/v2\/posts"}],"about":[{"href":"https:\/\/hostnetart.com.br\/baixada\/wp-json\/wp\/v2\/types\/post"}],"author":[{"embeddable":true,"href":"https:\/\/hostnetart.com.br\/baixada\/wp-json\/wp\/v2\/users\/2"}],"replies":[{"embeddable":true,"href":"https:\/\/hostnetart.com.br\/baixada\/wp-json\/wp\/v2\/comments?post=6793"}],"version-history":[{"count":0,"href":"https:\/\/hostnetart.com.br\/baixada\/wp-json\/wp\/v2\/posts\/6793\/revisions"}],"wp:featuredmedia":[{"embeddable":true,"href":"https:\/\/hostnetart.com.br\/baixada\/wp-json\/wp\/v2\/media\/6792"}],"wp:attachment":[{"href":"https:\/\/hostnetart.com.br\/baixada\/wp-json\/wp\/v2\/media?parent=6793"}],"wp:term":[{"taxonomy":"category","embeddable":true,"href":"https:\/\/hostnetart.com.br\/baixada\/wp-json\/wp\/v2\/categories?post=6793"},{"taxonomy":"post_tag","embeddable":true,"href":"https:\/\/hostnetart.com.br\/baixada\/wp-json\/wp\/v2\/tags?post=6793"}],"curies":[{"name":"wp","href":"https:\/\/api.w.org\/{rel}","templated":true}]}}