{"id":6784,"date":"2019-05-29T13:46:43","date_gmt":"2019-05-29T16:46:43","guid":{"rendered":"https:\/\/hostnetart.com.br\/baixada\/salario-minimo-em-discussao-fim-da-politica-de-valorizacao-e-caminho-para-a-pobreza\/"},"modified":"2019-05-29T13:46:43","modified_gmt":"2019-05-29T16:46:43","slug":"salario-minimo-em-discussao-fim-da-politica-de-valorizacao-e-caminho-para-a-pobreza","status":"publish","type":"post","link":"https:\/\/hostnetart.com.br\/baixada\/salario-minimo-em-discussao-fim-da-politica-de-valorizacao-e-caminho-para-a-pobreza\/","title":{"rendered":"Sal\u00e1rio m\u00ednimo em discuss\u00e3o: fim da pol\u00edtica de valoriza\u00e7\u00e3o \u00e9 caminho para a pobreza"},"content":{"rendered":"<p>Acabar com a pol\u00edtica de valoriza\u00e7\u00e3o do sal\u00e1rio m\u00ednimo \u00e9 um passo para aumentar a pobreza no pa\u00eds, avaliaram participantes de audi\u00eancia p\u00fablica promovida nesta ter\u00e7a-feira (28) pela Comiss\u00e3o de Direitos Humanos e Legisla\u00e7\u00e3o Participativa (CDH) do Senado, presidida por Paulo Paim (PT-RS). Pela regra adotada nos \u00faltimos anos, o piso nacional era reajustado com base na infla\u00e7\u00e3o (INPC) do ano anterior mais a varia\u00e7\u00e3o do Produto Interno Bruto (PIB) de dois anos antes, quando houvesse crescimento. Agora, o governo quer usar apenas a infla\u00e7\u00e3o.<\/p>\n<p>O economista Cl\u00f3vis Scherer, do Dieese, lembrou que a pol\u00edtica de valoriza\u00e7\u00e3o tornou-se lei ap\u00f3s sucessivas marchas organizadas pelas centrais sindicais, diante da \u201cnecessidade de erguer o sal\u00e1rio m\u00ednimo e lev\u00e1-lo a um patamar de dignidade\u201d. Ainda assim, segundo ele a maioria dos pa\u00edses da Am\u00e9rica do Sul t\u00eam patamares superiores ao brasileiro. \u201cNada mais fizemos do que recuperar um patamar de renda que j\u00e1 foi alcan\u00e7ado no pa\u00eds anteriormente, declarou.<\/p>\n<p>Em nota t\u00e9cnica divulgada em abril, o Dieese informa que se o sal\u00e1rio m\u00ednimo tivesse sido reajustado apenas pela infla\u00e7\u00e3o no per\u00edodo de 2004 a 2019, valeria hoje apenas R$ 573. Isso significa que o aumento real acumulado no per\u00edodo chega a R$ 425.<\/p>\n<p>\u201cPara al\u00e9m do papel no combate \u00e0 pobreza e \u00e0 desigualdade, que permanecem agudas no pa\u00eds, o revigoramento do piso de rendimentos do trabalho e dos benef\u00edcios da Seguridade, associado a outras medidas que promovessem a retomada da atividade econ\u00f4mica, poderia ser um fator importante para impulsionar o crescimento\u201d, afirma o instituto. Confira\u00a0<a href=\"https:\/\/www.dieese.org.br\/notatecnica\/2019\/notaTec205SalarioMinimo.pdf\">aqui<\/a>\u00a0a \u00edntegra da nota t\u00e9cnica.<\/p>\n<p>Representante do Sinait, o sindicato dos auditores-fiscais do Trabalho, M\u00f4nica Duialibe observou que de 2002 a 2014 o total de empregos formais no pa\u00eds cresceu 69%, de 23,4 milh\u00f5es para 39,1 milh\u00f5es. \u201cE foi justamente o per\u00edodo de maior valoriza\u00e7\u00e3o do sal\u00e1rio m\u00ednimo\u201d, acrescentou.<\/p>\n<p>\u201cO que est\u00e1 em jogo \u00e9 como n\u00f3s respondemos ao aumento da pobreza no Brasil\u201d, alertou a presidente da Associa\u00e7\u00e3o Nacional dos Magistrados da Justi\u00e7a do Trabalho (Anamatra), Noemia\u00a0 Porto. Ela tamb\u00e9m chamou a aten\u00e7\u00e3o para o impacto do fim da pol\u00edtica de valoriza\u00e7\u00e3o em rela\u00e7\u00e3o \u00e0 seguran\u00e7a social.<\/p>\n<p>J\u00e1 a senadora\u00a0senadora Zenaide Maia (Pros-RN) considerou o impacto para toda a economia, inclusive para as contas p\u00fablicas. \u201cSe voc\u00ea tira o poder de compra, tira o poder de venda. Se o com\u00e9rcio n\u00e3o vende, a ind\u00fastria n\u00e3o produz e o governo n\u00e3o arrecada.\u201d<\/p>\n<p><i>Com informa\u00e7\u00f5es da TV Senado<\/i><\/p>\n<p><strong>Fonte: Rede Brasil Atual<\/strong><\/p>\n","protected":false},"excerpt":{"rendered":"<p>Acabar com a pol\u00edtica de valoriza\u00e7\u00e3o do sal\u00e1rio m\u00ednimo \u00e9 um passo para aumentar a pobreza no pa\u00eds, avaliaram participantes de audi\u00eancia p\u00fablica promovida nesta ter\u00e7a-feira (28) pela Comiss\u00e3o de Direitos Humanos e Legisla\u00e7\u00e3o Participativa (CDH) do Senado, presidida por Paulo Paim (PT-RS). Pela regra adotada nos \u00faltimos anos, o piso nacional era reajustado com [&hellip;]<\/p>\n","protected":false},"author":2,"featured_media":6783,"comment_status":"","ping_status":"","sticky":false,"template":"","format":"standard","meta":{"footnotes":""},"categories":[3],"tags":[],"class_list":["post-6784","post","type-post","status-publish","format-standard","has-post-thumbnail","hentry","category-noticias"],"_links":{"self":[{"href":"https:\/\/hostnetart.com.br\/baixada\/wp-json\/wp\/v2\/posts\/6784","targetHints":{"allow":["GET"]}}],"collection":[{"href":"https:\/\/hostnetart.com.br\/baixada\/wp-json\/wp\/v2\/posts"}],"about":[{"href":"https:\/\/hostnetart.com.br\/baixada\/wp-json\/wp\/v2\/types\/post"}],"author":[{"embeddable":true,"href":"https:\/\/hostnetart.com.br\/baixada\/wp-json\/wp\/v2\/users\/2"}],"replies":[{"embeddable":true,"href":"https:\/\/hostnetart.com.br\/baixada\/wp-json\/wp\/v2\/comments?post=6784"}],"version-history":[{"count":0,"href":"https:\/\/hostnetart.com.br\/baixada\/wp-json\/wp\/v2\/posts\/6784\/revisions"}],"wp:featuredmedia":[{"embeddable":true,"href":"https:\/\/hostnetart.com.br\/baixada\/wp-json\/wp\/v2\/media\/6783"}],"wp:attachment":[{"href":"https:\/\/hostnetart.com.br\/baixada\/wp-json\/wp\/v2\/media?parent=6784"}],"wp:term":[{"taxonomy":"category","embeddable":true,"href":"https:\/\/hostnetart.com.br\/baixada\/wp-json\/wp\/v2\/categories?post=6784"},{"taxonomy":"post_tag","embeddable":true,"href":"https:\/\/hostnetart.com.br\/baixada\/wp-json\/wp\/v2\/tags?post=6784"}],"curies":[{"name":"wp","href":"https:\/\/api.w.org\/{rel}","templated":true}]}}