{"id":6782,"date":"2019-05-28T14:54:57","date_gmt":"2019-05-28T17:54:57","guid":{"rendered":"https:\/\/hostnetart.com.br\/baixada\/pesquisa-mostra-que-78-da-populacao-acredita-que-manifestacoes-podem-mudar-o-pais\/"},"modified":"2019-05-28T14:54:57","modified_gmt":"2019-05-28T17:54:57","slug":"pesquisa-mostra-que-78-da-populacao-acredita-que-manifestacoes-podem-mudar-o-pais","status":"publish","type":"post","link":"https:\/\/hostnetart.com.br\/baixada\/pesquisa-mostra-que-78-da-populacao-acredita-que-manifestacoes-podem-mudar-o-pais\/","title":{"rendered":"Pesquisa mostra que 78% da popula\u00e7\u00e3o acredita que manifesta\u00e7\u00f5es podem mudar o pa\u00eds"},"content":{"rendered":"<p>Uma pesquisa publicada pela\u00a0<a href=\"https:\/\/artigo19.org\/5anosde2013\/pesquisa-de-opiniao\/?fbclid=IwAR24jY7wSoXXOaD_67qnaJnAVMGqtwkhefEAmcl0AU_8st8zEtioaQEWBSM\">ONG Artigo 19<\/a>\u00a0nesta segunda-feira (27) revela que 78% da popula\u00e7\u00e3o acredita na possibilidade de manifesta\u00e7\u00f5es poderem mudar o pa\u00eds. O estudo, realizado em sete cidades, foi apresentado na Defensoria P\u00fablica de S\u00e3o Paulo. Segundo Camila Marques, advogada da Artigo 19, desde 2013 houve uma retomada das manifesta\u00e7\u00f5es nas ruas, tornando-as um espa\u00e7o pol\u00edtico em disputa.\u00a0\u201cA popula\u00e7\u00e3o \u00e9 um entende que alguns crit\u00e9rios devem obedecidos para que uma manifesta\u00e7\u00e3o seja considerada positiva, por exemplo, uma causa coletiva, em que as pessoas se vejam naquela manifesta\u00e7\u00e3o. Um outro crit\u00e9rio \u00e9 que a manifesta\u00e7\u00e3o n\u00e3o pode ser violenta\u201d, explicou \u00e0 rep\u00f3rter Dayane Pontes, da\u00a0<strong>TVT<\/strong>.<\/p>\n<p><a href=\"https:\/\/www.redebrasilatual.com.br\/politica\/2019\/05\/bolsonaro-vai-provar-gosto-da-pressao-popular-diz-presidenta-da-une\/\">No \u00faltimo dia 15<\/a>, estudantes, professores e trabalhadores da educa\u00e7\u00e3o foram \u00e0s ruas contra o fim da Previd\u00eancia e os cortes na Educa\u00e7\u00e3o, promovidos pelo governo Jair Bolsonaro.\u00a0Para o presidente da Uni\u00e3o Brasileira dos Estudantes Secundaristas (Ubes), Pedro Gorki, a rejei\u00e7\u00e3o \u00e0 pol\u00edtica \u00e9 reflexo da crise o pa\u00eds enfrenta. \u201cA onda antipol\u00edtica atinge uma boa parte da nossa popula\u00e7\u00e3o brasileira, mas o que se provou no dia 15 de maio e na nova esfera da oposi\u00e7\u00e3o ao governo Bolsonaro \u00e9 que atos\u00a0<a href=\"https:\/\/www.redebrasilatual.com.br\/politica\/2016\/09\/para-jesse-souza-golpe-nasceu-em-junho-de-2013-3016\/\">n\u00e3o se tornar\u00e3o um 2013+6<\/a>\u201c, afirma ele, ao exemplificar as pautas difusas das mobiliza\u00e7\u00f5es de junho daquele ano.<\/p>\n<p>A pesquisa revela que 90% da popula\u00e7\u00e3o concorda com o sistema democr\u00e1tico para o pa\u00eds, mas ainda assim 83% dos brasileiros n\u00e3o quer a participa\u00e7\u00e3o de partidos pol\u00edticos nas manifesta\u00e7\u00f5es. O estudo ainda mostra que 45% dos entrevistados discordam da afirma\u00e7\u00e3o de que o Brasil \u00e9 um pa\u00eds de democracia forte e 35% concordam. Para Camila, \u00e9 preciso informar melhor a popula\u00e7\u00e3o. \u201cQuando a gente fala de direitos sociais e econ\u00f4micos, falamos de pautas coletivas, que atingem a sociedade, ent\u00e3o, \u00e9 um desafio de comunica\u00e7\u00e3o\u201d, disse.<\/p>\n<p>Pedro Gorki lembra que tomar as ruas \u00e9 um direito de todos e espera que as manifesta\u00e7\u00f5es do\u00a0<a href=\"https:\/\/www.redebrasilatual.com.br\/destaques\/2019\/05\/tsunamidaeducacao-manifestacoes-30-de-maio\/\">pr\u00f3ximo dia 30<\/a>, contra os cortes de Bolsonaro, sejam ainda maiores. \u201cA gente n\u00e3o quer s\u00f3 comida e reverter os R$ 7 bilh\u00f5es de corte na educa\u00e7\u00e3o p\u00fablica, queremos mais investimento e mais direitos. \u00c9 isso que se junta na luta de rua do movimento estudantil com o movimento social\u201d, conclui.<\/p>\n<p><strong>Fonte: Rede Brasil Atual<\/strong><\/p>\n","protected":false},"excerpt":{"rendered":"<p>Uma pesquisa publicada pela\u00a0ONG Artigo 19\u00a0nesta segunda-feira (27) revela que 78% da popula\u00e7\u00e3o acredita na possibilidade de manifesta\u00e7\u00f5es poderem mudar o pa\u00eds. O estudo, realizado em sete cidades, foi apresentado na Defensoria P\u00fablica de S\u00e3o Paulo. Segundo Camila Marques, advogada da Artigo 19, desde 2013 houve uma retomada das manifesta\u00e7\u00f5es nas ruas, tornando-as um espa\u00e7o [&hellip;]<\/p>\n","protected":false},"author":2,"featured_media":6781,"comment_status":"","ping_status":"","sticky":false,"template":"","format":"standard","meta":{"footnotes":""},"categories":[3],"tags":[],"class_list":["post-6782","post","type-post","status-publish","format-standard","has-post-thumbnail","hentry","category-noticias"],"_links":{"self":[{"href":"https:\/\/hostnetart.com.br\/baixada\/wp-json\/wp\/v2\/posts\/6782","targetHints":{"allow":["GET"]}}],"collection":[{"href":"https:\/\/hostnetart.com.br\/baixada\/wp-json\/wp\/v2\/posts"}],"about":[{"href":"https:\/\/hostnetart.com.br\/baixada\/wp-json\/wp\/v2\/types\/post"}],"author":[{"embeddable":true,"href":"https:\/\/hostnetart.com.br\/baixada\/wp-json\/wp\/v2\/users\/2"}],"replies":[{"embeddable":true,"href":"https:\/\/hostnetart.com.br\/baixada\/wp-json\/wp\/v2\/comments?post=6782"}],"version-history":[{"count":0,"href":"https:\/\/hostnetart.com.br\/baixada\/wp-json\/wp\/v2\/posts\/6782\/revisions"}],"wp:featuredmedia":[{"embeddable":true,"href":"https:\/\/hostnetart.com.br\/baixada\/wp-json\/wp\/v2\/media\/6781"}],"wp:attachment":[{"href":"https:\/\/hostnetart.com.br\/baixada\/wp-json\/wp\/v2\/media?parent=6782"}],"wp:term":[{"taxonomy":"category","embeddable":true,"href":"https:\/\/hostnetart.com.br\/baixada\/wp-json\/wp\/v2\/categories?post=6782"},{"taxonomy":"post_tag","embeddable":true,"href":"https:\/\/hostnetart.com.br\/baixada\/wp-json\/wp\/v2\/tags?post=6782"}],"curies":[{"name":"wp","href":"https:\/\/api.w.org\/{rel}","templated":true}]}}