{"id":678,"date":"2015-03-02T17:43:00","date_gmt":"2015-03-02T20:43:00","guid":{"rendered":"https:\/\/hostnetart.com.br\/baixada\/artigo-dia-mundial-de-combate-as-ler-dort-a-epidemia-persiste\/"},"modified":"2015-03-02T17:43:00","modified_gmt":"2015-03-02T20:43:00","slug":"artigo-dia-mundial-de-combate-as-ler-dort-a-epidemia-persiste","status":"publish","type":"post","link":"https:\/\/hostnetart.com.br\/baixada\/artigo-dia-mundial-de-combate-as-ler-dort-a-epidemia-persiste\/","title":{"rendered":"Artigo: Dia Mundial de Combate \u00e0s LER\/DORT, a epidemia persiste"},"content":{"rendered":"<p><span style=\"color: #464646;\">Bernardino Ramazzini, m\u00e9dico italiano considerado o pioneiro dos estudos de Sa\u00fade do Trabalhador, j\u00e1 no in\u00edcio s\u00e9culo XVIII identificou o que chamou de \u201cdoen\u00e7a dos escriv\u00e3es\u201d.<\/span><br style=\"color: #464646;\" \/><br style=\"color: #464646;\" \/><span style=\"color: #464646;\">De l\u00e1 para c\u00e1, em diversos momentos da hist\u00f3ria, h\u00e1 registros de patologias relacionadas ao trabalho nas mais variadas atividades profissionais, cujos sintomas s\u00e3o afec\u00e7\u00f5es do sistema m\u00fasculo esquel\u00e9tico e as causas, entre outras, movimentos repetitivos, posturas inadequadas, sobre esfor\u00e7o de grupos de m\u00fasculos em raz\u00e3o de levantamento de peso e outras tarefas, todas ligadas \u00e0s caracter\u00edsticas dos postos de trabalho e das atividades realizadas pelos trabalhadores.<\/span><br style=\"color: #464646;\" \/><br style=\"color: #464646;\" \/><span style=\"color: #464646;\">No Brasil, a partir de meados dos anos 1980, o problema come\u00e7a a ser discutido principalmente pelos trabalhadores em processamento de dados, tendo sido reconhecido pelo Minist\u00e9rio da Previd\u00eancia Social, ap\u00f3s grande mobiliza\u00e7\u00e3o dos sindicatos em todo o Pa\u00eds, como doen\u00e7a do trabalho e denominado num primeiro momento como tenossinovite do digitador.<\/span><br style=\"color: #464646;\" \/><br style=\"color: #464646;\" \/><span style=\"color: #464646;\">Rapidamente, por\u00e9m, come\u00e7ou-se a observar que essas patologias n\u00e3o atingiam somente pessoas que trabalhavam exclusivamente em atividades com computadores. Praticamente todos os segmentos de trabalhadores estavam expostos a esse tipo de risco. Banc\u00e1rios, metal\u00fargicos, costureiros, trabalhadores em frigor\u00edficos, qu\u00edmicos, s\u00e3o apenas alguns exemplos.\u00a0<\/span><br style=\"color: #464646;\" \/><br style=\"color: #464646;\" \/><span style=\"color: #464646;\">Em 1993 foi editada uma nova norma que considerava que as les\u00f5es por esfor\u00e7os repetitivos \u2013 LER, como passou a ser chamada, era um conjunto de doen\u00e7as osteomusculares relacionadas ao trabalho que poderia acometer pessoas das mais diversas atividades profissionais.<\/span><br style=\"color: #464646;\" \/><br style=\"color: #464646;\" \/><span style=\"color: #464646;\">Durante os anos 1990, a ocorr\u00eancia dessas doen\u00e7as se generalizou e os sindicatos de modo geral tiveram papel importante na conscientiza\u00e7\u00e3o e mobiliza\u00e7\u00e3o dos trabalhadores, fazendo com que o problema ganhasse visibilidade. Com isso, estabeleceram-se processos de negocia\u00e7\u00e3o bastante frut\u00edferos.<\/span><br style=\"color: #464646;\" \/><br style=\"color: #464646;\" \/><span style=\"color: #464646;\">Ocorre que, inicialmente, acreditava-se que a simples melhora f\u00edsica nos ambientes de trabalho \u2013 com a substitui\u00e7\u00e3o de mobili\u00e1rios e equipamentos por outros ergonomicamente mais adequados \u2013 seria a solu\u00e7\u00e3o. E, por press\u00e3o dos trabalhadores, muitas empresas acabaram investindo nessa substitui\u00e7\u00e3o. O que, obviamente, foi importante, por\u00e9m, logo se percebeu que o problema persistia.<\/span><br style=\"color: #464646;\" \/><br style=\"color: #464646;\" \/><span style=\"color: #464646;\">Hoje sabe-se que, para muito al\u00e9m das condi\u00e7\u00f5es f\u00edsicas dos ambientes, as LER\/DORT (les\u00f5es por esfor\u00e7os repetitivos\/dist\u00farbios osteomusculares relacionados ao trabalho), como s\u00e3o conhecidas atualmente, t\u00eam muito a ver com a forma como o trabalho \u00e9 organizado e, nesse sentido, as \u201cmodernas\u201d modalidades de gest\u00e3o implantadas principalmente a partir dos anos 1990 est\u00e3o diretamente relacionadas a esse tipo de adoecimento.<\/span><br style=\"color: #464646;\" \/><br style=\"color: #464646;\" \/><span style=\"color: #464646;\">A denominada reengenharia, que provocou uma grande redu\u00e7\u00e3o de postos de trabalho; a exig\u00eancia crescente de aumento da produtividade com o estabelecimento de metas inating\u00edveis; as press\u00f5es generalizadas com amea\u00e7as de demiss\u00f5es; o est\u00edmulo desenfreado da concorr\u00eancia entre colegas, entre outros fatores, transformou os ambientes de trabalho em locais absolutamente insalubres e penosos, em decorr\u00eancia do aumento da carga e do stress constante.<\/span><br style=\"color: #464646;\" \/><br style=\"color: #464646;\" \/><span style=\"color: #464646;\">Essa realidade, ao mesmo tempo em que compromete a sa\u00fade mental dos trabalhadores, afeta-os fisicamente, pois for\u00e7a-os a trabalhar sob grande tens\u00e3o e muito al\u00e9m dos limites humanos, fazendo com que a incid\u00eancia das LER\/DORT ganhe contornos de epidemia. As estat\u00edsticas do Minist\u00e9rio da Previd\u00eancia Social indicam que as doen\u00e7as m\u00fasculo esquel\u00e9ticas s\u00e3o atualmente a segunda maior causa de afastamento do trabalho no Brasil.<\/span><br style=\"color: #464646;\" \/><br style=\"color: #464646;\" \/><span style=\"color: #464646;\">Pretensas solu\u00e7\u00f5es como gin\u00e1stica laboral e orienta\u00e7\u00f5es sobre postura f\u00edsica correta, al\u00e9m de comprovadamente n\u00e3o atenuarem o problema, focam na individualiza\u00e7\u00e3o das causas e na culpabiliza\u00e7\u00e3o do trabalhador pelo seu pr\u00f3prio adoecimento. Ao contr\u00e1rio, a revers\u00e3o desse grav\u00edssimo quadro, bem como de toda e qualquer doen\u00e7a ou acidente do trabalho, passa pela compreens\u00e3o de que as causas s\u00e3o multifatoriais e t\u00eam car\u00e1ter coletivo, pois afetam, em maior ou menor grau, mas de forma similar, todos os trabalhadores de um mesmo ambiente.<\/span><br style=\"color: #464646;\" \/><br style=\"color: #464646;\" \/><span style=\"color: #464646;\">28 de fevereiro foi institu\u00eddo como o \u201cDia Mundial de Combate \u00e0s LER\/DORT\u201d, importante momento para resgatarmos o debate a fim de desmistificar a falsa cren\u00e7a de que essas doen\u00e7as est\u00e3o superadas nos locais de trabalho do Pa\u00eds e de todo o mundo \u2013 isso s\u00f3 interessa aos patr\u00f5es \u2013 , alertando os trabalhadores de que \u00e9 preciso permanecer vigilantes, denunciando sempre aos sindicatos as condi\u00e7\u00f5es inadequadas e as press\u00f5es por produtividade, para que juntos possamos exigir das empresas melhoras nos ambientes e revis\u00e3o dos processos de trabalho.<\/span><br style=\"color: #464646;\" \/><br style=\"color: #464646;\" \/><b style=\"color: #464646;\">Jun\u00e9ia Martins Batista<br \/> Secret\u00e1ria Nacional de Sa\u00fade do Trabalhador da CUT<\/b><br style=\"color: #464646;\" \/><br style=\"color: #464646;\" \/><br style=\"color: #464646;\" \/><span style=\"color: #464646;\">Fonte: CUT<\/span><\/p>\n","protected":false},"excerpt":{"rendered":"<p>Bernardino Ramazzini, m\u00e9dico italiano considerado o pioneiro dos estudos de Sa\u00fade do Trabalhador, j\u00e1 no in\u00edcio s\u00e9culo XVIII identificou o que chamou de \u201cdoen\u00e7a dos escriv\u00e3es\u201d.De l\u00e1 para c\u00e1, em diversos momentos da hist\u00f3ria, h\u00e1 registros de patologias relacionadas ao trabalho nas mais variadas atividades profissionais, cujos sintomas s\u00e3o afec\u00e7\u00f5es do sistema m\u00fasculo esquel\u00e9tico e [&hellip;]<\/p>\n","protected":false},"author":1,"featured_media":0,"comment_status":"","ping_status":"","sticky":false,"template":"","format":"standard","meta":{"footnotes":""},"categories":[3],"tags":[],"class_list":["post-678","post","type-post","status-publish","format-standard","hentry","category-noticias"],"_links":{"self":[{"href":"https:\/\/hostnetart.com.br\/baixada\/wp-json\/wp\/v2\/posts\/678","targetHints":{"allow":["GET"]}}],"collection":[{"href":"https:\/\/hostnetart.com.br\/baixada\/wp-json\/wp\/v2\/posts"}],"about":[{"href":"https:\/\/hostnetart.com.br\/baixada\/wp-json\/wp\/v2\/types\/post"}],"author":[{"embeddable":true,"href":"https:\/\/hostnetart.com.br\/baixada\/wp-json\/wp\/v2\/users\/1"}],"replies":[{"embeddable":true,"href":"https:\/\/hostnetart.com.br\/baixada\/wp-json\/wp\/v2\/comments?post=678"}],"version-history":[{"count":0,"href":"https:\/\/hostnetart.com.br\/baixada\/wp-json\/wp\/v2\/posts\/678\/revisions"}],"wp:attachment":[{"href":"https:\/\/hostnetart.com.br\/baixada\/wp-json\/wp\/v2\/media?parent=678"}],"wp:term":[{"taxonomy":"category","embeddable":true,"href":"https:\/\/hostnetart.com.br\/baixada\/wp-json\/wp\/v2\/categories?post=678"},{"taxonomy":"post_tag","embeddable":true,"href":"https:\/\/hostnetart.com.br\/baixada\/wp-json\/wp\/v2\/tags?post=678"}],"curies":[{"name":"wp","href":"https:\/\/api.w.org\/{rel}","templated":true}]}}