{"id":6778,"date":"2019-05-28T13:37:12","date_gmt":"2019-05-28T16:37:12","guid":{"rendered":"https:\/\/hostnetart.com.br\/baixada\/estudantes-confirmam-atos-em-brasilia-e-23-capitais-contra-cortes-na-educacao-na-quinta-feira\/"},"modified":"2019-05-28T13:37:12","modified_gmt":"2019-05-28T16:37:12","slug":"estudantes-confirmam-atos-em-brasilia-e-23-capitais-contra-cortes-na-educacao-na-quinta-feira","status":"publish","type":"post","link":"https:\/\/hostnetart.com.br\/baixada\/estudantes-confirmam-atos-em-brasilia-e-23-capitais-contra-cortes-na-educacao-na-quinta-feira\/","title":{"rendered":"Estudantes confirmam atos em Bras\u00edlia e 23 capitais contra cortes na educa\u00e7\u00e3o na quinta-feira"},"content":{"rendered":"<p>Estudantes de todo o pa\u00eds saem \u00e0s ruas para a segunda mobiliza\u00e7\u00e3o contra os cortes na educa\u00e7\u00e3o do governo Bolsonaro. Eles prometem repetir os protestos\u00a0<a href=\"https:\/\/www.redebrasilatual.com.br\/politica\/2019\/05\/bolsonaro-chama-estudantes-de-idiotas-uteis-e-massa-de-manobra\/\" target=\"_blank\" rel=\"noopener noreferrer\">realizados no \u00faltimo dia 15<\/a>, que paralisaram as atividades em universidades, institutos federais e escolas p\u00fablicas e privadas em mais de 170 cidades pelo Brasil que reuniram mais de\u00a0<a href=\"https:\/\/www.redebrasilatual.com.br\/educacao\/2019\/05\/mais-de-um-milhao-de-pessoas-participam-de-mobilizacoes-em-defesa-da-educacao\/\">1 milh\u00e3o<\/a>\u00a0de participantes. As entidades estudantis j\u00e1 confirmaram atos em Bras\u00edlia e mais 23 capitais do pa\u00eds (confira abaixo) na pr\u00f3xima quinta-feira (30). As a\u00e7\u00f5es tamb\u00e9m devem servir para acumular for\u00e7as para a greve geral do dia 14 de junho contra a proposta de\u00a0<a href=\"https:\/\/www.redebrasilatual.com.br\/destaques\/2019\/05\/reforma-da-previdencia-tem-que-ser-ingenuo-e-desinformado-para-acreditar-na-proposta-do-governo\/\">reforma da Previd\u00eancia<\/a>.<\/p>\n<p>Na semana passada, o governo rep\u00f4s nos investimentos da educa\u00e7\u00e3o R$ 1,58 bilh\u00e3o, mas os cortes ainda alcan\u00e7am R$ 4,25 bilh\u00f5es, o que ainda amea\u00e7a inviabilizar o funcionamento de universidades e institutos federais no pr\u00f3ximo ano. Al\u00e9m da reposi\u00e7\u00e3o insuficiente, os estudantes apontam outros ataques \u00e0 educa\u00e7\u00e3o que se somam aos cortes e motivam as mobiliza\u00e7\u00f5es.<\/p>\n<p>No dia seguinte \u00e0s grandes mobiliza\u00e7\u00f5es, o governo Bolsonaro editou decreto\u00a0que altera regras sobre escolha de dirigentes universit\u00e1rios, que dever\u00e3o agora contar com o aval dos ministros da Casa Civil e da Secretaria Geral da Presid\u00eancia da Rep\u00fablica. Para os estudantes, a as indica\u00e7\u00f5es nas m\u00e3os do governo\u00a0ferem diretamente a autonomia e a democracia universit\u00e1ria.<\/p>\n<p>Tamb\u00e9m no mesmo dia, o governo Bolsonaro\u00a0<a href=\"https:\/\/www.redebrasilatual.com.br\/educacao\/2019\/05\/inscricao-para-o-enem-2019-se-encerra-nesta-sexta-feira\/\">demitiu mais um presidente<\/a>\u00a0do\u00a0Instituto Nacional de Estudos e Pesquisas Educacionais An\u00edsio Teixeira (Inep), \u00f3rg\u00e3o respons\u00e1vel pelo Enem. Elmer Vicenzi, que ocupava o cargo, foi afastado ap\u00f3s\u00a0contrariar o pedido do Minist\u00e9rio da Educa\u00e7\u00e3o (MEC) para usar dados sigilosos de alunos na emiss\u00e3o de uma nova carteira estudantil. A a\u00e7\u00e3o foi vista como uma tentativa de retalia\u00e7\u00e3o contra as entidades estudantis.<\/p>\n<p>J\u00e1 na semana passada, os presidentes da Uni\u00e3o Nacional dos Estudantes (UNE) e da Uni\u00e3o Brasileira dos Estudantes Secundaristas (Ubes) foram\u00a0<a href=\"https:\/\/www.redebrasilatual.com.br\/destaques\/2019\/05\/ministro-de-bolsonaro-weintraub-recusa-dialogo-com-estudantes\/\">agredidos e impedidos<\/a>\u00a0de falar em audi\u00eancia p\u00fablica da C\u00e2mara dos Deputados que recebia o ministro da Educa\u00e7\u00e3o, Abraham Weintraub, respons\u00e1vel pelos cortes.<\/p>\n<p>A UNE, a Ubes e a Associa\u00e7\u00e3o Nacional de P\u00f3s-Graduandos (ANPG) convocam a todos e todas estudantes a ir \u00e0s ruas na pr\u00f3xima quinta (30) portando suas suas produ\u00e7\u00f5es acad\u00eamicas e materiais de estudo como s\u00edmbolos da luta em defesa da educa\u00e7\u00e3o.<\/p>\n<p>Confira a programa\u00e7\u00e3o fechada at\u00e9 esta segunda-feira (27) dos atos do #30M<\/p>\n<div id=\"attachment_358742\" class=\"wp-caption alignleft\"><img fetchpriority=\"high\" decoding=\"async\" class=\"wp-image-358742 size-full\" title=\"Programa\u00e7\u00e3o atos #30M\" src=\"https:\/\/www.redebrasilatual.com.br\/wp-content\/uploads\/2019\/05\/une-programac%CC%A7a%CC%83o.jpg\" sizes=\"(max-width: 780px) 100vw, 780px\" srcset=\"https:\/\/www.redebrasilatual.com.br\/wp-content\/uploads\/2019\/05\/une-programac\u0327a\u0303o.jpg 780w, https:\/\/www.redebrasilatual.com.br\/wp-content\/uploads\/2019\/05\/une-programac\u0327a\u0303o-150x150.jpg 150w, https:\/\/www.redebrasilatual.com.br\/wp-content\/uploads\/2019\/05\/une-programac\u0327a\u0303o-300x300.jpg 300w, https:\/\/www.redebrasilatual.com.br\/wp-content\/uploads\/2019\/05\/une-programac\u0327a\u0303o-768x768.jpg 768w, https:\/\/www.redebrasilatual.com.br\/wp-content\/uploads\/2019\/05\/une-programac\u0327a\u0303o-585x585.jpg 585w\" alt=\"Reprodu\u00e7\u00e3o\" width=\"780\" height=\"780\" \/><\/p>\n<p class=\"wp-caption-text\">Acompanhe e participe dos atos de sua cidade ou de sua regi\u00e3o<\/p>\n<\/div>\n<p>\u00a0<\/p>\n<p>\u00a0<\/p>\n<p><strong>\u00a0Fonte: Rede Brasil Atual<\/strong><\/p>\n","protected":false},"excerpt":{"rendered":"<p>Estudantes de todo o pa\u00eds saem \u00e0s ruas para a segunda mobiliza\u00e7\u00e3o contra os cortes na educa\u00e7\u00e3o do governo Bolsonaro. Eles prometem repetir os protestos\u00a0realizados no \u00faltimo dia 15, que paralisaram as atividades em universidades, institutos federais e escolas p\u00fablicas e privadas em mais de 170 cidades pelo Brasil que reuniram mais de\u00a01 milh\u00e3o\u00a0de participantes. [&hellip;]<\/p>\n","protected":false},"author":2,"featured_media":6777,"comment_status":"","ping_status":"","sticky":false,"template":"","format":"standard","meta":{"footnotes":""},"categories":[3],"tags":[],"class_list":["post-6778","post","type-post","status-publish","format-standard","has-post-thumbnail","hentry","category-noticias"],"_links":{"self":[{"href":"https:\/\/hostnetart.com.br\/baixada\/wp-json\/wp\/v2\/posts\/6778","targetHints":{"allow":["GET"]}}],"collection":[{"href":"https:\/\/hostnetart.com.br\/baixada\/wp-json\/wp\/v2\/posts"}],"about":[{"href":"https:\/\/hostnetart.com.br\/baixada\/wp-json\/wp\/v2\/types\/post"}],"author":[{"embeddable":true,"href":"https:\/\/hostnetart.com.br\/baixada\/wp-json\/wp\/v2\/users\/2"}],"replies":[{"embeddable":true,"href":"https:\/\/hostnetart.com.br\/baixada\/wp-json\/wp\/v2\/comments?post=6778"}],"version-history":[{"count":0,"href":"https:\/\/hostnetart.com.br\/baixada\/wp-json\/wp\/v2\/posts\/6778\/revisions"}],"wp:featuredmedia":[{"embeddable":true,"href":"https:\/\/hostnetart.com.br\/baixada\/wp-json\/wp\/v2\/media\/6777"}],"wp:attachment":[{"href":"https:\/\/hostnetart.com.br\/baixada\/wp-json\/wp\/v2\/media?parent=6778"}],"wp:term":[{"taxonomy":"category","embeddable":true,"href":"https:\/\/hostnetart.com.br\/baixada\/wp-json\/wp\/v2\/categories?post=6778"},{"taxonomy":"post_tag","embeddable":true,"href":"https:\/\/hostnetart.com.br\/baixada\/wp-json\/wp\/v2\/tags?post=6778"}],"curies":[{"name":"wp","href":"https:\/\/api.w.org\/{rel}","templated":true}]}}