{"id":6776,"date":"2019-05-28T13:26:14","date_gmt":"2019-05-28T16:26:14","guid":{"rendered":"https:\/\/hostnetart.com.br\/baixada\/agencias-do-santander-permaneceram-fechadas-no-sabado\/"},"modified":"2019-05-28T13:26:14","modified_gmt":"2019-05-28T16:26:14","slug":"agencias-do-santander-permaneceram-fechadas-no-sabado","status":"publish","type":"post","link":"https:\/\/hostnetart.com.br\/baixada\/agencias-do-santander-permaneceram-fechadas-no-sabado\/","title":{"rendered":"Ag\u00eancias do Santander permaneceram fechadas no s\u00e1bado"},"content":{"rendered":"<p>Pelo\u00a0<a href=\"https:\/\/contrafcut.com.br\/noticias\/mais-um-sabado-de-resistencia-no-santander\/\" target=\"_blank\" rel=\"noopener noreferrer\">quarto s\u00e1bado consecutivo<\/a>, sindicatos dos banc\u00e1rios de todo o pa\u00eds protestaram contra a tentativa do banco Santander abrir 29 de suas ag\u00eancias aos s\u00e1bados. Mais uma vez, as ag\u00eancias permaneceram fechadas neste \u00faltimo s\u00e1bado (25).<\/p>\n<p>\u201cO banco tem for\u00e7ado a abertura das ag\u00eancias, com a utiliza\u00e7\u00e3o de meios jur\u00eddicos para impedir a a\u00e7\u00e3o sindical. Neste s\u00e1bado tamb\u00e9m percebemos o aumento do aparato policial. Mas, as ag\u00eancias ficam \u00e0s moscas, apenas com os empregados \u2018volunt\u00e1rios\u2019, que logo s\u00e3o dispensados pela chefia por n\u00e3o ter o que fazerem\u201d, disse o secret\u00e1rio de Assuntos Socioecon\u00f4micos da Confedera\u00e7\u00e3o Nacional dos Trabalhadores do Ramo Financeiro (Contraf-CUT), Mario Raia, que \u00e9 funcion\u00e1rio do Santander.<\/p>\n<p>Para impedir a a\u00e7\u00e3o dos sindicatos, o banco tem entrado com pedido de interdito proibit\u00f3rio, um instrumento processual criado durante a ditadura militar, que visa proteger a posse de um bem, m\u00f3vel ou im\u00f3vel, contra a\u00e7\u00f5es que molestem, dificultem, ou impe\u00e7am o exerc\u00edcio do direito de posse deste bem.<\/p>\n<p>\u201cPara n\u00f3s, trata-se de uma pr\u00e1tica antissindical. Na maioria dos casos\u00a0<a href=\"https:\/\/www.sindbancarios.org.br\/index.php\/liminar-suspende-interdito-do-santander\/\" target=\"_blank\" rel=\"noopener noreferrer\">a Justi\u00e7a tem negado o pedido do banco<\/a>, uma vez que n\u00e3o estamos impedindo o direito de posse ou uso. Estamos apenas exercendo nossa a\u00e7\u00e3o sindical, que \u00e9 garantida pela Constitui\u00e7\u00e3o\u201d, criticou Mario.<\/p>\n<p>Os dirigentes t\u00eam permanecido\u00a0<a href=\"https:\/\/contrafcut.com.br\/fotos\/santandersabadonao-4o-dia\/\" target=\"_blank\" rel=\"noopener noreferrer\">na frente das ag\u00eancias<\/a>\u00a0para esclarecer os funcion\u00e1rios \u201cvolunt\u00e1rios\u201d sobre os riscos aos quais ficam expostos ao trabalhar \u201cvoluntariamente\u201d para seu pr\u00f3prio empregador aos s\u00e1bados e informar a popula\u00e7\u00e3o sobre as tarifas e juros cobrados pelo banco.<\/p>\n<p>Em Niter\u00f3i, por exemplo, o sindicato de\u00a0<a href=\"http:\/\/www.bancariosnit.org.br\/\" target=\"_blank\" rel=\"noopener noreferrer\">Niter\u00f3i e regi\u00e3o<\/a>\u00a0se juntou com o de\u00a0<a href=\"http:\/\/bancariosdecampos.org.br\/\" target=\"_blank\" rel=\"noopener noreferrer\">Campos dos Goytacazes e regi\u00e3o<\/a>\u00a0e, ap\u00f3s os \u201cvolunt\u00e1rios\u201d serem dispensados, fizeram uma atividade cultural, com apresenta\u00e7\u00f5es da bateria e passistas da Escola de Samba Unidos do Porto da Pedra.<\/p>\n<h3><strong>Taxas e tarifas<\/strong><\/h3>\n<p>A legisla\u00e7\u00e3o brasileira pro\u00edbe a atividade banc\u00e1ria aos s\u00e1bados, domingos e feriados. \u201cO banco espanhol tem usado a desculpa de que se trata de \u201ctrabalho volunt\u00e1rio\u201d e que n\u00e3o h\u00e1 funcionamento da ag\u00eancia, mas apenas \u2018orienta\u00e7\u00e3o financeira\u2019. Mas, nunca vimos trabalho volunt\u00e1rio para seu pr\u00f3prio empregador. Isso tem outro nome. Al\u00e9m disso, se o banco quer ajudar a popula\u00e7\u00e3o a reduzir seu endividamento, teria que come\u00e7ar com a redu\u00e7\u00e3o de suas taxas e tarifas. O banco cobra muito mais dos brasileiros do que dos clientes de sua sede na Espanha e de outros pa\u00edses\u201d, observou o dirigente da Contraf-CUT, lembrando da\u00a0<a href=\"https:\/\/www.conversaafiada.com.br\/economia\/jb-denuncia-a-agiotagem-legalizada\" target=\"_blank\" rel=\"noopener noreferrer\">reportagem publicada pelo Jornal do Brasil<\/a>, a qual mostra que o banco cobra at\u00e9 1.761% a mais dos brasileiros do que dos espanh\u00f3is pelos mesmos servi\u00e7os realizados. A reportagem mostra tamb\u00e9m que, em empr\u00e9stimos, o\u00a0<a href=\"https:\/\/contrafcut.com.br\/noticias\/santander-explora-brasileiros-1e4b\/\" target=\"_blank\" rel=\"noopener noreferrer\">banco chega a cobrar at\u00e9 20 vezes mais dos brasileiros do que dos espanh\u00f3is<\/a>.<\/p>\n<h3><strong>Nas ruas e nas redes<\/strong><\/h3>\n<p>As a\u00e7\u00f5es dos sindicatos continuam ganhando as redes sociais. Utilizando a hashtag #SantanderS\u00e1badoN\u00e3o, banc\u00e1rios postam fotos das atividades em frente \u00e0s ag\u00eancias e explicam o porqu\u00ea do banco n\u00e3o poder abrir aos s\u00e1bados. Al\u00e9m denunciar que o \u201cvoluntariado\u201d \u00e9 for\u00e7ado e que existem segundas inten\u00e7\u00f5es na \u201corienta\u00e7\u00e3o\u201d que o banco quer dar.<\/p>\n<p><strong>Fonte:<\/strong>\u00a0<strong>Contraf-CUT<\/strong><\/p>\n","protected":false},"excerpt":{"rendered":"<p>Pelo\u00a0quarto s\u00e1bado consecutivo, sindicatos dos banc\u00e1rios de todo o pa\u00eds protestaram contra a tentativa do banco Santander abrir 29 de suas ag\u00eancias aos s\u00e1bados. Mais uma vez, as ag\u00eancias permaneceram fechadas neste \u00faltimo s\u00e1bado (25). \u201cO banco tem for\u00e7ado a abertura das ag\u00eancias, com a utiliza\u00e7\u00e3o de meios jur\u00eddicos para impedir a a\u00e7\u00e3o sindical. Neste [&hellip;]<\/p>\n","protected":false},"author":2,"featured_media":6775,"comment_status":"","ping_status":"","sticky":false,"template":"","format":"standard","meta":{"footnotes":""},"categories":[3],"tags":[],"class_list":["post-6776","post","type-post","status-publish","format-standard","has-post-thumbnail","hentry","category-noticias"],"_links":{"self":[{"href":"https:\/\/hostnetart.com.br\/baixada\/wp-json\/wp\/v2\/posts\/6776","targetHints":{"allow":["GET"]}}],"collection":[{"href":"https:\/\/hostnetart.com.br\/baixada\/wp-json\/wp\/v2\/posts"}],"about":[{"href":"https:\/\/hostnetart.com.br\/baixada\/wp-json\/wp\/v2\/types\/post"}],"author":[{"embeddable":true,"href":"https:\/\/hostnetart.com.br\/baixada\/wp-json\/wp\/v2\/users\/2"}],"replies":[{"embeddable":true,"href":"https:\/\/hostnetart.com.br\/baixada\/wp-json\/wp\/v2\/comments?post=6776"}],"version-history":[{"count":0,"href":"https:\/\/hostnetart.com.br\/baixada\/wp-json\/wp\/v2\/posts\/6776\/revisions"}],"wp:featuredmedia":[{"embeddable":true,"href":"https:\/\/hostnetart.com.br\/baixada\/wp-json\/wp\/v2\/media\/6775"}],"wp:attachment":[{"href":"https:\/\/hostnetart.com.br\/baixada\/wp-json\/wp\/v2\/media?parent=6776"}],"wp:term":[{"taxonomy":"category","embeddable":true,"href":"https:\/\/hostnetart.com.br\/baixada\/wp-json\/wp\/v2\/categories?post=6776"},{"taxonomy":"post_tag","embeddable":true,"href":"https:\/\/hostnetart.com.br\/baixada\/wp-json\/wp\/v2\/tags?post=6776"}],"curies":[{"name":"wp","href":"https:\/\/api.w.org\/{rel}","templated":true}]}}