{"id":6766,"date":"2019-05-27T18:20:56","date_gmt":"2019-05-27T21:20:56","guid":{"rendered":"https:\/\/hostnetart.com.br\/baixada\/emprego-e-saude-sao-as-pautas-da-reuniao-com-o-itau\/"},"modified":"2019-05-27T18:20:56","modified_gmt":"2019-05-27T21:20:56","slug":"emprego-e-saude-sao-as-pautas-da-reuniao-com-o-itau","status":"publish","type":"post","link":"https:\/\/hostnetart.com.br\/baixada\/emprego-e-saude-sao-as-pautas-da-reuniao-com-o-itau\/","title":{"rendered":"Emprego e sa\u00fade s\u00e3o as pautas da reuni\u00e3o com o Ita\u00fa"},"content":{"rendered":"<div class=\"elementor-element elementor-element-194680ec elementor-widget elementor-widget-theme-post-content\" data-id=\"194680ec\" data-element_type=\"widget\" data-widget_type=\"theme-post-content.default\">\n<div class=\"elementor-widget-container\">\n<p>Os banc\u00e1rios do Ita\u00fa foram cobrar a dire\u00e7\u00e3o do banco sobre a informa\u00e7\u00e3o que ganhou o notici\u00e1rio nas \u00faltimas semanas de que <a href=\"https:\/\/br.reuters.com\/article\/idBRKCN1SJ24R-OBRTP\" target=\"_blank\" rel=\"noopener noreferrer\">400 ag\u00eancias seriam fechadas<\/a> em todo o Brasil. A institui\u00e7\u00e3o garantiu que a informa\u00e7\u00e3o n\u00e3o \u00e9 verdadeira e manteve os dados passados no <a href=\"https:\/\/contrafcut.com.br\/noticias\/contraf-cut-cobra-garantia-de-emprego-do-itau\/\" target=\"_blank\" rel=\"noopener noreferrer\">\u00faltimo encontro<\/a>. At\u00e9 a data da reuni\u00e3o, houve 86 fechamentos de ag\u00eancias no Brasil, que envolveram 501 funcion\u00e1rios. Desses, foram realocados 460 trabalhadores e 41 foram demitidos.<\/p>\n<p>Quanto \u00e0 cobran\u00e7a de garantia de emprego, o banco informou que 94% dos trabalhadores foram realocados e que n\u00e3o pretende demitir os funcion\u00e1rios. \u201cN\u00f3s queremos garantia que esses trabalhadores n\u00e3o ser\u00e3o demitidos. Vamos acompanhar a realoca\u00e7\u00e3o para que os trabalhadores n\u00e3o sejam prejudicados com o aumento da dist\u00e2ncia do seu deslocamento de casa para o trabalho\u201d, afirmou Jair Alves, coordenador.<\/p>\n<figure class=\"wp-block-image\"><img decoding=\"async\" class=\"wp-image-270819 lazyloaded\" src=\"https:\/\/contrafcut.com.br\/wp-content\/uploads\/2019\/05\/whatsapp-image-2019-05-24-at-19-56-36.jpeg?x51215\" sizes=\"(max-width: 1152px) 100vw, 1152px\" srcset=\"https:\/\/contrafcut.com.br\/wp-content\/uploads\/2019\/05\/whatsapp-image-2019-05-24-at-19-56-36.jpeg 1152w, https:\/\/contrafcut.com.br\/wp-content\/uploads\/2019\/05\/whatsapp-image-2019-05-24-at-19-56-36-307x230.jpeg 307w, https:\/\/contrafcut.com.br\/wp-content\/uploads\/2019\/05\/whatsapp-image-2019-05-24-at-19-56-36-768x576.jpeg 768w\" alt=\"\" data-lazy-srcset=\"https:\/\/contrafcut.com.br\/wp-content\/uploads\/2019\/05\/whatsapp-image-2019-05-24-at-19-56-36.jpeg 1152w, https:\/\/contrafcut.com.br\/wp-content\/uploads\/2019\/05\/whatsapp-image-2019-05-24-at-19-56-36-307x230.jpeg 307w, https:\/\/contrafcut.com.br\/wp-content\/uploads\/2019\/05\/whatsapp-image-2019-05-24-at-19-56-36-768x576.jpeg 768w\" data-lazy-sizes=\"(max-width: 1152px) 100vw, 1152px\" data-lazy-src=\"https:\/\/contrafcut.com.br\/wp-content\/uploads\/2019\/05\/whatsapp-image-2019-05-24-at-19-56-36.jpeg?x51215\" data-was-processed=\"true\" \/><\/figure>\n<p>O encontro tamb\u00e9m marcou o retorno do Grupo de Trabalho de Sa\u00fade, que foi interrompido na \u00e9poca do Campanha Nacional 2018. O primeiro tema debatido foi a cl\u00e1usula 29, que \u00e9 a complementa\u00e7\u00e3o do aux\u00edlio doen\u00e7a previdenci\u00e1rio e o aux\u00edlio acident\u00e1rio. Os banc\u00e1rios reivindicam que os afastados possam pagar a d\u00edvida de forma parcelada. <\/p>\n<p>O banco apresentou uma nova metodologia que j\u00e1 vem aplicando h\u00e1 algum tempo de retirar a d\u00edvida da complementa\u00e7\u00e3o da conta do trabalhador em at\u00e9 tr\u00eas vezes, caso n\u00e3o tenha o valor todo dispon\u00edvel, para n\u00e3o deixar a conta negativada. \u201cN\u00f3s achamos que isso \u00e9 insuficiente. Esta f\u00f3rmula n\u00e3o \u00e9 um parcelamento \u00e9 s\u00f3 uma medida para tentar n\u00e3o negativar a conta, por\u00e9m, n\u00e3o funcionar\u00e1 para todos. N\u00f3s queremos a op\u00e7\u00e3o de parcelamento\u201d, explica Adma Gomes, coordenadora do GT de Sa\u00fade. O assunto volta \u00e0 pauta na pr\u00f3xima reuni\u00e3o.<\/p>\n<p>O banco atendeu a pedido de explica\u00e7\u00f5es dos banc\u00e1rios e apresentou o programa de acompanhamento dos licenciados que \u00e9 conduzido por assistentes sociais que fica dentro do Fique OK e o programa de avalia\u00e7\u00e3o cl\u00ednica complementar, implementados nas cidades de S\u00e3o Paulo, Rio de Janeiro, Salvador, Recife, Porto Alegre e Curitiba. Nele, os trabalhadores com atestado de afastamento acima de 4 dias, s\u00e3o abrigados a se apresentar ao m\u00e9dico do trabalho do banco para fazer uma revalida\u00e7\u00e3o do atestado.<\/p>\n<p>\u201cNotamos que em alguns lugares que o banco implementou, o atendimento tem melhorado. Por\u00e9m, o movimento sindical \u00e9 contra o sistema de revalida\u00e7\u00e3o de atestados. J\u00e1 que o m\u00e9dico que acompanha o trabalhador \u00e9 o que de fato conhece o caso. Sabemos de casos em que o m\u00e9dico do banco diminuiu os dias de afastamento dados pelo m\u00e9dico inicial do caso. Isto n\u00e3o faz bem aos trabalhadores, pois eles s\u00e3o obrigados a voltar para o ambiente que o adoeceu antes da hora\u201d, explicou Adma.<\/p>\n<p>Em rela\u00e7\u00e3o ao programa de readapta\u00e7\u00e3o do banco os banc\u00e1rios reivindicam a volta das negocia\u00e7\u00f5es para adequar o programa. \u201cN\u00f3s queremos que as condi\u00e7\u00f5es de trabalho tamb\u00e9m sejam alteradas no retorno, para que o trabalhador n\u00e3o sofra novamente com o mesmo problema\u201d, disse a coordenadora do GT.<\/p>\n<p>Foi cobrado do banco ainda a solu\u00e7\u00e3o para os problemas na entrega dos documentos do afastamento. Foi debatida a possibilidade da implementa\u00e7\u00e3o da entrega desses documentos na plataforma do IU Conecta para diminuir os problemas. Os representantes dos trabalhadores cobraram ainda a defini\u00e7\u00e3o de calend\u00e1rio para as reuni\u00f5es do GT. A ideia \u00e9 fazer reuni\u00f5es peri\u00f3dicas para avan\u00e7ar os temas em debate.<\/p>\n<p><strong>Fonte: Contraf-CUT<\/strong><\/p>\n<\/div>\n<\/div>\n","protected":false},"excerpt":{"rendered":"<p>Os banc\u00e1rios do Ita\u00fa foram cobrar a dire\u00e7\u00e3o do banco sobre a informa\u00e7\u00e3o que ganhou o notici\u00e1rio nas \u00faltimas semanas de que 400 ag\u00eancias seriam fechadas em todo o Brasil. A institui\u00e7\u00e3o garantiu que a informa\u00e7\u00e3o n\u00e3o \u00e9 verdadeira e manteve os dados passados no \u00faltimo encontro. At\u00e9 a data da reuni\u00e3o, houve 86 fechamentos [&hellip;]<\/p>\n","protected":false},"author":2,"featured_media":6765,"comment_status":"","ping_status":"","sticky":false,"template":"","format":"standard","meta":{"footnotes":""},"categories":[3],"tags":[],"class_list":["post-6766","post","type-post","status-publish","format-standard","has-post-thumbnail","hentry","category-noticias"],"_links":{"self":[{"href":"https:\/\/hostnetart.com.br\/baixada\/wp-json\/wp\/v2\/posts\/6766","targetHints":{"allow":["GET"]}}],"collection":[{"href":"https:\/\/hostnetart.com.br\/baixada\/wp-json\/wp\/v2\/posts"}],"about":[{"href":"https:\/\/hostnetart.com.br\/baixada\/wp-json\/wp\/v2\/types\/post"}],"author":[{"embeddable":true,"href":"https:\/\/hostnetart.com.br\/baixada\/wp-json\/wp\/v2\/users\/2"}],"replies":[{"embeddable":true,"href":"https:\/\/hostnetart.com.br\/baixada\/wp-json\/wp\/v2\/comments?post=6766"}],"version-history":[{"count":0,"href":"https:\/\/hostnetart.com.br\/baixada\/wp-json\/wp\/v2\/posts\/6766\/revisions"}],"wp:featuredmedia":[{"embeddable":true,"href":"https:\/\/hostnetart.com.br\/baixada\/wp-json\/wp\/v2\/media\/6765"}],"wp:attachment":[{"href":"https:\/\/hostnetart.com.br\/baixada\/wp-json\/wp\/v2\/media?parent=6766"}],"wp:term":[{"taxonomy":"category","embeddable":true,"href":"https:\/\/hostnetart.com.br\/baixada\/wp-json\/wp\/v2\/categories?post=6766"},{"taxonomy":"post_tag","embeddable":true,"href":"https:\/\/hostnetart.com.br\/baixada\/wp-json\/wp\/v2\/tags?post=6766"}],"curies":[{"name":"wp","href":"https:\/\/api.w.org\/{rel}","templated":true}]}}