{"id":6754,"date":"2019-05-23T17:44:07","date_gmt":"2019-05-23T20:44:07","guid":{"rendered":"https:\/\/hostnetart.com.br\/baixada\/bancarios-debatem-saude-e-emprego-com-o-itau\/"},"modified":"2019-05-23T17:44:07","modified_gmt":"2019-05-23T20:44:07","slug":"bancarios-debatem-saude-e-emprego-com-o-itau","status":"publish","type":"post","link":"https:\/\/hostnetart.com.br\/baixada\/bancarios-debatem-saude-e-emprego-com-o-itau\/","title":{"rendered":"Banc\u00e1rios debatem sa\u00fade e emprego com o Ita\u00fa"},"content":{"rendered":"<p>Os banc\u00e1rios de Ita\u00fa se re\u00fanem, nesta quinta-feira (23), com o banco para discutir Sa\u00fade e Emprego. O encontro marca o retorno das reuni\u00f5es do Grupo de Trabalho (GT) de Sa\u00fade. \u201cEsta \u00e9 uma reivindica\u00e7\u00e3o antiga dos trabalhadores. Neste espa\u00e7o conquistamos avan\u00e7o importante, como o desconto das metas no per\u00edodo de f\u00e9rias dos funcion\u00e1rios\u201d, lembrou a coordenadora do Grupo de Trabalho (GT) de Sa\u00fade e Condi\u00e7\u00f5es de Trabalho do Ita\u00fa, Adma Gomes.<\/p>\n<p>O tema \u00e9 um dos assuntos da edi\u00e7\u00e3o do\u00a0<a href=\"https:\/\/contrafcut.com.br\/publicacoes\/jornal-itaunido\/\" target=\"_blank\" rel=\"noopener noreferrer\">Jornal Itaunido, dispon\u00edvel no site da Contraf-CUT<\/a>, para ser<a href=\"https:\/\/contrafcut.com.br\/noticias\/contraf-cut-disponibiliza-jornal-itaunido\/\" target=\"_blank\" rel=\"noopener noreferrer\">usada como material de apoio nas manifesta\u00e7\u00f5es<\/a>, que devem acontecer por todo o Brasil, nas pr\u00f3ximas semanas, contra o fechamento das ag\u00eancias do Ita\u00fa.<\/p>\n<p><a href=\"https:\/\/contrafcut.com.br\/noticias\/contraf-cut-cobra-garantia-de-emprego-do-itau\/\" target=\"_blank\" rel=\"noopener noreferrer\">Na \u00faltima reuni\u00e3o, realizada no dia 7 de maio<\/a>, a dire\u00e7\u00e3o da institui\u00e7\u00e3o passou as informa\u00e7\u00f5es das ag\u00eancias fechadas at\u00e9 ent\u00e3o e as realoca\u00e7\u00f5es feitas nestes casos. Agora, al\u00e9m da atualiza\u00e7\u00e3o destes n\u00fameros, ser\u00e1 aberto o debate em cima das demiss\u00f5es.<\/p>\n<p>\u201cUm banco que<a href=\"https:\/\/pr.cut.org.br\/noticias\/itau-lucra-r-25-733-bilhoes-em-2018-a847\" target=\"_blank\" rel=\"noopener noreferrer\">\u00a0lucra<\/a>\u00a0<a href=\"https:\/\/contrafcut.com.br\/noticias\/lucro-do-itau-chega-a-r-69-bi-no-1o-trimestre-de-2019\/\" target=\"_blank\" rel=\"noopener noreferrer\">quase 7 bilh\u00f5es de reais<\/a>\u00a0num trimestre n\u00e3o pode demitir funcion\u00e1rios. A l\u00f3gica tem que ser inversa, contrata\u00e7\u00f5es, para melhor as condi\u00e7\u00f5es de trabalho e o atendimento \u00e0 popula\u00e7\u00e3o, que j\u00e1 foi prejudicada com o fechamento das ag\u00eancias\u201d, afirmou Jair Alves, coordenador da Comiss\u00e3o de Organiza\u00e7\u00e3o dos Empregados (COE) do Ita\u00fa.<\/p>\n<p><strong>Fonte: Contraf-CUT<\/strong><\/p>\n","protected":false},"excerpt":{"rendered":"<p>Os banc\u00e1rios de Ita\u00fa se re\u00fanem, nesta quinta-feira (23), com o banco para discutir Sa\u00fade e Emprego. O encontro marca o retorno das reuni\u00f5es do Grupo de Trabalho (GT) de Sa\u00fade. \u201cEsta \u00e9 uma reivindica\u00e7\u00e3o antiga dos trabalhadores. Neste espa\u00e7o conquistamos avan\u00e7o importante, como o desconto das metas no per\u00edodo de f\u00e9rias dos funcion\u00e1rios\u201d, lembrou [&hellip;]<\/p>\n","protected":false},"author":2,"featured_media":6753,"comment_status":"","ping_status":"","sticky":false,"template":"","format":"standard","meta":{"footnotes":""},"categories":[3],"tags":[],"class_list":["post-6754","post","type-post","status-publish","format-standard","has-post-thumbnail","hentry","category-noticias"],"_links":{"self":[{"href":"https:\/\/hostnetart.com.br\/baixada\/wp-json\/wp\/v2\/posts\/6754","targetHints":{"allow":["GET"]}}],"collection":[{"href":"https:\/\/hostnetart.com.br\/baixada\/wp-json\/wp\/v2\/posts"}],"about":[{"href":"https:\/\/hostnetart.com.br\/baixada\/wp-json\/wp\/v2\/types\/post"}],"author":[{"embeddable":true,"href":"https:\/\/hostnetart.com.br\/baixada\/wp-json\/wp\/v2\/users\/2"}],"replies":[{"embeddable":true,"href":"https:\/\/hostnetart.com.br\/baixada\/wp-json\/wp\/v2\/comments?post=6754"}],"version-history":[{"count":0,"href":"https:\/\/hostnetart.com.br\/baixada\/wp-json\/wp\/v2\/posts\/6754\/revisions"}],"wp:featuredmedia":[{"embeddable":true,"href":"https:\/\/hostnetart.com.br\/baixada\/wp-json\/wp\/v2\/media\/6753"}],"wp:attachment":[{"href":"https:\/\/hostnetart.com.br\/baixada\/wp-json\/wp\/v2\/media?parent=6754"}],"wp:term":[{"taxonomy":"category","embeddable":true,"href":"https:\/\/hostnetart.com.br\/baixada\/wp-json\/wp\/v2\/categories?post=6754"},{"taxonomy":"post_tag","embeddable":true,"href":"https:\/\/hostnetart.com.br\/baixada\/wp-json\/wp\/v2\/tags?post=6754"}],"curies":[{"name":"wp","href":"https:\/\/api.w.org\/{rel}","templated":true}]}}