{"id":6752,"date":"2019-05-23T17:43:05","date_gmt":"2019-05-23T20:43:05","guid":{"rendered":"https:\/\/hostnetart.com.br\/baixada\/flexibilizacao-de-armas-de-fogo-deve-aumentar-casos-de-acidentes-com-criancas\/"},"modified":"2019-05-23T17:43:05","modified_gmt":"2019-05-23T20:43:05","slug":"flexibilizacao-de-armas-de-fogo-deve-aumentar-casos-de-acidentes-com-criancas","status":"publish","type":"post","link":"https:\/\/hostnetart.com.br\/baixada\/flexibilizacao-de-armas-de-fogo-deve-aumentar-casos-de-acidentes-com-criancas\/","title":{"rendered":"Flexibiliza\u00e7\u00e3o de armas de fogo deve aumentar casos de acidentes com crian\u00e7as"},"content":{"rendered":"<p>No Brasil, a cada tr\u00eas dias, uma crian\u00e7a \u00e9 internada por\u00a0<strong>acidente com arma de fogo<\/strong>. Dados do Minist\u00e9rio da Sa\u00fade mostram que, entre 2015 e 2018, houve 518 interna\u00e7\u00f5es de crian\u00e7as e adolescentes de at\u00e9 14 anos por esse motivo. Uma realidade que, segundo a coordenadora de projetos do\u00a0<a href=\"http:\/\/www.soudapaz.org\/\">Instituto Sou da Paz<\/a>\u00a0Nat\u00e1lia Pollachi, deve aumentar no pa\u00eds a partir da facilita\u00e7\u00e3o da posse de armas permitida pelo governo de Jair\u00a0<strong>Bolsonaro<\/strong>\u00a0(PSL).<\/p>\n<p>\u201cTemos a preocupa\u00e7\u00e3o de que a maior quantidade de armas em circula\u00e7\u00e3o vai aumentar os acidentes com armas em crian\u00e7as\u201d, pondera Nat\u00e1lia, em entrevista aos jornalistas Marilu Caba\u00f1as e Glauco Faria, na\u00a0<a href=\"https:\/\/www.redebrasilatual.com.br\/radio\/\"><strong>R\u00e1dio Brasil Atual<\/strong><\/a>. \u201cA arma de fogo \u00e9 um produto controlado pelo Ex\u00e9rcito, n\u00e3o \u00e9 um t\u00eanis que basta ter dinheiro para comprar. Assim como um explosivo, n\u00e3o basta ter dinheiro e comprar s\u00f3 porque eu quero, tem que ter uma justificativa muito bem fundamentada, e a arma de fogo segue a mesma l\u00f3gica\u201d, explica.<\/p>\n<p>Al\u00e9m dos acidentes com crian\u00e7as, a coordenadora de projetos do Instituto Sou da Paz acredita que a maior facilidade para a posse e porte de armas deve tamb\u00e9m aumentar os casos de viol\u00eancia contra a mulher e os suic\u00eddios.\u00a0\u201cQualquer agress\u00e3o \u00e9 muito grave, mas se for feita com arma de fogo, a chance de sobreviv\u00eancia \u00e9 muito menor\u201d, afirma. Ela defende que pessoas com posse de arma e que estejam respondendo a processos ou sejam denunciadas por agress\u00e3o e viol\u00eancia tenham a arma apreendida. De modo semelhante, o Instituto Sou da Paz tamb\u00e9m defende que pessoas que j\u00e1 estejam respondendo a inqu\u00e9rito por agress\u00e3o ou amea\u00e7a n\u00e3o tenham acesso a arma de fogo.<\/p>\n<p>O aumento dos suic\u00eddios \u00e9 outro problema que preocupa. Para Nat\u00e1lia Pollachi, a presen\u00e7a da arma de fogo facilita a a\u00e7\u00e3o impulsiva, muitas vezes cometida pelos mais variados motivos como a perda de um emprego ou de um familiar, ou ainda em meio a um processo de depress\u00e3o. \u201cA pessoa ent\u00e3o tem a sua disposi\u00e7\u00e3o um meio quase instant\u00e2neo de cometer o ato. Facilita muito o cometimento e dificulta muito a chance de sobreviv\u00eancia.\u201d<\/p>\n<p>O decreto de Bolsonaro que flexibilizou as regras para a posse e porte de arma de fogo ainda alterou a validade do teste psicol\u00f3gico exigido, estendendo-o de cinco para 10 anos. Tal medida, para ela, \u00e9 mais um fator a facilitar o aumento de suic\u00eddios causados por arma de fogo.<\/p>\n<p>\u201c\u00c9 um per\u00edodo muito estendido, pensando-se na utilidade de um teste psicol\u00f3gico. E essa arma fica dispon\u00edvel n\u00e3o s\u00f3 ao propriet\u00e1rio, mas tamb\u00e9m a todas as pessoas na casa\u201d, explica, enfatizando que, no Brasil, tem aumentado o n\u00famero de suic\u00eddio de adolescentes.<\/p>\n<p><strong>Fonte: Rede Brasil Atual<\/strong><\/p>\n","protected":false},"excerpt":{"rendered":"<p>No Brasil, a cada tr\u00eas dias, uma crian\u00e7a \u00e9 internada por\u00a0acidente com arma de fogo. Dados do Minist\u00e9rio da Sa\u00fade mostram que, entre 2015 e 2018, houve 518 interna\u00e7\u00f5es de crian\u00e7as e adolescentes de at\u00e9 14 anos por esse motivo. Uma realidade que, segundo a coordenadora de projetos do\u00a0Instituto Sou da Paz\u00a0Nat\u00e1lia Pollachi, deve aumentar [&hellip;]<\/p>\n","protected":false},"author":2,"featured_media":6751,"comment_status":"","ping_status":"","sticky":false,"template":"","format":"standard","meta":{"footnotes":""},"categories":[3],"tags":[],"class_list":["post-6752","post","type-post","status-publish","format-standard","has-post-thumbnail","hentry","category-noticias"],"_links":{"self":[{"href":"https:\/\/hostnetart.com.br\/baixada\/wp-json\/wp\/v2\/posts\/6752","targetHints":{"allow":["GET"]}}],"collection":[{"href":"https:\/\/hostnetart.com.br\/baixada\/wp-json\/wp\/v2\/posts"}],"about":[{"href":"https:\/\/hostnetart.com.br\/baixada\/wp-json\/wp\/v2\/types\/post"}],"author":[{"embeddable":true,"href":"https:\/\/hostnetart.com.br\/baixada\/wp-json\/wp\/v2\/users\/2"}],"replies":[{"embeddable":true,"href":"https:\/\/hostnetart.com.br\/baixada\/wp-json\/wp\/v2\/comments?post=6752"}],"version-history":[{"count":0,"href":"https:\/\/hostnetart.com.br\/baixada\/wp-json\/wp\/v2\/posts\/6752\/revisions"}],"wp:featuredmedia":[{"embeddable":true,"href":"https:\/\/hostnetart.com.br\/baixada\/wp-json\/wp\/v2\/media\/6751"}],"wp:attachment":[{"href":"https:\/\/hostnetart.com.br\/baixada\/wp-json\/wp\/v2\/media?parent=6752"}],"wp:term":[{"taxonomy":"category","embeddable":true,"href":"https:\/\/hostnetart.com.br\/baixada\/wp-json\/wp\/v2\/categories?post=6752"},{"taxonomy":"post_tag","embeddable":true,"href":"https:\/\/hostnetart.com.br\/baixada\/wp-json\/wp\/v2\/tags?post=6752"}],"curies":[{"name":"wp","href":"https:\/\/api.w.org\/{rel}","templated":true}]}}