{"id":6750,"date":"2019-05-23T17:41:41","date_gmt":"2019-05-23T20:41:41","guid":{"rendered":"https:\/\/hostnetart.com.br\/baixada\/milicianos-ganham-forca-ao-controlar-mercado-imobiliario-no-rio-de-janeiro\/"},"modified":"2019-05-23T17:41:41","modified_gmt":"2019-05-23T20:41:41","slug":"milicianos-ganham-forca-ao-controlar-mercado-imobiliario-no-rio-de-janeiro","status":"publish","type":"post","link":"https:\/\/hostnetart.com.br\/baixada\/milicianos-ganham-forca-ao-controlar-mercado-imobiliario-no-rio-de-janeiro\/","title":{"rendered":"Milicianos ganham for\u00e7a ao controlar mercado imobili\u00e1rio no Rio de Janeiro"},"content":{"rendered":"<p>A atua\u00e7\u00e3o de grupos\u00a0<strong>milicianos<\/strong>\u00a0segue forte no\u00a0<strong>Rio de Janeiro<\/strong>. Segundo reportagem do jornal\u00a0<a href=\"https:\/\/oglobo.globo.com\/rio\/milicia-cria-bairro-em-iraja-cola-selo-de-contribuinte-em-casas-23683928\"><em>O Globo<\/em><\/a>, o grupo paramilitar criou uma esp\u00e9cie de bairro na zona norte da capital. A \u00e1rea residencial foi cercada por cancelas e as casas daqueles que realizam o pagamento de uma taxa de R$ 20 para seguran\u00e7a s\u00e3o marcadas com um selo sinalizando que devem ser protegidas.<\/p>\n<p>Em outro ponto da cidade, milicianos t\u00eam coagido os s\u00edndicos dos condom\u00ednios a cobrarem taxas semelhantes dos moradores sob risco de retalia\u00e7\u00e3o. Todo esse fortalecimento e a atua\u00e7\u00e3o em novas \u00e1reas do territ\u00f3rio acontecem sem uma resposta efetiva do governo estadual. O\u00a0<a href=\"https:\/\/www.redebrasilatual.com.br\/politica\/2019\/05\/nassif-witzel-precisa-ser-detido-de-helicoptero-coordena-ataques-a-populacao-de-angra\/\">governador Wilson Witzel<\/a>\u00a0(PSC) n\u00e3o apresentou qualquer plano para o combate \u00e0 mil\u00edcia ou a suas atividades econ\u00f4micas.<\/p>\n<p>\u201cN\u00e3o queria pagar a tal contribui\u00e7\u00e3o, mas acabei me rendendo. Todo mundo paga, e eles passaram a colocar os adesivos nas casas. Achei melhor n\u00e3o ser a \u00fanica diferente por aqui\u201d, disse uma moradora ao jornal.<\/p>\n<p>Embora n\u00e3o seja a \u00fanica fonte de renda, a compra e venda de im\u00f3veis tem sido um neg\u00f3cio lucrativo para os grupos paramilitares. A queda de dois pr\u00e9dios<a href=\"https:\/\/www.redebrasilatual.com.br\/cidadania\/2019\/04\/predios-em-muzema-possuem-suspeita-de-serem-construidos-pela-milicia\/\">\u00a0na comunidade da Muzema<\/a>, na zona oeste da cidade, que matou 24 pessoas em 12 de abril, revelou a sofistica\u00e7\u00e3o das opera\u00e7\u00f5es de milicianos no setor imobili\u00e1rio. Os apartamentos eram constru\u00eddos e vendidos de maneira irregular, sem licen\u00e7a ou fiscaliza\u00e7\u00e3o.<\/p>\n<p>As liga\u00e7\u00f5es pol\u00edticas tamb\u00e9m s\u00e3o delicadas, com milicianos sendo homenageados na Assembleia Legislativa do Rio de Janeiro (Alerj), como Adriano da N\u00f3brega, acusado de comandar uma das maiores mil\u00edcias do estado e de pertencer ao chamado Escrit\u00f3rio do Crime.\u00a0<a href=\"https:\/\/www.redebrasilatual.com.br\/politica\/2019\/01\/proximidade-com-parentes-de-miliciano-levanta-duvidas-sobre-flavio-bolsonaro\/\">Adriano foi homenageado por Fl\u00e1vio Bolsonaro<\/a>, filho do presidente Jair Bolsonaro, na Alerj, em 2003.<\/p>\n<p>A influ\u00eancia desses grupos na Casa Legislativa n\u00e3o ficou no passado. A Pol\u00edcia Civil cumpriu, na \u00faltima ter\u00e7a-feira (21), 19 mandados de busca e apreens\u00e3o relacionados ao assassinato de um pol\u00edtico na Baixada Fluminense. Um dos alvos da opera\u00e7\u00e3o foi o deputado estadual Vandro Familia (SD), suspeito de integrar um grupo de exterm\u00ednio na regi\u00e3o. Preso anteriormente por envolvimento com mil\u00edcias e acusa\u00e7\u00e3o de homic\u00eddio, na cidade de Mag\u00e9, Vandro \u00e9 um dos aliados do governador Witzel, na Alerj.<\/p>\n<p>No in\u00edcio deste m\u00eas, quando o governador do estado aumentou o valor do Regime Adicional de Servi\u00e7o (RAS) pago aos policiais militares e civis, Vandro apareceu em um v\u00eddeo ao lado de Witzel, que o agradeceu pelo seu apoio na Alerj.<\/p>\n<p><strong>Fonte: Rede Brasil Atual<\/strong><\/p>\n","protected":false},"excerpt":{"rendered":"<p>A atua\u00e7\u00e3o de grupos\u00a0milicianos\u00a0segue forte no\u00a0Rio de Janeiro. Segundo reportagem do jornal\u00a0O Globo, o grupo paramilitar criou uma esp\u00e9cie de bairro na zona norte da capital. A \u00e1rea residencial foi cercada por cancelas e as casas daqueles que realizam o pagamento de uma taxa de R$ 20 para seguran\u00e7a s\u00e3o marcadas com um selo sinalizando [&hellip;]<\/p>\n","protected":false},"author":2,"featured_media":6749,"comment_status":"","ping_status":"","sticky":false,"template":"","format":"standard","meta":{"footnotes":""},"categories":[3],"tags":[],"class_list":["post-6750","post","type-post","status-publish","format-standard","has-post-thumbnail","hentry","category-noticias"],"_links":{"self":[{"href":"https:\/\/hostnetart.com.br\/baixada\/wp-json\/wp\/v2\/posts\/6750","targetHints":{"allow":["GET"]}}],"collection":[{"href":"https:\/\/hostnetart.com.br\/baixada\/wp-json\/wp\/v2\/posts"}],"about":[{"href":"https:\/\/hostnetart.com.br\/baixada\/wp-json\/wp\/v2\/types\/post"}],"author":[{"embeddable":true,"href":"https:\/\/hostnetart.com.br\/baixada\/wp-json\/wp\/v2\/users\/2"}],"replies":[{"embeddable":true,"href":"https:\/\/hostnetart.com.br\/baixada\/wp-json\/wp\/v2\/comments?post=6750"}],"version-history":[{"count":0,"href":"https:\/\/hostnetart.com.br\/baixada\/wp-json\/wp\/v2\/posts\/6750\/revisions"}],"wp:featuredmedia":[{"embeddable":true,"href":"https:\/\/hostnetart.com.br\/baixada\/wp-json\/wp\/v2\/media\/6749"}],"wp:attachment":[{"href":"https:\/\/hostnetart.com.br\/baixada\/wp-json\/wp\/v2\/media?parent=6750"}],"wp:term":[{"taxonomy":"category","embeddable":true,"href":"https:\/\/hostnetart.com.br\/baixada\/wp-json\/wp\/v2\/categories?post=6750"},{"taxonomy":"post_tag","embeddable":true,"href":"https:\/\/hostnetart.com.br\/baixada\/wp-json\/wp\/v2\/tags?post=6750"}],"curies":[{"name":"wp","href":"https:\/\/api.w.org\/{rel}","templated":true}]}}