{"id":6748,"date":"2019-05-23T17:40:48","date_gmt":"2019-05-23T20:40:48","guid":{"rendered":"https:\/\/hostnetart.com.br\/baixada\/desemprego-informalidade-e-reforma-da-previdencia-tornam-aposentadoria-um-sonho-distante\/"},"modified":"2019-05-23T17:40:48","modified_gmt":"2019-05-23T20:40:48","slug":"desemprego-informalidade-e-reforma-da-previdencia-tornam-aposentadoria-um-sonho-distante","status":"publish","type":"post","link":"https:\/\/hostnetart.com.br\/baixada\/desemprego-informalidade-e-reforma-da-previdencia-tornam-aposentadoria-um-sonho-distante\/","title":{"rendered":"Desemprego, informalidade e \u2018reforma\u2019 da Previd\u00eancia tornam aposentadoria um sonho distante"},"content":{"rendered":"<p>Com o aumento do\u00a0<a href=\"https:\/\/www.redebrasilatual.com.br\/economia\/2019\/05\/desemprego-sobe-na-maior-parte-do-pais-nordeste-tem-mais-desalentados\/\">desemprego<\/a>, que atingiu 12,7% no primeiro trimestre de 2019, cada vez mais trabalhadores v\u00e3o para a\u00a0<strong>informalidade<\/strong>. S\u00e3o mais de 30 milh\u00f5es de pessoas, um em cada quatro brasileiros, trabalhando em condi\u00e7\u00e3o prec\u00e1ria, sem direitos, de acordo com IBGE. Pesquisa do projeto\u00a0<a href=\"https:\/\/www.redebrasilatual.com.br\/trabalho\/2019\/02\/nao-existe-empreendedorismo-mas-gestao-da-sobrevivencia-diz-pesquisadora\/\">Reconex\u00e3o Periferias<\/a>, da Funda\u00e7\u00e3o Perseu Abramo, revela que, por tr\u00e1s do discurso do empreendedorismo individual, se agrava o\u00a0antigo padr\u00e3o de trabalho informal, com longas jornadas de trabalho, p\u00e9ssimas condi\u00e7\u00f5es de trabalho, sem rede de prote\u00e7\u00e3o.<\/p>\n<p>O estudo analisou\u00a0seis categorias de trabalhadores informais em cinco regi\u00f5es do pa\u00eds: motoboys ou mototaxistas, vendedores ambulantes, dom\u00e9sticas e manicures, constru\u00e7\u00e3o civil e confec\u00e7\u00e3o. Um dos movimentos captados foi que a\u00a0figura do Microempreendedor Individual (MEI), que deveria aumentar a formaliza\u00e7\u00e3o, na verdade, teve um efeito contr\u00e1rio.<\/p>\n<p>\u201cO que a gente consegue ver \u00e9 que o MEI tem sido utilizado para substituir a carteira de trabalho. Tem sido utilizado para quem estava (contratado) via CLT, com todos os direitos trabalhistas, e agora \u00e9 um MEI prestador de servi\u00e7o. Continua fazendo a mesma coisa, mas sem os direitos que tinha antes\u201d, afirma a coordenadora executiva da pesquisa,\u00a0L\u00e9a Marques, ao rep\u00f3rter do\u00a0<em>Seu Jornal<\/em>, da\u00a0<strong>TVT<\/strong>, Andr\u00e9 Gianocari.<\/p>\n<h2>DIA A DIA<\/h2>\n<p>\u201cCom o desemprego, vai chegando mais gente no mercado informal, mais gente querendo trabalhar. A pessoa n\u00e3o sabe como vai fazer. Ent\u00e3o ele compra uma mercadoria e coloca em qualquer lugar, porque ele quer vender, quer ganhar o seu p\u00e3o\u201d, afirma o\u00a0coordenador do F\u00f3rum de Ambulantes de S\u00e3o Paulo, Gilson Nunes.<\/p>\n<p>Al\u00e9m da falta de direitos, esses os ambulantes ainda enfrentam o risco de terem suas mercadorias apreendidas pela pol\u00edcia. \u201cJ\u00e1 perdi quatro vezes o carinho. Mas a gente n\u00e3o pode desanimar. Eles levam, a gente compra outro carrinho e vai para a luta novamente\u201d, diz o vendedor ambulante Thiago Barbosa.<\/p>\n<p>A vendedora Margarida Veras Jorge relata a sua rotina de trabalho. Sete dias por semana, sem f\u00e9rias, sem d\u00e9cimo-terceiro. A proposta de\u00a0<a href=\"https:\/\/www.redebrasilatual.com.br\/politica\/2019\/05\/nao-e-reforma-da-previdencia-e-o-fim-do-estado-de-bem-estar-social-e-da-constituicao\/\">\u201creforma\u201d da Previd\u00eancia<\/a>\u00a0do governo Bolsonaro pode prolongar a situa\u00e7\u00e3o de maneira quase indefinida. \u201cSe tiver chuva, venho trabalhar e abrir a banca. Se tem sol, venho trabalhar e abrir a banca. Trabalho das oito da manh\u00e3 \u00e0s onze da noite. \u00c9 bem puxado s\u00e3o mais de 12 horas por dia.\u00a0Se n\u00e3o der uma melhorada para a gente, porque est\u00e1 dif\u00edcil, acho que vou ter que trabalhar at\u00e9 os 80 ou 90 anos para ter uma aposentadoria\u201d, lamenta.<\/p>\n<p><strong>Fonte: Rede Brasil Atual<\/strong><\/p>\n","protected":false},"excerpt":{"rendered":"<p>Com o aumento do\u00a0desemprego, que atingiu 12,7% no primeiro trimestre de 2019, cada vez mais trabalhadores v\u00e3o para a\u00a0informalidade. S\u00e3o mais de 30 milh\u00f5es de pessoas, um em cada quatro brasileiros, trabalhando em condi\u00e7\u00e3o prec\u00e1ria, sem direitos, de acordo com IBGE. Pesquisa do projeto\u00a0Reconex\u00e3o Periferias, da Funda\u00e7\u00e3o Perseu Abramo, revela que, por tr\u00e1s do discurso [&hellip;]<\/p>\n","protected":false},"author":2,"featured_media":6747,"comment_status":"","ping_status":"","sticky":false,"template":"","format":"standard","meta":{"footnotes":""},"categories":[3],"tags":[],"class_list":["post-6748","post","type-post","status-publish","format-standard","has-post-thumbnail","hentry","category-noticias"],"_links":{"self":[{"href":"https:\/\/hostnetart.com.br\/baixada\/wp-json\/wp\/v2\/posts\/6748","targetHints":{"allow":["GET"]}}],"collection":[{"href":"https:\/\/hostnetart.com.br\/baixada\/wp-json\/wp\/v2\/posts"}],"about":[{"href":"https:\/\/hostnetart.com.br\/baixada\/wp-json\/wp\/v2\/types\/post"}],"author":[{"embeddable":true,"href":"https:\/\/hostnetart.com.br\/baixada\/wp-json\/wp\/v2\/users\/2"}],"replies":[{"embeddable":true,"href":"https:\/\/hostnetart.com.br\/baixada\/wp-json\/wp\/v2\/comments?post=6748"}],"version-history":[{"count":0,"href":"https:\/\/hostnetart.com.br\/baixada\/wp-json\/wp\/v2\/posts\/6748\/revisions"}],"wp:featuredmedia":[{"embeddable":true,"href":"https:\/\/hostnetart.com.br\/baixada\/wp-json\/wp\/v2\/media\/6747"}],"wp:attachment":[{"href":"https:\/\/hostnetart.com.br\/baixada\/wp-json\/wp\/v2\/media?parent=6748"}],"wp:term":[{"taxonomy":"category","embeddable":true,"href":"https:\/\/hostnetart.com.br\/baixada\/wp-json\/wp\/v2\/categories?post=6748"},{"taxonomy":"post_tag","embeddable":true,"href":"https:\/\/hostnetart.com.br\/baixada\/wp-json\/wp\/v2\/tags?post=6748"}],"curies":[{"name":"wp","href":"https:\/\/api.w.org\/{rel}","templated":true}]}}