{"id":6744,"date":"2019-05-22T15:09:44","date_gmt":"2019-05-22T18:09:44","guid":{"rendered":"https:\/\/hostnetart.com.br\/baixada\/conta-de-luz-bandeiras-tarifarias-aumentam-ate-50-a-partir-de-junho\/"},"modified":"2019-05-22T15:09:44","modified_gmt":"2019-05-22T18:09:44","slug":"conta-de-luz-bandeiras-tarifarias-aumentam-ate-50-a-partir-de-junho","status":"publish","type":"post","link":"https:\/\/hostnetart.com.br\/baixada\/conta-de-luz-bandeiras-tarifarias-aumentam-ate-50-a-partir-de-junho\/","title":{"rendered":"Conta de luz: Bandeiras tarif\u00e1rias aumentam at\u00e9 50% a partir de junho"},"content":{"rendered":"<p>A Ag\u00eancia Nacional de Energia El\u00e9trica (Aneel) aprovou ontem (21) o <a href=\"http:\/\/www.aneel.gov.br\/sala-de-imprensa-exibicao\/-\/asset_publisher\/XGPXSqdMFHrE\/content\/aneel-atualiza-metodologia-de-acionamento-das-bandeiras-tarifarias\/656877?inheritRedirect=false&amp;redirect=http%3A%2F%2Fwww.aneel.gov.br%2Fsala-de-imprensa-exibicao%3Fp_p_id%3D101_INSTANCE_XGPXSqdMFHrE%26p_p_lifecycle%3D0%26p_p_state%3Dnormal%26p_p_mode%3Dview%26p_p_col_id%3Dcolumn-2%26p_p_col_count%3D3\">aumento dos valores<\/a> das bandeiras tarif\u00e1rias da conta de luz. O sistema \u00e9 utilizado em per\u00edodos de pouca chuva, quando as hidrel\u00e9tricas n\u00e3o d\u00e3o conta da demanda e \u00e9 preciso utilizar a energia gerada pelas termel\u00e9tricas, de custo mais elevado. A partir de 1\u00ba de junho, a bandeira vermelha patamar 2, n\u00edvel mais alto de uso de energia das termel\u00e9tricas, passar\u00e1 de R$ 5 a cada 100 quilowatts-hora (KWh) consumidos para R$ 6. Junto ao aumento do g\u00e1s de cozinha, dos combust\u00edveis e dos alimentos, esse aumento deve <a href=\"https:\/\/www.redebrasilatual.com.br\/economia\/2019\/05\/inflacao-mantem-tendencia-de-alta-remedios-e-gasolina-sobem\/\">elevar a infla\u00e7\u00e3o<\/a>.<\/p>\n<p>A Aneel justificou o aumento das bandeiras tarif\u00e1rias da conta de luz por uma mudan\u00e7a na metodologia de avalia\u00e7\u00e3o do risco de falta de \u00e1gua nas hidrel\u00e9tricas, que pretende repassar aos consumidores um valor mais pr\u00f3ximo do custo real pela produ\u00e7\u00e3o e transmiss\u00e3o da energia. A bandeira amarela aumentou de R$ 1,00 a cada 100 KWh para R$ 1,50, um aumento de 50%. J\u00e1 a vermelha patamar 1 passou de R$ 3,00 para R$ 4,00 (cerca de 33%) a cada 100 KWh consumidos. A bandeira verde n\u00e3o causa aumento no custo da energia. A tarifa b\u00e1sica, que \u00e9 diferente para cada distribuidora, n\u00e3o ter\u00e1 aumento no momento.<\/p>\n<p>Uma eventual redu\u00e7\u00e3o das tarifas da conta de luz est\u00e1 descartada esse ano. Havia especula\u00e7\u00e3o de que, por conta das bandeiras tarif\u00e1rias aplicadas nos \u00faltimos anos, a tarifa tivesse uma redu\u00e7\u00e3o de at\u00e9 4%. Agora a agencia avalia a possibilidade de uma redu\u00e7\u00e3o de at\u00e9 5% na tarifa b\u00e1sica da conta de luz em 2020, mas n\u00e3o h\u00e1 defini\u00e7\u00e3o.<\/p>\n<p>Al\u00e9m do aumento na conta de luz, desde o in\u00edcio do governo de Jair Bolsonaro (PSL) at\u00e9 o final de abril, o pre\u00e7o da gasolina nas refinarias aumentou 31%, ultrapassando os R$ 5 em alguns postos. O <a href=\"https:\/\/www.redebrasilatual.com.br\/eleicoes-2018\/2018\/10\/preco-d-gas-de-cozinha-ligado-ao-mercado-penaliza-os-pobres-diz-fup\/\">g\u00e1s de cozinha<\/a> teve dois aumentos esse ano, subindo quase 5% em todo o pa\u00eds. Ao mesmo tempo, o Banco Central elevou a expectativa de infla\u00e7\u00e3o para 2019 de 4,04% para 4,07%, valor que ainda pode aumentar at\u00e9 o final do ano.<\/p>\n<p>Fonte: Rede Brasil Atual<\/p>\n","protected":false},"excerpt":{"rendered":"<p>A Ag\u00eancia Nacional de Energia El\u00e9trica (Aneel) aprovou ontem (21) o aumento dos valores das bandeiras tarif\u00e1rias da conta de luz. O sistema \u00e9 utilizado em per\u00edodos de pouca chuva, quando as hidrel\u00e9tricas n\u00e3o d\u00e3o conta da demanda e \u00e9 preciso utilizar a energia gerada pelas termel\u00e9tricas, de custo mais elevado. A partir de 1\u00ba [&hellip;]<\/p>\n","protected":false},"author":2,"featured_media":6743,"comment_status":"","ping_status":"","sticky":false,"template":"","format":"standard","meta":{"footnotes":""},"categories":[3],"tags":[],"class_list":["post-6744","post","type-post","status-publish","format-standard","has-post-thumbnail","hentry","category-noticias"],"_links":{"self":[{"href":"https:\/\/hostnetart.com.br\/baixada\/wp-json\/wp\/v2\/posts\/6744","targetHints":{"allow":["GET"]}}],"collection":[{"href":"https:\/\/hostnetart.com.br\/baixada\/wp-json\/wp\/v2\/posts"}],"about":[{"href":"https:\/\/hostnetart.com.br\/baixada\/wp-json\/wp\/v2\/types\/post"}],"author":[{"embeddable":true,"href":"https:\/\/hostnetart.com.br\/baixada\/wp-json\/wp\/v2\/users\/2"}],"replies":[{"embeddable":true,"href":"https:\/\/hostnetart.com.br\/baixada\/wp-json\/wp\/v2\/comments?post=6744"}],"version-history":[{"count":0,"href":"https:\/\/hostnetart.com.br\/baixada\/wp-json\/wp\/v2\/posts\/6744\/revisions"}],"wp:featuredmedia":[{"embeddable":true,"href":"https:\/\/hostnetart.com.br\/baixada\/wp-json\/wp\/v2\/media\/6743"}],"wp:attachment":[{"href":"https:\/\/hostnetart.com.br\/baixada\/wp-json\/wp\/v2\/media?parent=6744"}],"wp:term":[{"taxonomy":"category","embeddable":true,"href":"https:\/\/hostnetart.com.br\/baixada\/wp-json\/wp\/v2\/categories?post=6744"},{"taxonomy":"post_tag","embeddable":true,"href":"https:\/\/hostnetart.com.br\/baixada\/wp-json\/wp\/v2\/tags?post=6744"}],"curies":[{"name":"wp","href":"https:\/\/api.w.org\/{rel}","templated":true}]}}